{"id":86148,"date":"2023-07-16T09:36:06","date_gmt":"2023-07-16T06:36:06","guid":{"rendered":"https:\/\/giurgiu-net.ro\/?p=86148"},"modified":"2023-07-16T09:36:07","modified_gmt":"2023-07-16T06:36:07","slug":"video-scandal-la-bucsani-primarul-a-impiedicat-desfasurarea-unui-meci-de-fotbal-cu-buldoexcavatorul-disperare-rautate-sau-prostie","status":"publish","type":"post","link":"https:\/\/giurgiu-net.ro\/index.php\/2023\/07\/16\/video-scandal-la-bucsani-primarul-a-impiedicat-desfasurarea-unui-meci-de-fotbal-cu-buldoexcavatorul-disperare-rautate-sau-prostie\/","title":{"rendered":"VIDEO! SCANDAL la Buc\u015fani. Primarul a \u00eempiedicat desf\u0103\u015furarea unui meci de fotbal, cu buldoexcavatorul. Disperare, r\u0103utate sau prostie?"},"content":{"rendered":"\n<p>\u00cen Buc\u015fani, a fost \u00eenfiin\u0163at\u0103, \u00een urm\u0103 cu vreo \u015fase decenii, o echip\u0103 de fotbal din care au f\u0103cut parte bunicii \u015fi p\u0103rin\u0163ii tinerilor care vor \u015fi ei acum s\u0103 \u00ee\u015fi petreac\u0103 timpul liber practic\u00e2nd acest sport.<\/p>\n\n\n\n<p><strong>AS Voin\u0163a Podi\u015for<\/strong> se nume\u015fte echipa pe care c\u00e2\u0163iva cet\u0103\u0163eni, printre care social-democra\u0163ii Ionel Rizea \u015fi \u015etefan Preda, au re\u00eenfiin\u0163at-o \u015fi din care fac parte giurgiuveni din Buc\u015fani, cu v\u00e2rste \u00eentre 16 \u015fi 30 de ani.<\/p>\n\n\n\n<p>\u00cen condi\u0163iile \u00een care toat\u0103 lumea vorbe\u015fte despre o via\u0163\u0103 s\u0103n\u0103toas\u0103 prin practicarea unui sport, despre convingerea tinerilor s\u0103 lase calculatorul, telefonul \u015fi tabletele ca s\u0103 fac\u0103 mi\u015fcare, la Buc\u015fani, ambi\u0163iile politice bat orice logic\u0103. Vorbim despre ambi\u0163iile politice ale primarul Dan P\u0103sat(cic\u0103 independent, dar extrem de sus\u0163inut de PNL) care au transformat ceea ce trebuia s\u0103 fie o sear\u0103 antrenant\u0103 pentru fotbali\u015fti \u015fi public, \u00eentr-un scandal f\u0103r\u0103 sens.<\/p>\n\n\n\n<p><strong>Seara trecut\u0103, pe terenul de sport din Podi\u015for, trebuia s\u0103 aib\u0103 loc, de la ora 18.30, partida amical\u0103 dintre AS Voin\u0163a Podi\u015for \u015fi Progresul Palanca, un meci promovat inclusiv pe re\u0163elele de socializare.<\/strong><\/p>\n\n\n\n<p>C\u00e2nd au ajuns acolo, organizatorii \u015fi sportivii <em>s-au trezit cu un buldoexcavator \u015fi un tractor, trimise de Prim\u0103rie s\u0103 toaleteze zona&#8230; <\/em>Fix atunci. Fix s\u00e2mb\u0103t\u0103 seara, la ora 18.30, s-au trezit ei c\u0103 trebuie s\u0103 taie copacii \u015fi s\u0103 ude gazonul \u015fi s\u0103 spele por\u0163ile.<\/p>\n\n\n\n<p>La fa\u0163a locului era deja \u015fi Poli\u0163ia, dar \u015fi Jandarmeria. Dar, se pare c\u0103 nu pentru a asigura paza la meci, ci mai degrab\u0103 pentru a se asigura c\u0103 sportivii nu intr\u0103 pe teren. Spunem asta pentru c\u0103, din film\u0103rile pe care le-am v\u0103zut, unul dintre poli\u0163i\u015fti le spune organizatorilor c\u0103, <strong>f\u0103r\u0103 acordul Consiliului Local, nu pot intra pe teren.<\/strong><\/p>\n\n\n\n<p>C\u00e2t despre acordul respectiv, \u015etefan Preda ne-a declarat c\u0103 a f\u0103cut o solicitare \u00een scris c\u0103tre Prim\u0103rie, cer\u00e2nd accesul pe teren, s\u00e2mb\u0103t\u0103, 15 iulie, \u00eentre orele 17.30 \u015fi 21.00. R\u0103spunsul a venit tot \u00een scris de la viceprimar care, fi\u0163i \u015fi voi aten\u0163i, zice asa: <em><strong>\u201eprimarul este \u00een concediu de odihn\u0103\u201d.<\/strong><\/em> At\u00e2t. Nici n-ave\u0163i voie, nici juca\u0163i lini\u015fti\u0163i, nimic. Halal r\u0103spuns institu\u0163ional&#8230; B\u0103taie de joc, nesim\u0163ire \u015fi tupeu!<\/p>\n\n\n\n<figure class=\"wp-block-video\"><video height=\"848\" style=\"aspect-ratio: 480 \/ 848;\" width=\"480\" controls src=\"https:\/\/giurgiu-net.ro\/wp-content\/uploads\/2023\/07\/VIDEO-1.mp4\"><\/video><\/figure>\n\n\n\n<p>Ieri sear\u0103, la fa\u0163a locului, \u00eempreun\u0103 cu buldo au fost trimi\u015fi \u015fi doi consilieri locali ai PNL. Degeaba au \u00eencercat organizatorii s\u0103 \u00eei conving\u0103 s\u0103 \u00eei lase pe tineri s\u0103 joace, b\u0103ie\u0163ii aveau ordine clare: NU l\u0103sa\u0163i s\u0103 se desf\u0103\u015foare acest meci!<\/p>\n\n\n\n<p><strong><em>\u201eDe ce nu ne l\u0103sa\u0163i s\u0103 juc\u0103m fotbal?\u201d, \u201eC\u0103 mi-i pun \u00een cap pe ceilal\u0163i\u201d(<\/em><\/strong>discu\u0163ie \u00een video cu nr. 3)<\/p>\n\n\n\n<p>Au \u00eenceput s\u0103 arunce pisica \u00een curtea celui care are \u00een adminstrare terenul. Domnul cu pricina, \u00eens\u0103, ridica din umeri \u015fi spunea c\u0103 nu are el niciun drept s\u0103 permit\u0103 accesul echipelor de fotbal acolo.<\/p>\n\n\n\n<figure class=\"wp-block-video\"><video height=\"848\" style=\"aspect-ratio: 480 \/ 848;\" width=\"480\" controls src=\"https:\/\/giurgiu-net.ro\/wp-content\/uploads\/2023\/07\/video-2-1.mp4\"><\/video><\/figure>\n\n\n\n<figure class=\"wp-block-video\"><video height=\"848\" style=\"aspect-ratio: 480 \/ 848;\" width=\"480\" controls src=\"https:\/\/giurgiu-net.ro\/wp-content\/uploads\/2023\/07\/video-3.mp4\"><\/video><\/figure>\n\n\n\n<p>B\u0103i, b\u0103ie\u0163i de la PNL, m\u0103i, domn\u2019 primar, chiar nu v\u0103 este ru\u015fine? Cu ce v\u0103 deranjau copiii care voiau \u015fi ei s\u0103 joace un meci de fotbal? Cu ce v\u0103 deranjeaz\u0103 c\u0103 se dore\u015fte sus\u0163inerea echipei de fotbal a comunei? V\u0103 deranjeaz\u0103, de fapt, c\u0103 n-a\u0163i re\u00eenfiin\u0163at-o dumneavoastr\u0103? V\u0103 e fric\u0103 de concuren\u0163\u0103? \u015ei chiar de ar fi a\u015fa, de ce nu face\u0163i \u015fi voi ceva \u015fi mai mi\u015fto? De ce prefera\u0163i s\u0103 v\u0103 face\u0163i de r\u00e2s \u00een tot jude\u0163ul \u015fi peste hotarele acestuia?<\/p>\n\n\n\n<p>Ru\u015fine!<\/p>\n","protected":false},"excerpt":{"rendered":"<p>\u00cen Buc\u015fani, a fost \u00eenfiin\u0163at\u0103, \u00een urm\u0103 cu vreo \u015fase decenii, o echip\u0103 de fotbal din care au f\u0103cut parte bunicii \u015fi p\u0103rin\u0163ii tinerilor care vor \u015fi ei acum s\u0103 \u00ee\u015fi petreac\u0103 timpul liber practic\u00e2nd acest sport. AS Voin\u0163a Podi\u015for se nume\u015fte echipa pe care c\u00e2\u0163iva cet\u0103\u0163eni, printre care social-democra\u0163ii Ionel Rizea \u015fi \u015etefan Preda, [&hellip;]<\/p>\n","protected":false},"author":1,"featured_media":86153,"comment_status":"open","ping_status":"open","sticky":false,"template":"","format":"standard","meta":{"slim_seo":{"title":"VIDEO! SCANDAL la Buc\u015fani. Primarul a \u00eempiedicat desf\u0103\u015furarea unui meci de fotbal, cu buldoexcavatorul. Disperare, r\u0103utate sau prostie? - GIURGIU NET","description":"\u00cen Buc\u015fani, a fost \u00eenfiin\u0163at\u0103, \u00een urm\u0103 cu vreo \u015fase decenii, o echip\u0103 de fotbal din care au f\u0103cut parte bunicii \u015fi p\u0103rin\u0163ii tinerilor care vor \u015fi ei acum s\u0103 \u00ee\u015fi"},"footnotes":""},"categories":[18,25,26,27,28],"tags":[2941],"class_list":{"0":"post-86148","1":"post","2":"type-post","3":"status-publish","4":"format-standard","5":"has-post-thumbnail","7":"category-actual","8":"category-pol","9":"category-soc","10":"category-spo","11":"category-uo","12":"tag-bucsani-2"},"_links":{"self":[{"href":"https:\/\/giurgiu-net.ro\/index.php\/wp-json\/wp\/v2\/posts\/86148","targetHints":{"allow":["GET"]}}],"collection":[{"href":"https:\/\/giurgiu-net.ro\/index.php\/wp-json\/wp\/v2\/posts"}],"about":[{"href":"https:\/\/giurgiu-net.ro\/index.php\/wp-json\/wp\/v2\/types\/post"}],"author":[{"embeddable":true,"href":"https:\/\/giurgiu-net.ro\/index.php\/wp-json\/wp\/v2\/users\/1"}],"replies":[{"embeddable":true,"href":"https:\/\/giurgiu-net.ro\/index.php\/wp-json\/wp\/v2\/comments?post=86148"}],"version-history":[{"count":0,"href":"https:\/\/giurgiu-net.ro\/index.php\/wp-json\/wp\/v2\/posts\/86148\/revisions"}],"wp:featuredmedia":[{"embeddable":true,"href":"https:\/\/giurgiu-net.ro\/index.php\/wp-json\/wp\/v2\/media\/86153"}],"wp:attachment":[{"href":"https:\/\/giurgiu-net.ro\/index.php\/wp-json\/wp\/v2\/media?parent=86148"}],"wp:term":[{"taxonomy":"category","embeddable":true,"href":"https:\/\/giurgiu-net.ro\/index.php\/wp-json\/wp\/v2\/categories?post=86148"},{"taxonomy":"post_tag","embeddable":true,"href":"https:\/\/giurgiu-net.ro\/index.php\/wp-json\/wp\/v2\/tags?post=86148"}],"curies":[{"name":"wp","href":"https:\/\/api.w.org\/{rel}","templated":true}]}}