{"id":86144,"date":"2023-07-14T15:39:46","date_gmt":"2023-07-14T12:39:46","guid":{"rendered":"https:\/\/giurgiu-net.ro\/?p=86144"},"modified":"2023-07-14T15:39:47","modified_gmt":"2023-07-14T12:39:47","slug":"deputat-marian-mina-gata-drula-e-timpul-sa-i-demiti-si-tu-pe-toti-usr-istii-care-au-aceeasi-raspundere-politica-in-cazul-centrelor-pentru-batrani","status":"publish","type":"post","link":"https:\/\/giurgiu-net.ro\/index.php\/2023\/07\/14\/deputat-marian-mina-gata-drula-e-timpul-sa-i-demiti-si-tu-pe-toti-usr-istii-care-au-aceeasi-raspundere-politica-in-cazul-centrelor-pentru-batrani\/","title":{"rendered":"Deputat Marian Mina: &#8222;Gata, Drul\u0103, e timpul s\u0103-i demi\u0163i \u015fi tu pe to\u0163i USR-i\u015ftii care au aceea\u015fi r\u0103spundere politic\u0103 \u00een cazul centrelor pentru b\u0103tr\u00e2ni&#8221;"},"content":{"rendered":"\n<p>&#8222;Gata, Drul\u0103, e timpul s\u0103-i demi\u0163i \u015fi tu pe to\u0163i USR-i\u015ftii care au aceea\u015fi r\u0103spundere politic\u0103 \u00een cazul centrelor pentru b\u0103tr\u00e2ni. Po\u0163i \u00eencepe cu primarii vo\u015ftri care au avut centre sociale cu nereguli grave!<br>Ceea ce au f\u0103cut cei doi mini\u015ftri ai PSD, prin demisiile lor, este o chestiune de ONOARE pe care, p\u00e2n\u0103 acum, doar ei au dovedit c\u0103 o au. De asemenea, premierul Marcel Ciolacu este singurul decident politic care a luat m\u0103suri ferme \u00een acest caz!<br>\u00cen curtea voastr\u0103, USR-i\u015fti, voi trebuie s\u0103 face\u0163i cur\u0103\u0163enie, dac\u0103 mai ave\u0163i un pic de decen\u0163\u0103 \u015fi de bun sim\u0163. A\u0163i f\u0103cut scut, destul, \u00een jurul tuturor penalilor vo\u015ftri.<br>Este timpul ca TO\u0162I cei cu r\u0103spundere politic\u0103 s\u0103 \u00ee\u015fi dea demisia: de la cei care au acreditat centrele \u015fi p\u00e2n\u0103 la cei care au fost informa\u0163i \u015fi nu au f\u0103cut nimic, din 2020 p\u00e2n\u0103 \u00een prezent!&#8221;- pre\u015fedinte PSD Giurgiu, deputat Marian Mina.<\/p>\n","protected":false},"excerpt":{"rendered":"<p>&#8222;Gata, Drul\u0103, e timpul s\u0103-i demi\u0163i \u015fi tu pe to\u0163i USR-i\u015ftii care au aceea\u015fi r\u0103spundere politic\u0103 \u00een cazul centrelor pentru b\u0103tr\u00e2ni. Po\u0163i \u00eencepe cu primarii vo\u015ftri care au avut centre sociale cu nereguli grave!Ceea ce au f\u0103cut cei doi mini\u015ftri ai PSD, prin demisiile lor, este o chestiune de ONOARE pe care, p\u00e2n\u0103 acum, doar [&hellip;]<\/p>\n","protected":false},"author":1,"featured_media":85439,"comment_status":"open","ping_status":"open","sticky":false,"template":"","format":"standard","meta":{"slim_seo":{"title":"Deputat Marian Mina: \"Gata, Drul\u0103, e timpul s\u0103-i demi\u0163i \u015fi tu pe to\u0163i USR-i\u015ftii care au aceea\u015fi r\u0103spundere politic\u0103 \u00een cazul centrelor pentru b\u0103tr\u00e2ni\" - GIURGIU NET","description":"\"Gata, Drul\u0103, e timpul s\u0103-i demi\u0163i \u015fi tu pe to\u0163i USR-i\u015ftii care au aceea\u015fi r\u0103spundere politic\u0103 \u00een cazul centrelor pentru b\u0103tr\u00e2ni. Po\u0163i \u00eencepe cu primarii vo\u015ftri"},"footnotes":""},"categories":[18,25,26],"tags":[1626],"class_list":{"0":"post-86144","1":"post","2":"type-post","3":"status-publish","4":"format-standard","5":"has-post-thumbnail","7":"category-actual","8":"category-pol","9":"category-soc","10":"tag-marian-mina"},"_links":{"self":[{"href":"https:\/\/giurgiu-net.ro\/index.php\/wp-json\/wp\/v2\/posts\/86144","targetHints":{"allow":["GET"]}}],"collection":[{"href":"https:\/\/giurgiu-net.ro\/index.php\/wp-json\/wp\/v2\/posts"}],"about":[{"href":"https:\/\/giurgiu-net.ro\/index.php\/wp-json\/wp\/v2\/types\/post"}],"author":[{"embeddable":true,"href":"https:\/\/giurgiu-net.ro\/index.php\/wp-json\/wp\/v2\/users\/1"}],"replies":[{"embeddable":true,"href":"https:\/\/giurgiu-net.ro\/index.php\/wp-json\/wp\/v2\/comments?post=86144"}],"version-history":[{"count":0,"href":"https:\/\/giurgiu-net.ro\/index.php\/wp-json\/wp\/v2\/posts\/86144\/revisions"}],"wp:featuredmedia":[{"embeddable":true,"href":"https:\/\/giurgiu-net.ro\/index.php\/wp-json\/wp\/v2\/media\/85439"}],"wp:attachment":[{"href":"https:\/\/giurgiu-net.ro\/index.php\/wp-json\/wp\/v2\/media?parent=86144"}],"wp:term":[{"taxonomy":"category","embeddable":true,"href":"https:\/\/giurgiu-net.ro\/index.php\/wp-json\/wp\/v2\/categories?post=86144"},{"taxonomy":"post_tag","embeddable":true,"href":"https:\/\/giurgiu-net.ro\/index.php\/wp-json\/wp\/v2\/tags?post=86144"}],"curies":[{"name":"wp","href":"https:\/\/api.w.org\/{rel}","templated":true}]}}