{"id":86142,"date":"2023-07-14T12:21:59","date_gmt":"2023-07-14T09:21:59","guid":{"rendered":"https:\/\/giurgiu-net.ro\/?p=86142"},"modified":"2023-07-14T12:21:59","modified_gmt":"2023-07-14T09:21:59","slug":"controalele-la-centrele-de-asistenta-sociala-din-giurgiu-continua-noi-amenzi-noi-masuri-de-oprire-temporara-a-activitatii","status":"publish","type":"post","link":"https:\/\/giurgiu-net.ro\/index.php\/2023\/07\/14\/controalele-la-centrele-de-asistenta-sociala-din-giurgiu-continua-noi-amenzi-noi-masuri-de-oprire-temporara-a-activitatii\/","title":{"rendered":"Controalele la centrele de asisten\u0163\u0103 social\u0103 din Giurgiu continu\u0103. Noi amenzi, noi m\u0103suri de oprire temporar\u0103 a activit\u0103\u0163ii"},"content":{"rendered":"\n<p>Reprezentan\u0163ii Prefecturii Giurgiu au transmis cele mai noi informa\u0163ii cu privire la controalele ce sunt efectuate, \u00een aceast\u0103 perioad\u0103, la toate centrele de asisten\u0163\u0103 social\u0103, private sau de stat.<\/p>\n\n\n\n<p>Iat\u0103 rezultatele din ultimele dou\u0103 zile:<\/p>\n\n\n\n<p>\u201e\u00cen urma controalelor efectuate la data de 12 iulie 2023, comisiile \u00een cauz\u0103 au dispus:<\/p>\n\n\n\n<p>&#8211; 4 opriri temporare p\u00e2n\u0103 la remedierea deficien\u021belor, dintre care 2 pentru centre reziden\u021biale destinate \u00eengrijirii \u0219i asisten\u021bei persoanelor cu dizabilit\u0103\u021bi \u0219i 2 pentru centre reziden\u021biale destinate \u00eengrijirii \u0219i asisten\u021bei persoanelor v\u00e2rstnice;<\/p>\n\n\n\n<p>&#8211; 1 propunere de \u00eenchidere pentru o perioad\u0103 de p\u00e2n\u0103 la 6 luni pentru un centru reziden\u021bial destinat \u00eengrijirii \u0219i asisten\u021bei persoanelor v\u00e2rstnice.<\/p>\n\n\n\n<p>Au fost aplicate 46 de sanc\u0163iuni contraven\u0163ionale \u00een valoare total\u0103 de 271.000 lei.<\/p>\n\n\n\n<p>M\u0103surile de oprire temporar\u0103 a prest\u0103rilor de servicii p\u00e2n\u0103 la remedierea deficien\u0163elor \u015fi propunerea de \u00eenchidere pentru o perioad\u0103 de p\u00e2n\u0103 la 6 luni au fost dispuse de c\u0103tre reprezentan\u0163ii Autorit\u0103\u0163ii Na\u0163ionale pentru Protec\u0163ia Consumatorilor.<\/p>\n\n\n\n<p>Men\u021bion\u0103m c\u0103 tot la data de 12 iulie 2023, la sesizarea Inspectoratului Jude\u021bean de Poli\u021bie Giurgiu, una dintre comisii a verificat un centru destinat \u00eengrijirii \u0219i asisten\u021bei persoanelor v\u00e2rstnice care de\u021binea numai acreditare, nu \u0219i licen\u021b\u0103 pentru prestarea serviciilor de asisten\u021b\u0103 social\u0103. \u00cen acest caz, ANPC&nbsp; a dispus m\u0103sura de oprire temporar\u0103 a activit\u0103\u021bii p\u00e2n\u0103 la remedierea deficien\u021bei \u00een cauz\u0103.<\/p>\n\n\n\n<p>Totodat\u0103, comisia a constatat c\u0103 via\u021ba \u0219i s\u0103n\u0103tatea beneficiarilor acestui centru nu este pus\u0103 \u00een pericol.<\/p>\n\n\n\n<p>Preciz\u0103m c\u0103 centrele reziden\u021biale verificate la data de 12 iulie 2023 func\u021bioneaz\u0103 \u00een regim privat.<\/p>\n\n\n\n<p>\u00cen urma controalelor efectuate la data de 13 iulie 2023, comisiile \u00een cauz\u0103 au dispus:<\/p>\n\n\n\n<p>&#8211; 2 opriri temporare p\u00e2n\u0103 la remedierea deficien\u021belor, dintre care 1 pentru un centru reziden\u021bial destinat \u00eengrijirii \u0219i asisten\u021bei persoanelor v\u00e2rstnice \u0219i 1 pentru un centru reziden\u021bial destinat \u00eengrijirii \u0219i asisten\u021bei persoanelor cu dizabilit\u0103\u021bi. Pentru acesta din urm\u0103, care func\u021bioneaz\u0103 \u00een sistem privat, conducerea se angajeaz\u0103 s\u0103 \u00eentreprind\u0103 diligen\u021bele necesare \u00een vederea reloc\u0103rii beneficiarilor p\u00e2n\u0103 la remedierea deficien\u021belor constatate;<\/p>\n\n\n\n<p>&#8211; 3 m\u0103suri de remediare a deficien\u021belor \u00een termen scurt (de 10 \u2013 15 zile), f\u0103r\u0103 a fi oprit\u0103 temporar activitatea, pentru&nbsp; 3 centre reziden\u021biale, dintre care 2 pentru copii afla\u021bi \u00een sistem de protec\u021bie special\u0103 \u0219i 1 destinat \u00eengrijirii \u0219i asisten\u021bei persoanelor cu dizabilit\u0103\u021bi.<\/p>\n\n\n\n<p>Au fost aplicate 42 de sanc\u0163iuni contraven\u0163ionale \u00een valoare total\u0103 de 272.000 lei.<\/p>\n\n\n\n<p>Preciz\u0103m c\u0103 4 dintre centrele reziden\u021biale asupra c\u0103rora au fost dispuse m\u0103surile mai-sus men\u021bionate func\u021bioneaz\u0103 \u00een sistem privat, iar 1 este centru reziden\u021bial public\u201d, au transmis reprezentan\u0163ii Prefecturii Giurgiu.<\/p>\n\n\n\n<p>\u00cen perioada 10 &#8211; 16 iulie 2023, dou\u0103 comisii mixte de control constituite prin Ordin al prefectului, conform Ordinului ministrului de interne, efectueaz\u0103 verific\u0103ri la centrele reziden\u021biale pentru persoane v\u00e2rstnice, pentru adul\u021bi cu dizabilit\u0103\u021bi \u0219i la centrele de plasament copii, care func\u021bioneaz\u0103 pe raza jude\u021bului Giurgiu.<\/p>\n\n\n\n<p>Cele dou\u0103 comisii mixte de control sunt formate din reprezentan\u021bi ai: Autorit\u0103\u0163ii Na\u0163ionale pentru Protec\u0163ia Consumatorilor, Inspectoratului Teritorial de Munc\u0103 Giurgiu, Agen\u021biei Jude\u021bene de Pl\u0103\u021bi \u0219i Inspec\u021bie Social\u0103 Giurgiu, Direc\u021biei de S\u0103n\u0103tate Public\u0103 Giurgiu, Direc\u021biei Sanitar Veterinare \u0219i pentru Siguran\u021ba Alimentelor Giurgiu \u0219i Inspectoratului pentru Situa\u021bii de Urgen\u021b\u0103 \u201dVla\u0219ca\u201d al jude\u021bului Giurgiu.<\/p>\n","protected":false},"excerpt":{"rendered":"<p>Reprezentan\u0163ii Prefecturii Giurgiu au transmis cele mai noi informa\u0163ii cu privire la controalele ce sunt efectuate, \u00een aceast\u0103 perioad\u0103, la toate centrele de asisten\u0163\u0103 social\u0103, private sau de stat. Iat\u0103 rezultatele din ultimele dou\u0103 zile: \u201e\u00cen urma controalelor efectuate la data de 12 iulie 2023, comisiile \u00een cauz\u0103 au dispus: &#8211; 4 opriri temporare p\u00e2n\u0103 [&hellip;]<\/p>\n","protected":false},"author":1,"featured_media":71655,"comment_status":"open","ping_status":"open","sticky":false,"template":"","format":"standard","meta":{"slim_seo":{"title":"Controalele la centrele de asisten\u0163\u0103 social\u0103 din Giurgiu continu\u0103. Noi amenzi, noi m\u0103suri de oprire temporar\u0103 a activit\u0103\u0163ii - GIURGIU NET","description":"Reprezentan\u0163ii Prefecturii Giurgiu au transmis cele mai noi informa\u0163ii cu privire la controalele ce sunt efectuate, \u00een aceast\u0103 perioad\u0103, la toate centrele de as"},"footnotes":""},"categories":[18,26,28],"tags":[2940],"class_list":{"0":"post-86142","1":"post","2":"type-post","3":"status-publish","4":"format-standard","5":"has-post-thumbnail","7":"category-actual","8":"category-soc","9":"category-uo","10":"tag-controale-asistenta-sociala"},"_links":{"self":[{"href":"https:\/\/giurgiu-net.ro\/index.php\/wp-json\/wp\/v2\/posts\/86142","targetHints":{"allow":["GET"]}}],"collection":[{"href":"https:\/\/giurgiu-net.ro\/index.php\/wp-json\/wp\/v2\/posts"}],"about":[{"href":"https:\/\/giurgiu-net.ro\/index.php\/wp-json\/wp\/v2\/types\/post"}],"author":[{"embeddable":true,"href":"https:\/\/giurgiu-net.ro\/index.php\/wp-json\/wp\/v2\/users\/1"}],"replies":[{"embeddable":true,"href":"https:\/\/giurgiu-net.ro\/index.php\/wp-json\/wp\/v2\/comments?post=86142"}],"version-history":[{"count":0,"href":"https:\/\/giurgiu-net.ro\/index.php\/wp-json\/wp\/v2\/posts\/86142\/revisions"}],"wp:featuredmedia":[{"embeddable":true,"href":"https:\/\/giurgiu-net.ro\/index.php\/wp-json\/wp\/v2\/media\/71655"}],"wp:attachment":[{"href":"https:\/\/giurgiu-net.ro\/index.php\/wp-json\/wp\/v2\/media?parent=86142"}],"wp:term":[{"taxonomy":"category","embeddable":true,"href":"https:\/\/giurgiu-net.ro\/index.php\/wp-json\/wp\/v2\/categories?post=86142"},{"taxonomy":"post_tag","embeddable":true,"href":"https:\/\/giurgiu-net.ro\/index.php\/wp-json\/wp\/v2\/tags?post=86142"}],"curies":[{"name":"wp","href":"https:\/\/api.w.org\/{rel}","templated":true}]}}