{"id":86136,"date":"2023-07-14T09:47:51","date_gmt":"2023-07-14T06:47:51","guid":{"rendered":"https:\/\/giurgiu-net.ro\/?p=86136"},"modified":"2023-07-14T09:47:52","modified_gmt":"2023-07-14T06:47:52","slug":"deputat-cristina-elena-dinu-noi-masuri-pentru-pacientii-ocologici","status":"publish","type":"post","link":"https:\/\/giurgiu-net.ro\/index.php\/2023\/07\/14\/deputat-cristina-elena-dinu-noi-masuri-pentru-pacientii-ocologici\/","title":{"rendered":"Deputat Cristina Elena Dinu: &#8222;Noi m\u0103suri pentru pacien\u0163ii ocologici&#8221;"},"content":{"rendered":"\n<p>&#8222;Noi <a href=\"https:\/\/www.facebook.com\/hashtag\/m%C4%83suri?__eep__=6&amp;__cft__[0]=AZWj4fZSpO_tKUV8_zRIdzQzVBVGmx2_gTbFmuIN1ZTrz7hMojI7k8ngSDpPt3bbMdgEzNmmVuUuPpin4-NznJfn2WbhdqkrDsD9t0GcgcbVtLEQqKphAyVD5iEFSfE7TxNsTbLdOa24JPZDUS1rtUyHG_19qoH0AkR6j4fA2Dqi1w&amp;__tn__=*NK-R\">#m\u0103suri<\/a> care \u00eembun\u0103t\u0103\u0163esc cadrul de sprijin \u015fi tratament al pacien\u0163ilor oncologici urmeaz\u0103 s\u0103 intre \u00een vigoare, odat\u0103 cu adoptarea Ordonan\u021bei de modificare a Legii nr. 293\/2022, prin care a fost aprobat Planul Na\u0163ional de Combatere a Cancerului, dar \u015fi a Legii nr. 95\/2006 privind reforma \u00een domeniul s\u0103n\u0103t\u0103\u0163ii, aflat\u0103 acum \u00een transparen\u0163\u0103 decizional\u0103.<\/p>\n\n\n\n<p>Printre m\u0103surile incluse \u00een noul act normativ se num\u0103r\u0103:<\/p>\n\n\n\n<p>&#8211; <a href=\"https:\/\/www.facebook.com\/hashtag\/consulta%C8%9Bii?__eep__=6&amp;__cft__[0]=AZWj4fZSpO_tKUV8_zRIdzQzVBVGmx2_gTbFmuIN1ZTrz7hMojI7k8ngSDpPt3bbMdgEzNmmVuUuPpin4-NznJfn2WbhdqkrDsD9t0GcgcbVtLEQqKphAyVD5iEFSfE7TxNsTbLdOa24JPZDUS1rtUyHG_19qoH0AkR6j4fA2Dqi1w&amp;__tn__=*NK-R\">#Consulta\u021bii<\/a> preventive pentru depistarea precoce a cancerului <a><\/a>pentru persoanele peste 40 ani;<\/p>\n\n\n\n<p>&#8211; Posibilitatea de suplimentare a sumelor pentru <a href=\"https:\/\/www.facebook.com\/hashtag\/analizele?__eep__=6&amp;__cft__[0]=AZWj4fZSpO_tKUV8_zRIdzQzVBVGmx2_gTbFmuIN1ZTrz7hMojI7k8ngSDpPt3bbMdgEzNmmVuUuPpin4-NznJfn2WbhdqkrDsD9t0GcgcbVtLEQqKphAyVD5iEFSfE7TxNsTbLdOa24JPZDUS1rtUyHG_19qoH0AkR6j4fA2Dqi1w&amp;__tn__=*NK-R\">#analizele<\/a> medicale de laborator, recomandate de medicii de familie persoanelor peste 40 de ani;<\/p>\n\n\n\n<p>&#8211; Extinderea pachetului de servicii de baz\u0103 \u00een regim de <a href=\"https:\/\/www.facebook.com\/hashtag\/spitalizare?__eep__=6&amp;__cft__[0]=AZWj4fZSpO_tKUV8_zRIdzQzVBVGmx2_gTbFmuIN1ZTrz7hMojI7k8ngSDpPt3bbMdgEzNmmVuUuPpin4-NznJfn2WbhdqkrDsD9t0GcgcbVtLEQqKphAyVD5iEFSfE7TxNsTbLdOa24JPZDUS1rtUyHG_19qoH0AkR6j4fA2Dqi1w&amp;__tn__=*NK-R\">#spitalizare<\/a> de zi pentru depistarea precoce a cancerului.<\/p>\n\n\n\n<p>&#8211; Transportul la de la \u0219i la domiciliu al pacien\u021bilor oncologici care nu pot fi transporta\u021bi cu mijloace conven\u021bionale \u0219i care urmeaz\u0103 <a href=\"https:\/\/www.facebook.com\/hashtag\/proceduri?__eep__=6&amp;__cft__[0]=AZWj4fZSpO_tKUV8_zRIdzQzVBVGmx2_gTbFmuIN1ZTrz7hMojI7k8ngSDpPt3bbMdgEzNmmVuUuPpin4-NznJfn2WbhdqkrDsD9t0GcgcbVtLEQqKphAyVD5iEFSfE7TxNsTbLdOa24JPZDUS1rtUyHG_19qoH0AkR6j4fA2Dqi1w&amp;__tn__=*NK-R\">#proceduri<\/a> de radioterapie sau chimioterapie.<\/p>\n\n\n\n<p>&#8211; Extinderea pachetului de baz\u0103 pentru \u00eengrijiri medicale la <a href=\"https:\/\/www.facebook.com\/hashtag\/domiciliu?__eep__=6&amp;__cft__[0]=AZWj4fZSpO_tKUV8_zRIdzQzVBVGmx2_gTbFmuIN1ZTrz7hMojI7k8ngSDpPt3bbMdgEzNmmVuUuPpin4-NznJfn2WbhdqkrDsD9t0GcgcbVtLEQqKphAyVD5iEFSfE7TxNsTbLdOa24JPZDUS1rtUyHG_19qoH0AkR6j4fA2Dqi1w&amp;__tn__=*NK-R\">#domiciliu<\/a> \u0219i pentru dispozitive medicale pentru pacien\u021bii oncologici.<\/p>\n\n\n\n<p>&#8211; Cre\u0219terea accesului pacien\u021bilor la <a href=\"https:\/\/www.facebook.com\/hashtag\/medicamentele?__eep__=6&amp;__cft__[0]=AZWj4fZSpO_tKUV8_zRIdzQzVBVGmx2_gTbFmuIN1ZTrz7hMojI7k8ngSDpPt3bbMdgEzNmmVuUuPpin4-NznJfn2WbhdqkrDsD9t0GcgcbVtLEQqKphAyVD5iEFSfE7TxNsTbLdOa24JPZDUS1rtUyHG_19qoH0AkR6j4fA2Dqi1w&amp;__tn__=*NK-R\">#medicamentele<\/a> biosimilare oncologice.<\/p>\n\n\n\n<p>Aceste ajust\u0103ri legislative, rezultate din activitatea speciali\u015ftilor din Comisiile de Oncologie din Rom\u00e2nia, vor face s\u0103 func\u0163ioneze mai bine Programul Na\u0163ional de <a href=\"https:\/\/www.facebook.com\/hashtag\/oncologie?__eep__=6&amp;__cft__[0]=AZWj4fZSpO_tKUV8_zRIdzQzVBVGmx2_gTbFmuIN1ZTrz7hMojI7k8ngSDpPt3bbMdgEzNmmVuUuPpin4-NznJfn2WbhdqkrDsD9t0GcgcbVtLEQqKphAyVD5iEFSfE7TxNsTbLdOa24JPZDUS1rtUyHG_19qoH0AkR6j4fA2Dqi1w&amp;__tn__=*NK-R\">#Oncologie<\/a>.<\/p>\n\n\n\n<p>Au fost, astfel, introduse \u015fi alte tipuri de cancer: melanom malign, cancer gastric, cancer hepatic \u015fi, de asemenea, au fost introduse noi prevederi legate de preven\u0163ie&#8221;- declara\u0163ie pre\u015fedinte OFSD Giurgiu, deputat Cristina Elena Dinu.<\/p>\n","protected":false},"excerpt":{"rendered":"<p>&#8222;Noi #m\u0103suri care \u00eembun\u0103t\u0103\u0163esc cadrul de sprijin \u015fi tratament al pacien\u0163ilor oncologici urmeaz\u0103 s\u0103 intre \u00een vigoare, odat\u0103 cu adoptarea Ordonan\u021bei de modificare a Legii nr. 293\/2022, prin care a fost aprobat Planul Na\u0163ional de Combatere a Cancerului, dar \u015fi a Legii nr. 95\/2006 privind reforma \u00een domeniul s\u0103n\u0103t\u0103\u0163ii, aflat\u0103 acum \u00een transparen\u0163\u0103 decizional\u0103. Printre [&hellip;]<\/p>\n","protected":false},"author":1,"featured_media":86137,"comment_status":"open","ping_status":"open","sticky":false,"template":"","format":"standard","meta":{"slim_seo":{"title":"Deputat Cristina Elena Dinu: \"Noi m\u0103suri pentru pacien\u0163ii ocologici\" - GIURGIU NET","description":"\"Noi #m\u0103suri care \u00eembun\u0103t\u0103\u0163esc cadrul de sprijin \u015fi tratament al pacien\u0163ilor oncologici urmeaz\u0103 s\u0103 intre \u00een vigoare, odat\u0103 cu adoptarea Ordonan\u021bei de modificare"},"footnotes":""},"categories":[18,2877,26],"tags":[1025],"class_list":{"0":"post-86136","1":"post","2":"type-post","3":"status-publish","4":"format-standard","5":"has-post-thumbnail","7":"category-actual","8":"category-sanatate","9":"category-soc","10":"tag-elena-dinu"},"_links":{"self":[{"href":"https:\/\/giurgiu-net.ro\/index.php\/wp-json\/wp\/v2\/posts\/86136","targetHints":{"allow":["GET"]}}],"collection":[{"href":"https:\/\/giurgiu-net.ro\/index.php\/wp-json\/wp\/v2\/posts"}],"about":[{"href":"https:\/\/giurgiu-net.ro\/index.php\/wp-json\/wp\/v2\/types\/post"}],"author":[{"embeddable":true,"href":"https:\/\/giurgiu-net.ro\/index.php\/wp-json\/wp\/v2\/users\/1"}],"replies":[{"embeddable":true,"href":"https:\/\/giurgiu-net.ro\/index.php\/wp-json\/wp\/v2\/comments?post=86136"}],"version-history":[{"count":0,"href":"https:\/\/giurgiu-net.ro\/index.php\/wp-json\/wp\/v2\/posts\/86136\/revisions"}],"wp:featuredmedia":[{"embeddable":true,"href":"https:\/\/giurgiu-net.ro\/index.php\/wp-json\/wp\/v2\/media\/86137"}],"wp:attachment":[{"href":"https:\/\/giurgiu-net.ro\/index.php\/wp-json\/wp\/v2\/media?parent=86136"}],"wp:term":[{"taxonomy":"category","embeddable":true,"href":"https:\/\/giurgiu-net.ro\/index.php\/wp-json\/wp\/v2\/categories?post=86136"},{"taxonomy":"post_tag","embeddable":true,"href":"https:\/\/giurgiu-net.ro\/index.php\/wp-json\/wp\/v2\/tags?post=86136"}],"curies":[{"name":"wp","href":"https:\/\/api.w.org\/{rel}","templated":true}]}}