{"id":86130,"date":"2023-07-13T09:44:50","date_gmt":"2023-07-13T06:44:50","guid":{"rendered":"https:\/\/giurgiu-net.ro\/?p=86130"},"modified":"2023-07-13T11:16:29","modified_gmt":"2023-07-13T08:16:29","slug":"40-de-grade-azi-la-giurgiu-unde-sunt-punctele-cu-apa-si-asistenta-medicala","status":"publish","type":"post","link":"https:\/\/giurgiu-net.ro\/index.php\/2023\/07\/13\/40-de-grade-azi-la-giurgiu-unde-sunt-punctele-cu-apa-si-asistenta-medicala\/","title":{"rendered":"40 de grade, azi, la Giurgiu. Unde sunt locurile cu ap\u0103 \u015fi asisten\u0163\u0103 medical\u0103?"},"content":{"rendered":"\n<p>Ast\u0103zi, valul de c\u0103ldur\u0103 se va extinde \u0219i se va intensifica, iar de vineri p\u00e2n\u0103 duminic\u0103 &nbsp;&nbsp;va persista \u00eendeosebi \u00een regiunile sudice. Disconfortul termic se va accentua, iar indicele temperatur\u0103-umezeal\u0103 va dep\u0103\u0219i pragul critic de 80 de unit\u0103\u021bi.<\/p>\n\n\n\n<p>Temperaturile maxime se vor situa \u00eentre 35 \u0219i 37 de grade, iar \u00een dup\u0103-amiaza zilei de joi se vor atinge valori \u00een general de 38-40 de grade. Nop\u021bile vor fi tropicale, cu temperaturi minime de 18-22 de grade.<\/p>\n\n\n\n<p><strong>&nbsp;&nbsp;&nbsp;&nbsp;&nbsp;&nbsp;&nbsp;&nbsp;&nbsp; <\/strong>Situa\u021bia spa\u021biilor publice climatizate unde se poate acorda asisten\u021b\u0103 medical\u0103 \u0219i distribuire a apei potabile c\u0103tre popula\u021bie \u00een perioadele cu temperaturi ridicate (peste <em>35 de grade Celsius) este urm\u0103toarea:<\/em><em><\/em><\/p>\n\n\n\n<ol class=\"wp-block-list\" type=\"1\">\n<li><strong>&nbsp;Municipiul Giurgiu:<\/strong><\/li>\n\n\n\n<li>Direc\u021bia de Impozite \u0219i Taxe Locale Giurgiu <em>(str. 23 August, nr. 13 \u0219i str. Tineretului, nr. 209 &#8211; fost punct termic);<\/em><\/li>\n\n\n\n<li>Centrul de Informare \u0219i Promovare Turistic\u0103 Giurgiu <em>(B-dul Bucure\u0219ti, Parc Mihai Viteazu);<\/em><\/li>\n\n\n\n<li>Direc\u021bia de Eviden\u021b\u0103 a Persoanelor Giurgiu <em>(str. 1 Decembrie 1918, nr. 60);<\/em><\/li>\n\n\n\n<li>Prim\u0103ria municipiului Giurgiu <em>(B-dul Bucure\u0219ti, nr. 49-51).<\/em><\/li>\n\n\n\n<li><strong>Ora\u0219ul Bolintin Vale:<\/strong><\/li>\n\n\n\n<li>Prim\u0103ria ora\u0219ului Bolintin Vale <em>(str. Libert\u0103\u021bii, nr. 1);<\/em><\/li>\n\n\n\n<li>Liceul Tehnologic \u201dDimitrie Bolintineanu\u201d <em>(str. Republicii, nr. 10).<\/em><\/li>\n<\/ol>\n\n\n\n<p>Preciz\u0103m faptul c\u0103 la nivelul Comitetelor Locale pentru Situa\u0163ii de Urgen\u0163\u0103 din jude\u021bul Giurgiu trebuie \u00eentreprinse m\u0103suri pentru:<\/p>\n\n\n\n<ul class=\"wp-block-list\">\n<li>\u00eentocmirea \u015fi actualizarea eviden\u0163ei persoanelor aflate \u00een dificultate, a c\u0103ror stare de s\u0103n\u0103tate poate fi influen\u0163at\u0103 \u00een mod negativ de canicul\u0103, \u00een vederea dispunerii m\u0103surilor preventive ce se impun;<\/li>\n\n\n\n<li>supravegherea permanent\u0103 a calit\u0103\u0163ii apei potabile din re\u0163eaua comunal\u0103 de alimentare, cu solicitarea efectu\u0103rii de analize periodice privind potabilitatea;<\/li>\n\n\n\n<li>asigurarea unor surse alternative de ap\u0103 \u00een situa\u0163ia reducerii substan\u0163iale a debitului \u00een re\u0163eaua comunal\u0103 de distribu\u0163ie sau ca urmare a avarierii acesteia.<\/li>\n<\/ul>\n\n\n\n<p><strong>Pentru a trece cu bine de aceast\u0103 perioad\u0103 c\u0103lduroas\u0103, ISU Giurgiu recomand\u0103 respectarea urm\u0103toarelor m\u0103suri:<\/strong><\/p>\n\n\n\n<ul class=\"wp-block-list\">\n<li>efectua\u0163i deplas\u0103ri \u00een primele ore ale dimine\u0163ii sau seara, pe c\u00e2t posibil prin zone umbrite, altern\u00e2nd deplasarea cu repausul;<\/li>\n\n\n\n<li>evita\u0163i aglomera\u0163iile, expunerea la soare, efortul fizic intens \u00eentre orele 11.00-18.00;<\/li>\n\n\n\n<li>purta\u0163i haine lejere, sub\u0163iri, deschise la culoare, p\u0103l\u0103rii \u015fi ochelari de soare;<\/li>\n\n\n\n<li>evita\u0163i b\u0103uturile ce con\u0163in alcool, cofein\u0103 sau zah\u0103r;<\/li>\n\n\n\n<li>consuma\u0163i 1,5-2 litri de lichide pe zi, nu prea reci, ap\u0103, sucuri naturale din fructe sau ceaiuri;<\/li>\n\n\n\n<li>m\u00e2nca\u0163i fructe \u015fi legume \u015fi evita\u0163i alimentele cu un con\u0163inut mare de gr\u0103simi;<\/li>\n\n\n\n<li>p\u0103stra\u0163i leg\u0103tura cu persoanele \u00een v\u00e2rst\u0103 din familia dumneavoastr\u0103,&nbsp;interesa\u021bi-v\u0103 de starea de s\u0103n\u0103tate a acestora \u015fi oferi\u0163i-le asisten\u0163\u0103 la nevoie;<\/li>\n\n\n\n<li>nu l\u0103sa\u0163i copiii \/ animalele de companie singuri\/singure \u00een autoturisme;<\/li>\n\n\n\n<li>crea\u0163i un ambient care s\u0103 nu suprasolicite capacitatea de adaptare a organismului.<\/li>\n<\/ul>\n\n\n\n<p><strong>Evita\u0163i cre\u015fterea temperaturii, av\u00e2nd grij\u0103 s\u0103:<\/strong><\/p>\n\n\n\n<ul class=\"wp-block-list\">\n<li>limita\u0163i utilizarea aparatelor electrocasnice, a luminii artificiale \u015fi a surselor de c\u0103ldur\u0103;<\/li>\n\n\n\n<li>men\u0163ine\u0163i \u00eenchise toate ferestrele c\u00e2nd temperatura exterioar\u0103 este mai mare dec\u00e2t cea din spa\u0163iul \u00eenchis;<\/li>\n\n\n\n<li>sc\u0103de\u0163i temperatura, av\u00e2nd grij\u0103 s\u0103 aerisi\u0163i diminea\u0163a devreme sau seara t\u00e2rziu;<\/li>\n\n\n\n<li>regla\u0163i aerul condi\u0163ionat astfel \u00eenc\u00e2t temperatura s\u0103 fie cu cinci grade mai mic\u0103 dec\u00e2t temperatura ambiental\u0103.<\/li>\n<\/ul>\n\n\n\n<p><strong>Pentru a preveni incendiile \u00een perioada caniculei, recomand\u0103m respectarea urm\u0103toarelor m\u0103suri:<\/strong><\/p>\n\n\n\n<ul class=\"wp-block-list\">\n<li>respecta\u021bi normele de prevenire \u0219i stingere a incendiilor;<\/li>\n\n\n\n<li>nu utiliza\u021bi focul deschis \u00een zonele cu vegeta\u021bie uscat\u0103, la distan\u021be mici fa\u021b\u0103 de locurile cu pericol de explozie sau fa\u021b\u0103 de materiale combustibile: lemn, h\u00e2rtie, textile, bitum etc., f\u0103r\u0103 a-l supraveghea \u0219i asigura prin m\u0103suri corespunz\u0103toare;<\/li>\n\n\n\n<li>nu expune\u021bi la soare sau \u00een zone supra\u00eenc\u0103lzite recipiente sau rezervoare ce con\u021bin lichide inflamabile sau gaze sub presiune;<\/li>\n\n\n\n<li>preg\u0103tirea hranei prin utilizarea focului deschis trebuie s\u0103 se desf\u0103\u0219oare doar \u00een locurile special amenajate, \u00een condi\u021bii \u0219i la distan\u021be care s\u0103 nu permit\u0103 propagarea focului la construc\u021bii, depozite, culturi agricole, p\u0103duri, planta\u021bii sau la alte vecin\u0103t\u0103\u021bi;<\/li>\n\n\n\n<li>nu arunca\u021bi \u021big\u0103rile nestinse \u00een apropierea vegeta\u021biei uscate;<\/li>\n\n\n\n<li>restric\u021biona\u021bi orice activitate din care ar putea rezulta producerea unui incendiu;<\/li>\n\n\n\n<li>nu l\u0103sa\u021bi copiii nesupraveghea\u021bi, cu mijloace ce pot produce aprinderea (chibrituri, brichete etc.).<\/li>\n<\/ul>\n\n\n\n<p>Comunicat \u015fi foto: ISU Giurgiu<\/p>\n","protected":false},"excerpt":{"rendered":"<p>Ast\u0103zi, valul de c\u0103ldur\u0103 se va extinde \u0219i se va intensifica, iar de vineri p\u00e2n\u0103 duminic\u0103 &nbsp;&nbsp;va persista \u00eendeosebi \u00een regiunile sudice. Disconfortul termic se va accentua, iar indicele temperatur\u0103-umezeal\u0103 va dep\u0103\u0219i pragul critic de 80 de unit\u0103\u021bi. Temperaturile maxime se vor situa \u00eentre 35 \u0219i 37 de grade, iar \u00een dup\u0103-amiaza zilei de joi [&hellip;]<\/p>\n","protected":false},"author":1,"featured_media":40153,"comment_status":"open","ping_status":"open","sticky":false,"template":"","format":"standard","meta":{"slim_seo":{"title":"40 de grade, azi, la Giurgiu. Unde sunt locurile cu ap\u0103 \u015fi asisten\u0163\u0103 medical\u0103? - GIURGIU NET","description":"Ast\u0103zi, valul de c\u0103ldur\u0103 se va extinde \u0219i se va intensifica, iar de vineri p\u00e2n\u0103 duminic\u0103 &nbsp;&nbsp;va persista \u00eendeosebi \u00een regiunile sudice. Disconfortul ter"},"footnotes":""},"categories":[18,26],"tags":[1452],"class_list":{"0":"post-86130","1":"post","2":"type-post","3":"status-publish","4":"format-standard","5":"has-post-thumbnail","7":"category-actual","8":"category-soc","9":"tag-isu-giurgiu"},"_links":{"self":[{"href":"https:\/\/giurgiu-net.ro\/index.php\/wp-json\/wp\/v2\/posts\/86130","targetHints":{"allow":["GET"]}}],"collection":[{"href":"https:\/\/giurgiu-net.ro\/index.php\/wp-json\/wp\/v2\/posts"}],"about":[{"href":"https:\/\/giurgiu-net.ro\/index.php\/wp-json\/wp\/v2\/types\/post"}],"author":[{"embeddable":true,"href":"https:\/\/giurgiu-net.ro\/index.php\/wp-json\/wp\/v2\/users\/1"}],"replies":[{"embeddable":true,"href":"https:\/\/giurgiu-net.ro\/index.php\/wp-json\/wp\/v2\/comments?post=86130"}],"version-history":[{"count":0,"href":"https:\/\/giurgiu-net.ro\/index.php\/wp-json\/wp\/v2\/posts\/86130\/revisions"}],"wp:featuredmedia":[{"embeddable":true,"href":"https:\/\/giurgiu-net.ro\/index.php\/wp-json\/wp\/v2\/media\/40153"}],"wp:attachment":[{"href":"https:\/\/giurgiu-net.ro\/index.php\/wp-json\/wp\/v2\/media?parent=86130"}],"wp:term":[{"taxonomy":"category","embeddable":true,"href":"https:\/\/giurgiu-net.ro\/index.php\/wp-json\/wp\/v2\/categories?post=86130"},{"taxonomy":"post_tag","embeddable":true,"href":"https:\/\/giurgiu-net.ro\/index.php\/wp-json\/wp\/v2\/tags?post=86130"}],"curies":[{"name":"wp","href":"https:\/\/api.w.org\/{rel}","templated":true}]}}