{"id":86127,"date":"2023-07-13T08:34:54","date_gmt":"2023-07-13T05:34:54","guid":{"rendered":"https:\/\/giurgiu-net.ro\/?p=86127"},"modified":"2023-07-13T08:34:54","modified_gmt":"2023-07-13T05:34:54","slug":"a-plecat-dintre-noi-nelu-urucu-fost-presedinte-al-psd-gogosari","status":"publish","type":"post","link":"https:\/\/giurgiu-net.ro\/index.php\/2023\/07\/13\/a-plecat-dintre-noi-nelu-urucu-fost-presedinte-al-psd-gogosari\/","title":{"rendered":"A plecat dintre noi Nelu Urucu, fost pre\u015fedinte al PSD Gogo\u015fari"},"content":{"rendered":"\n<p>N\u0103scut \u00een 1958, fost pre\u015fedinte al PSD Gogo\u015fari, consilier local, Nelu Urucu s-a stins ieri din via\u0163\u0103. Organiza\u021bia Jude\u021beana a PSD Giurgiu transmite condolean\u021be familiei \u00eendurerate!<\/p>\n\n\n\n<p>\u00cenmorm\u00e2ntarea sa va avea loc pe 14 iulie, la ora 12.00, \u00een comuna Gogo\u015fari.<\/p>\n\n\n\n<p>Dumnezeu s\u0103 \u00eel ierte!<\/p>\n","protected":false},"excerpt":{"rendered":"<p>N\u0103scut \u00een 1958, fost pre\u015fedinte al PSD Gogo\u015fari, consilier local, Nelu Urucu s-a stins ieri din via\u0163\u0103. Organiza\u021bia Jude\u021beana a PSD Giurgiu transmite condolean\u021be familiei \u00eendurerate! \u00cenmorm\u00e2ntarea sa va avea loc pe 14 iulie, la ora 12.00, \u00een comuna Gogo\u015fari. Dumnezeu s\u0103 \u00eel ierte!<\/p>\n","protected":false},"author":1,"featured_media":86128,"comment_status":"open","ping_status":"open","sticky":false,"template":"","format":"standard","meta":{"slim_seo":{"title":"A plecat dintre noi Nelu Urucu, fost pre\u015fedinte al PSD Gogo\u015fari - GIURGIU NET","description":"N\u0103scut \u00een 1958, fost pre\u015fedinte al PSD Gogo\u015fari, consilier local, Nelu Urucu s-a stins ieri din via\u0163\u0103. Organiza\u021bia Jude\u021beana a PSD Giurgiu transmite condolean\u021be"},"footnotes":""},"categories":[18,26],"tags":[],"class_list":{"0":"post-86127","1":"post","2":"type-post","3":"status-publish","4":"format-standard","5":"has-post-thumbnail","7":"category-actual","8":"category-soc"},"_links":{"self":[{"href":"https:\/\/giurgiu-net.ro\/index.php\/wp-json\/wp\/v2\/posts\/86127","targetHints":{"allow":["GET"]}}],"collection":[{"href":"https:\/\/giurgiu-net.ro\/index.php\/wp-json\/wp\/v2\/posts"}],"about":[{"href":"https:\/\/giurgiu-net.ro\/index.php\/wp-json\/wp\/v2\/types\/post"}],"author":[{"embeddable":true,"href":"https:\/\/giurgiu-net.ro\/index.php\/wp-json\/wp\/v2\/users\/1"}],"replies":[{"embeddable":true,"href":"https:\/\/giurgiu-net.ro\/index.php\/wp-json\/wp\/v2\/comments?post=86127"}],"version-history":[{"count":0,"href":"https:\/\/giurgiu-net.ro\/index.php\/wp-json\/wp\/v2\/posts\/86127\/revisions"}],"wp:featuredmedia":[{"embeddable":true,"href":"https:\/\/giurgiu-net.ro\/index.php\/wp-json\/wp\/v2\/media\/86128"}],"wp:attachment":[{"href":"https:\/\/giurgiu-net.ro\/index.php\/wp-json\/wp\/v2\/media?parent=86127"}],"wp:term":[{"taxonomy":"category","embeddable":true,"href":"https:\/\/giurgiu-net.ro\/index.php\/wp-json\/wp\/v2\/categories?post=86127"},{"taxonomy":"post_tag","embeddable":true,"href":"https:\/\/giurgiu-net.ro\/index.php\/wp-json\/wp\/v2\/tags?post=86127"}],"curies":[{"name":"wp","href":"https:\/\/api.w.org\/{rel}","templated":true}]}}