{"id":86068,"date":"2023-06-29T10:07:05","date_gmt":"2023-06-29T07:07:05","guid":{"rendered":"https:\/\/giurgiu-net.ro\/?p=86068"},"modified":"2023-06-29T10:09:42","modified_gmt":"2023-06-29T07:09:42","slug":"deputatii-psd-de-giurgiu-vot-pentru-inasprirea-pedepselor-in-cazul-adultilor-care-agreseaza-sexual-minorii-sub-16-ani","status":"publish","type":"post","link":"https:\/\/giurgiu-net.ro\/index.php\/2023\/06\/29\/deputatii-psd-de-giurgiu-vot-pentru-inasprirea-pedepselor-in-cazul-adultilor-care-agreseaza-sexual-minorii-sub-16-ani\/","title":{"rendered":"Deputa\u0163ii PSD de Giurgiu, vot pentru \u00een\u0103sprirea pedepselor \u00een cazul adul\u0163ilor care agreseaz\u0103 sexual minorii sub 16 ani"},"content":{"rendered":"\n<p class=\"wp-block-paragraph\">Pre\u015fedintele PSD Giurgiu, deputat Marian Mina, a postat, pe Facebook, un mesaj, dup\u0103 ce a fost adoptat \u00een Camera Deputa\u0163ilor proiectul de lege privind \u00een\u0103sprirea pedepselor \u00een cazul adul\u0163ilor care \u00eentre\u0163in rela\u0163ii sexuale sau agreseaz\u0103 sexual un copil sub 16 ani:<\/p>\n\n\n\n<figure class=\"wp-block-image size-large\"><img loading=\"lazy\" decoding=\"async\" width=\"1024\" height=\"670\" src=\"https:\/\/giurgiu-net.ro\/wp-content\/uploads\/2023\/06\/329867400_930627361273662_6722527275278795404_n-1024x670.jpg\" alt=\"\" class=\"wp-image-86069\" srcset=\"https:\/\/giurgiu-net.ro\/wp-content\/uploads\/2023\/06\/329867400_930627361273662_6722527275278795404_n-1024x670.jpg 1024w, https:\/\/giurgiu-net.ro\/wp-content\/uploads\/2023\/06\/329867400_930627361273662_6722527275278795404_n-300x196.jpg 300w, https:\/\/giurgiu-net.ro\/wp-content\/uploads\/2023\/06\/329867400_930627361273662_6722527275278795404_n-768x502.jpg 768w, https:\/\/giurgiu-net.ro\/wp-content\/uploads\/2023\/06\/329867400_930627361273662_6722527275278795404_n-1536x1004.jpg 1536w, https:\/\/giurgiu-net.ro\/wp-content\/uploads\/2023\/06\/329867400_930627361273662_6722527275278795404_n-696x455.jpg 696w, https:\/\/giurgiu-net.ro\/wp-content\/uploads\/2023\/06\/329867400_930627361273662_6722527275278795404_n-1068x698.jpg 1068w, https:\/\/giurgiu-net.ro\/wp-content\/uploads\/2023\/06\/329867400_930627361273662_6722527275278795404_n-1920x1255.jpg 1920w, https:\/\/giurgiu-net.ro\/wp-content\/uploads\/2023\/06\/329867400_930627361273662_6722527275278795404_n-642x420.jpg 642w, https:\/\/giurgiu-net.ro\/wp-content\/uploads\/2023\/06\/329867400_930627361273662_6722527275278795404_n-741x486.jpg 741w, https:\/\/giurgiu-net.ro\/wp-content\/uploads\/2023\/06\/329867400_930627361273662_6722527275278795404_n.jpg 2048w\" sizes=\"auto, (max-width: 1024px) 100vw, 1024px\" \/><\/figure>\n\n\n\n<p class=\"wp-block-paragraph\">\u201e\u00ceNCHISOARE de la 7 la 12 ani pentru adul\u0163ii care \u00eentre\u0163in rela\u0163ii sexuale sau agreseaz\u0103 sexual un copil sub 16 ani!<\/p>\n\n\n\n<p class=\"wp-block-paragraph\">Am votat, ast\u0103zi, \u00een Camera Deputa\u0163ilor, proiectul de lege ce \u00een\u0103spre\u015fte pedepsele pentru cei care comit asemenea fapte!<\/p>\n\n\n\n<p class=\"wp-block-paragraph\">Un copil sub 16 ani nu are deplin\u0103 capacitate de consim\u0163\u0103m\u00e2nt, a\u015fa c\u0103, cel care profit\u0103 de inocen\u0163a unui copil se nume\u015fte agresor sexual, VIOLATOR \u015fi trebuie tras la r\u0103spundere! C\u00e2t mai dur, pentru c\u0103 ace\u015fti MON\u015eTRI distrug vie\u0163i!<\/p>\n\n\n\n<p class=\"wp-block-paragraph\">Salut ini\u0163iativa <a href=\"https:\/\/www.facebook.com\/hashtag\/psd?__eep__=6&amp;__cft__%5b0%5d=AZWOlA5QkM4OkeRmyWZKUyztJN6z_0L5S0obBrBMpCLohDTv6JZZg9uaI6tsbSrT3bbbeOA4r7FcQyeunjLuubg_XfgTURlxD_LEziGZ_ErIxaLZctf-FNfrSNXDix19JqIP-Yuhv2IB5wSl2lUHBq_z_D4nVSrkSHtsvmWs3fWvgIB_JIPpyZHo3OTARIzgiuk&amp;__tn__=*NK-R\">#PSD<\/a> de modificare a Codului Penal \u0219i de Procedur\u0103 Penal\u0103 pentru \u00een\u0103sprirea pedepselor pentru agresiunile sexuale, mai ales la adresa minorilor, \u015fi m\u0103 bucur c\u0103 a devenit LEGE!\u201d<\/p>\n\n\n\n<p class=\"wp-block-paragraph\">La r\u00e2ndul s\u0103u, pre\u015fedintele OFSD Giurgiu, deputat Cristina Elena Dinu, a postat pe Facebook un mesaj pe acest subiect:<\/p>\n\n\n\n<figure class=\"wp-block-image size-large\"><img loading=\"lazy\" decoding=\"async\" width=\"1024\" height=\"969\" src=\"https:\/\/giurgiu-net.ro\/wp-content\/uploads\/2023\/06\/349853428_1438659766903471_7315850530582871960_n-1024x969.jpg\" alt=\"\" class=\"wp-image-86070\" srcset=\"https:\/\/giurgiu-net.ro\/wp-content\/uploads\/2023\/06\/349853428_1438659766903471_7315850530582871960_n-1024x969.jpg 1024w, https:\/\/giurgiu-net.ro\/wp-content\/uploads\/2023\/06\/349853428_1438659766903471_7315850530582871960_n-300x284.jpg 300w, https:\/\/giurgiu-net.ro\/wp-content\/uploads\/2023\/06\/349853428_1438659766903471_7315850530582871960_n-768x727.jpg 768w, https:\/\/giurgiu-net.ro\/wp-content\/uploads\/2023\/06\/349853428_1438659766903471_7315850530582871960_n-696x659.jpg 696w, https:\/\/giurgiu-net.ro\/wp-content\/uploads\/2023\/06\/349853428_1438659766903471_7315850530582871960_n-1068x1011.jpg 1068w, https:\/\/giurgiu-net.ro\/wp-content\/uploads\/2023\/06\/349853428_1438659766903471_7315850530582871960_n-444x420.jpg 444w, https:\/\/giurgiu-net.ro\/wp-content\/uploads\/2023\/06\/349853428_1438659766903471_7315850530582871960_n.jpg 1394w\" sizes=\"auto, (max-width: 1024px) 100vw, 1024px\" \/><\/figure>\n\n\n\n<p class=\"wp-block-paragraph\">\u201eAbuzurile \u015fi agresiunile sexuale asupra unui copil vor l\u0103sa urme ad\u00e2nci \u015fi \u00eel vor marca toat\u0103 via\u0163a lui!<\/p>\n\n\n\n<p class=\"wp-block-paragraph\">Iar cei care comit asemenea fapte trebuie s\u0103 r\u0103spund\u0103 pentru asta \u015fi s\u0103 fie pedepsi\u0163i a\u015fa cum se cuvine!<\/p>\n\n\n\n<p class=\"wp-block-paragraph\">Ini\u0163iativa <a href=\"https:\/\/www.facebook.com\/hashtag\/psd?__eep__=6&amp;__cft__%5b0%5d=AZWGKJETVexfJuAFdvpoHZVUKM4QHHqk4LuARfe242pwLCEvAQGZRQ1wizQ7UIQHsqnBgzZ5-mciF3QjiqrSXbVyz9VMWzFC8_HXx1dGmN0uqM2p5Czn8NcVdCVPV6wfi7iGP4UwZIUXOPDLBI5sNG__yAxnH1Tah96-OSJEQ7vpLQ&amp;__tn__=*NK-R\">#PSD<\/a> menit\u0103 s\u0103 aduc\u0103 mai mult\u0103 protec\u0163ie minorilor \u0219i s\u0103 combat\u0103 mult mai dur violul \u0219i agresiunile sexuale asupra minorilor, dar \u0219i infrac\u021biunile conexe, s-a transformat \u00een Lege.<\/p>\n\n\n\n<p class=\"wp-block-paragraph\"><a href=\"https:\/\/www.facebook.com\/hashtag\/camera_deputa%C5%A3ilor?__eep__=6&amp;__cft__%5b0%5d=AZWGKJETVexfJuAFdvpoHZVUKM4QHHqk4LuARfe242pwLCEvAQGZRQ1wizQ7UIQHsqnBgzZ5-mciF3QjiqrSXbVyz9VMWzFC8_HXx1dGmN0uqM2p5Czn8NcVdCVPV6wfi7iGP4UwZIUXOPDLBI5sNG__yAxnH1Tah96-OSJEQ7vpLQ&amp;__tn__=*NK-R\">#Camera_Deputa\u0163ilor<\/a> a adoptat, ast\u0103zi, proiectul de lege prin care orice act sexual cu o persoan\u0103 sub 16 ani este considerat viol!<\/p>\n\n\n\n<p class=\"wp-block-paragraph\">Astfel, risc\u0103 \u00eenchisoare de la 7 la 12 ani un adult care \u00eentre\u0163ine rela\u0163ii sexuale sau agreseaz\u0103 sexual un minor sub 16 ani, indiferent dac\u0103 respectivul minor a consim\u021bit sau nu. Se prezum\u0103 c\u0103, sub 16 ani, minorul NU are deplin\u0103 capacitate de consim\u0163\u0103m\u00e2nt. Prin urmare, nici un agresor sexual al unui minor NU mai poate sc\u0103pa de r\u0103spundere!<\/p>\n\n\n\n<p class=\"wp-block-paragraph\">Aceast\u0103 lege vine \u00een contextul \u00een care, \u00een Rom\u00e2nia, \u00een anul 2021, peste 16.000 de adolescente \u015fi tinere p\u00e2n\u0103 \u00een 20 de ani au devenit mame, iar circa 700 de dintre acestea aveau sub 15 ani\u201d.<\/p>\n","protected":false},"excerpt":{"rendered":"<p>Pre\u015fedintele PSD Giurgiu, deputat Marian Mina, a postat, pe Facebook, un mesaj, dup\u0103 ce a fost adoptat \u00een Camera Deputa\u0163ilor proiectul de lege privind \u00een\u0103sprirea pedepselor \u00een cazul adul\u0163ilor care \u00eentre\u0163in rela\u0163ii sexuale sau agreseaz\u0103 sexual un copil sub 16 ani: \u201e\u00ceNCHISOARE de la 7 la 12 ani pentru adul\u0163ii care \u00eentre\u0163in rela\u0163ii sexuale sau [&hellip;]<\/p>\n","protected":false},"author":1,"featured_media":86073,"comment_status":"open","ping_status":"open","sticky":false,"template":"","format":"standard","meta":{"slim_seo":{"title":"Deputa\u0163ii PSD de Giurgiu, vot pentru \u00een\u0103sprirea pedepselor \u00een cazul adul\u0163ilor care agreseaz\u0103 sexual minorii sub 16 ani - GIURGIU NET","description":"Pre\u015fedintele PSD Giurgiu, deputat Marian Mina, a postat, pe Facebook, un mesaj, dup\u0103 ce a fost adoptat \u00een Camera Deputa\u0163ilor proiectul de lege privind \u00een\u0103sprire"},"footnotes":""},"categories":[18,25,26],"tags":[1025,1626,2256],"class_list":["post-86068","post","type-post","status-publish","format-standard","has-post-thumbnail","category-actual","category-pol","category-soc","tag-elena-dinu","tag-marian-mina","tag-psd-giurgiu"],"_links":{"self":[{"href":"https:\/\/giurgiu-net.ro\/index.php\/wp-json\/wp\/v2\/posts\/86068","targetHints":{"allow":["GET"]}}],"collection":[{"href":"https:\/\/giurgiu-net.ro\/index.php\/wp-json\/wp\/v2\/posts"}],"about":[{"href":"https:\/\/giurgiu-net.ro\/index.php\/wp-json\/wp\/v2\/types\/post"}],"author":[{"embeddable":true,"href":"https:\/\/giurgiu-net.ro\/index.php\/wp-json\/wp\/v2\/users\/1"}],"replies":[{"embeddable":true,"href":"https:\/\/giurgiu-net.ro\/index.php\/wp-json\/wp\/v2\/comments?post=86068"}],"version-history":[{"count":0,"href":"https:\/\/giurgiu-net.ro\/index.php\/wp-json\/wp\/v2\/posts\/86068\/revisions"}],"wp:featuredmedia":[{"embeddable":true,"href":"https:\/\/giurgiu-net.ro\/index.php\/wp-json\/wp\/v2\/media\/86073"}],"wp:attachment":[{"href":"https:\/\/giurgiu-net.ro\/index.php\/wp-json\/wp\/v2\/media?parent=86068"}],"wp:term":[{"taxonomy":"category","embeddable":true,"href":"https:\/\/giurgiu-net.ro\/index.php\/wp-json\/wp\/v2\/categories?post=86068"},{"taxonomy":"post_tag","embeddable":true,"href":"https:\/\/giurgiu-net.ro\/index.php\/wp-json\/wp\/v2\/tags?post=86068"}],"curies":[{"name":"wp","href":"https:\/\/api.w.org\/{rel}","templated":true}]}}