{"id":85927,"date":"2023-06-19T09:37:26","date_gmt":"2023-06-19T06:37:26","guid":{"rendered":"https:\/\/giurgiu-net.ro\/?p=85927"},"modified":"2023-06-19T09:37:27","modified_gmt":"2023-06-19T06:37:27","slug":"deputat-marian-mina-cu-respect-si-recunostinta-le-multumim-dascalilor-iar-copiilor-le-urez-mult-succes","status":"publish","type":"post","link":"https:\/\/giurgiu-net.ro\/index.php\/2023\/06\/19\/deputat-marian-mina-cu-respect-si-recunostinta-le-multumim-dascalilor-iar-copiilor-le-urez-mult-succes\/","title":{"rendered":"Deputat Marian Mina: &#8222;Cu respect \u015fi recuno\u015ftin\u0163\u0103, le mul\u0163umim dasc\u0103lilor, iar copiilor le urez mult succes!&#8221;"},"content":{"rendered":"\n<p>Pre\u015fedintele PSD Giurgiu, deputat Marian Mina, a postat pe pagina sa de Facebook un mesaj despre Evaluarea Na\u0163ional\u0103 ce \u00eencepe azi pentru circa 160.000 de elevi:<\/p>\n\n\n\n<p>&#8222;M\u0103 bucur c\u0103 totul s-a terminat cu bine \u015fi c\u0103 emo\u0163iile de azi ale elevilor \u015fi ale p\u0103rin\u0163ilor lor sunt cele dinaintea primei probe a <a href=\"https:\/\/www.facebook.com\/hashtag\/evalu%C4%83rii_na%C5%A3ionale?__eep__=6&amp;__cft__[0]=AZV8E0Z0K3csEtpj-8rAEZqQKDru4CEnMGPCfWQjmqfTHIm9HqcXohzPGjd87ZzvWVN0JRakG-xX5U_YXM5veAkyj5PCq4PFDXohE-j4skQSqO0jTZJ02rvAYZjK3sGU6YYsd6dpTYKPgwJPORSs9o8LqxSrjM8m3ByIq3H8s8pAhMJQu726-vkuvM28lhT0-Kw&amp;__tn__=*NK-R\">#Evalu\u0103rii_Na\u0163ionale<\/a>!<\/p>\n\n\n\n<p>Cu respect \u015fi recuno\u015ftin\u0163\u0103, le mul\u0163umim dasc\u0103lilor, iar copiilor le urez mult succes \u015fi s\u0103 reu\u015feasc\u0103 s\u0103 ajung\u0103 exact acolo unde \u00ee\u015fi doresc! Este primul examen important din via\u0163a lor \u015fi sunt convins c\u0103 \u00eel vor trece cu brio!&#8221;<\/p>\n","protected":false},"excerpt":{"rendered":"<p>Pre\u015fedintele PSD Giurgiu, deputat Marian Mina, a postat pe pagina sa de Facebook un mesaj despre Evaluarea Na\u0163ional\u0103 ce \u00eencepe azi pentru circa 160.000 de elevi: &#8222;M\u0103 bucur c\u0103 totul s-a terminat cu bine \u015fi c\u0103 emo\u0163iile de azi ale elevilor \u015fi ale p\u0103rin\u0163ilor lor sunt cele dinaintea primei probe a #Evalu\u0103rii_Na\u0163ionale! Cu respect \u015fi [&hellip;]<\/p>\n","protected":false},"author":1,"featured_media":85928,"comment_status":"open","ping_status":"open","sticky":false,"template":"","format":"standard","meta":{"slim_seo":{"title":"Deputat Marian Mina: \"Cu respect \u015fi recuno\u015ftin\u0163\u0103, le mul\u0163umim dasc\u0103lilor, iar copiilor le urez mult succes!\" - GIURGIU NET","description":"Pre\u015fedintele PSD Giurgiu, deputat Marian Mina, a postat pe pagina sa de Facebook un mesaj despre Evaluarea Na\u0163ional\u0103 ce \u00eencepe azi pentru circa 160.000 de elevi"},"footnotes":""},"categories":[18,29,25,26],"tags":[1626],"class_list":{"0":"post-85927","1":"post","2":"type-post","3":"status-publish","4":"format-standard","5":"has-post-thumbnail","7":"category-actual","8":"category-educatie-si-cultura","9":"category-pol","10":"category-soc","11":"tag-marian-mina"},"_links":{"self":[{"href":"https:\/\/giurgiu-net.ro\/index.php\/wp-json\/wp\/v2\/posts\/85927","targetHints":{"allow":["GET"]}}],"collection":[{"href":"https:\/\/giurgiu-net.ro\/index.php\/wp-json\/wp\/v2\/posts"}],"about":[{"href":"https:\/\/giurgiu-net.ro\/index.php\/wp-json\/wp\/v2\/types\/post"}],"author":[{"embeddable":true,"href":"https:\/\/giurgiu-net.ro\/index.php\/wp-json\/wp\/v2\/users\/1"}],"replies":[{"embeddable":true,"href":"https:\/\/giurgiu-net.ro\/index.php\/wp-json\/wp\/v2\/comments?post=85927"}],"version-history":[{"count":0,"href":"https:\/\/giurgiu-net.ro\/index.php\/wp-json\/wp\/v2\/posts\/85927\/revisions"}],"wp:featuredmedia":[{"embeddable":true,"href":"https:\/\/giurgiu-net.ro\/index.php\/wp-json\/wp\/v2\/media\/85928"}],"wp:attachment":[{"href":"https:\/\/giurgiu-net.ro\/index.php\/wp-json\/wp\/v2\/media?parent=85927"}],"wp:term":[{"taxonomy":"category","embeddable":true,"href":"https:\/\/giurgiu-net.ro\/index.php\/wp-json\/wp\/v2\/categories?post=85927"},{"taxonomy":"post_tag","embeddable":true,"href":"https:\/\/giurgiu-net.ro\/index.php\/wp-json\/wp\/v2\/tags?post=85927"}],"curies":[{"name":"wp","href":"https:\/\/api.w.org\/{rel}","templated":true}]}}