{"id":85396,"date":"2023-05-24T10:55:23","date_gmt":"2023-05-24T07:55:23","guid":{"rendered":"https:\/\/giurgiu-net.ro\/?p=85396"},"modified":"2023-05-24T10:55:24","modified_gmt":"2023-05-24T07:55:24","slug":"psd-niciun-efort-nu-e-prea-mare-niciun-demers-nu-e-inutil-daca-astfel-contribuie-la-incheierea-grevei-generale-a-profesorilor","status":"publish","type":"post","link":"https:\/\/giurgiu-net.ro\/index.php\/2023\/05\/24\/psd-niciun-efort-nu-e-prea-mare-niciun-demers-nu-e-inutil-daca-astfel-contribuie-la-incheierea-grevei-generale-a-profesorilor\/","title":{"rendered":"PSD: \u201cNiciun efort nu e prea mare, niciun demers nu e inutil, dac\u0103 astfel contribuie la \u00eencheierea grevei generale a profesorilor\u201d"},"content":{"rendered":"\n<p>Reprezentan\u0163ii Partidului Social Democrat au venit cu preciz\u0103ri pe tema crizei din educa\u0163ie.<\/p>\n\n\n\n<p>Social-democra\u0163ii sus\u0163in c\u0103 niciun efort nu e prea mare, niciun demers nu e inutil, dac\u0103 astfel contribuie la \u00eencheierea grevei generale a profesorilor \u0219i la re\u00eenceperea cursurilor \u00een toate \u0219colile.<\/p>\n\n\n\n<p>\u201c<em>Dup\u0103 rundele de discu\u021bii cu sindicatele din weekend, pre\u0219edintele PSD Marcel Ciolacu continu\u0103 seria \u00eent\u00e2lnirilor cu reprezentan\u021bii elevilor \u0219i ai p\u0103rin\u021bilor, pentru a avea \u00eentreg tabloul protestului care a produs haos \u00een educa\u021bia copiilor, la cel mai nepotrivit moment posibil, \u00eenaintea \u00eencheierii anului \u0219colar \u0219i a examenelor. Apoi, este prev\u0103zut\u0103 o nou\u0103 rund\u0103 de dialog cu liderii sindicali din Educa\u021bie unde se fac eforturi pentru g\u0103sirea solu\u021biilor care s\u0103 pun\u0103 punct grevei. DAR: dreptul constitu\u021bional al profesorilor de a protesta \u0219i de a face grev\u0103 nu trebuie s\u0103 afecteze dreptul constitu\u021bional al elevilor la educa\u021bie.<\/em><\/p>\n\n\n\n<p>o <strong>PSD are toat\u0103 aprecierea \u0219i recuno\u0219tin\u021ba pentru dasc\u0103lii care n-au intrat \u00een grev\u0103 \u0219i \u00ee\u0219i onoreaz\u0103 profesia protej\u00e2nd interesele elevilor lor.<\/strong><\/p>\n\n\n\n<p>o Sunt cadre didactice care consider\u0103 greva tardiv\u0103 \u0219i nedreapt\u0103 pentru elevi; tocmai de aceea au ales s\u0103 continue preg\u0103tirea, mai ales cu copiii care au examene<\/p>\n\n\n\n<p>o <strong>Este nevoie de un compromis care s\u0103 readuc\u0103 \u0219coala la normal! PSD \u00een\u021belege problemele, este deschis pentru dialog pentru a se ajunge la o solu\u021bie responsabil\u0103 pentru toate p\u0103r\u021bile<\/strong>\u201d.<\/p>\n\n\n\n<p>Totodat\u0103, social-democra\u0163ii precizeaz\u0103 c\u0103 declara\u021biile pre\u0219edintelui PSD au fost clare: &#8222;suspend\u0103m negocierile politice p\u00e2n\u0103 rezolv\u0103m criza din Educa\u021bie, care afecteaz\u0103 milioane de familii din Rom\u00e2nia. Negocierile politice nici nu ar putea continua \u00een momentul de fa\u021b\u0103: liderii sunt \u00een discu\u021bii permanente cu sindicatele, cu p\u0103rin\u021bii \u0219i elevii. <\/p>\n\n\n\n<p>Pre\u0219edintele PSD a avut o atitudine corect\u0103: este normal s\u0103 l\u0103s\u0103m politica de-o parte c\u00e2nd avem o astfel de criz\u0103. <strong>Este absurd s\u0103 se insinueze c\u0103 pre\u0219edintele PSD ar urm\u0103ri \u00eent\u00e2rzierea negocierilor politice, dup\u0103 ce s-a v\u0103zut c\u0103 a \u00eencercat s\u0103 rezolve c\u00e2t mai repede greva din Educa\u021bie, chem\u00e2nd sindicatele la discu\u021bii \u0219i \u00een timpul weekend-ului.<\/strong><\/p>\n\n\n\n<p>o Dac\u0103 premierul Ciuc\u0103 \u00ee\u0219i va da demisia pe 26 Mai, se aplic\u0103 procedurile constitu\u021bionale. Guvernul \u00een func\u021bie va asigura interimatul, cu atribu\u021bii restr\u00e2nse la gestionarea problemelor curente ale \u021b\u0103rii, pre\u0219edintele declan\u0219eaz\u0103 consult\u0103rile politice \u00een urma c\u0103rora acord\u0103 &nbsp;mandatului de premier pentru formarea noului guvern \u0219i ob\u021binerea votului de \u00eenvestitur\u0103 \u00een Parlament.<\/p>\n\n\n\n<p>o \u00cen prezent nu mai exist\u0103 discu\u021bii politice \u2013 liderii coali\u021biei sunt angaja\u021bi \u00een discu\u021biile cu toate p\u0103r\u021bile din educa\u021bie. Continu\u0103 \u00eens\u0103 munca exper\u021bilor din partide care definesc politicile publice ce vor fi incluse \u00een viitorul program de guvernare. Acestea nu sunt negocieri politice&#8221;- PSD.<\/p>\n","protected":false},"excerpt":{"rendered":"<p>Reprezentan\u0163ii Partidului Social Democrat au venit cu preciz\u0103ri pe tema crizei din educa\u0163ie. Social-democra\u0163ii sus\u0163in c\u0103 niciun efort nu e prea mare, niciun demers nu e inutil, dac\u0103 astfel contribuie la \u00eencheierea grevei generale a profesorilor \u0219i la re\u00eenceperea cursurilor \u00een toate \u0219colile. \u201cDup\u0103 rundele de discu\u021bii cu sindicatele din weekend, pre\u0219edintele PSD Marcel Ciolacu [&hellip;]<\/p>\n","protected":false},"author":1,"featured_media":81085,"comment_status":"open","ping_status":"open","sticky":false,"template":"","format":"standard","meta":{"slim_seo":{"title":"PSD: \u201cNiciun efort nu e prea mare, niciun demers nu e inutil, dac\u0103 astfel contribuie la \u00eencheierea grevei generale a profesorilor\u201d - GIURGIU NET","description":"Reprezentan\u0163ii Partidului Social Democrat au venit cu preciz\u0103ri pe tema crizei din educa\u0163ie. Social-democra\u0163ii sus\u0163in c\u0103 niciun efort nu e prea mare, niciun dem"},"footnotes":""},"categories":[18,29,25,26],"tags":[2935,2250],"class_list":{"0":"post-85396","1":"post","2":"type-post","3":"status-publish","4":"format-standard","5":"has-post-thumbnail","7":"category-actual","8":"category-educatie-si-cultura","9":"category-pol","10":"category-soc","11":"tag-criza-educatie","12":"tag-psd"},"_links":{"self":[{"href":"https:\/\/giurgiu-net.ro\/index.php\/wp-json\/wp\/v2\/posts\/85396","targetHints":{"allow":["GET"]}}],"collection":[{"href":"https:\/\/giurgiu-net.ro\/index.php\/wp-json\/wp\/v2\/posts"}],"about":[{"href":"https:\/\/giurgiu-net.ro\/index.php\/wp-json\/wp\/v2\/types\/post"}],"author":[{"embeddable":true,"href":"https:\/\/giurgiu-net.ro\/index.php\/wp-json\/wp\/v2\/users\/1"}],"replies":[{"embeddable":true,"href":"https:\/\/giurgiu-net.ro\/index.php\/wp-json\/wp\/v2\/comments?post=85396"}],"version-history":[{"count":0,"href":"https:\/\/giurgiu-net.ro\/index.php\/wp-json\/wp\/v2\/posts\/85396\/revisions"}],"wp:featuredmedia":[{"embeddable":true,"href":"https:\/\/giurgiu-net.ro\/index.php\/wp-json\/wp\/v2\/media\/81085"}],"wp:attachment":[{"href":"https:\/\/giurgiu-net.ro\/index.php\/wp-json\/wp\/v2\/media?parent=85396"}],"wp:term":[{"taxonomy":"category","embeddable":true,"href":"https:\/\/giurgiu-net.ro\/index.php\/wp-json\/wp\/v2\/categories?post=85396"},{"taxonomy":"post_tag","embeddable":true,"href":"https:\/\/giurgiu-net.ro\/index.php\/wp-json\/wp\/v2\/tags?post=85396"}],"curies":[{"name":"wp","href":"https:\/\/api.w.org\/{rel}","templated":true}]}}