{"id":85011,"date":"2023-04-26T10:44:37","date_gmt":"2023-04-26T07:44:37","guid":{"rendered":"https:\/\/giurgiu-net.ro\/?p=85011"},"modified":"2023-04-26T10:44:38","modified_gmt":"2023-04-26T07:44:38","slug":"incendiu-la-o-masina-in-hulubesti-din-cauza-unei-brichete","status":"publish","type":"post","link":"https:\/\/giurgiu-net.ro\/index.php\/2023\/04\/26\/incendiu-la-o-masina-in-hulubesti-din-cauza-unei-brichete\/","title":{"rendered":"Incendiu la o ma\u015fin\u0103, \u00een Hulube\u015fti, din cauza unei brichete"},"content":{"rendered":"\n<p>Un autoturism a luat foc, \u00een aceast\u0103 dup\u0103-amiaz\u0103, \u00een localitatea Hulube\u0219ti. Ma\u0219ina era parcat\u0103 \u00een momentul \u00een care s-a produs evenimentul. Cel mai probabil, conduc\u0103torul auto a l\u0103sat o brichet\u0103 cu protec\u021bie antiv\u00e2nt aprins\u0103 pe scaunul din dreapta \u0219oferului, crez\u00e2nd ca aceasta s-a stins. C\u00e2nd s-a \u00eentors la ma\u0219in\u0103, interiorul era deja cuprins de fl\u0103c\u0103ri \u0219i a cerut ajutor.<\/p>\n\n\n\n<p>La caz s-au deplasat pompierii din cadrul Punctului de Lucru C\u0103lug\u0103reni, cu o autospecial\u0103 de stingere cu ap\u0103 \u0219i spum\u0103. Ace\u0219tia au constatat c\u0103 autoturismul, dotat \u0219i cu instala\u021bie GPL, ardea \u00een propor\u021bie de 90%.<\/p>\n\n\n\n<p>Incendiul a fost stins \u00een limitele g\u0103site.<\/p>\n\n\n\n<figure class=\"wp-block-gallery has-nested-images columns-default is-cropped wp-block-gallery-1 is-layout-flex wp-block-gallery-is-layout-flex\">\n<figure class=\"wp-block-image size-large\"><img loading=\"lazy\" decoding=\"async\" width=\"1024\" height=\"870\" data-id=\"85013\" src=\"https:\/\/giurgiu-net.ro\/wp-content\/uploads\/2023\/04\/3ea9c4fa-a2ef-4600-b031-8441414dfd02-1024x870.jpg\" alt=\"\" class=\"wp-image-85013\" srcset=\"https:\/\/giurgiu-net.ro\/wp-content\/uploads\/2023\/04\/3ea9c4fa-a2ef-4600-b031-8441414dfd02-1024x870.jpg 1024w, https:\/\/giurgiu-net.ro\/wp-content\/uploads\/2023\/04\/3ea9c4fa-a2ef-4600-b031-8441414dfd02-300x255.jpg 300w, https:\/\/giurgiu-net.ro\/wp-content\/uploads\/2023\/04\/3ea9c4fa-a2ef-4600-b031-8441414dfd02-768x653.jpg 768w, https:\/\/giurgiu-net.ro\/wp-content\/uploads\/2023\/04\/3ea9c4fa-a2ef-4600-b031-8441414dfd02-696x592.jpg 696w, https:\/\/giurgiu-net.ro\/wp-content\/uploads\/2023\/04\/3ea9c4fa-a2ef-4600-b031-8441414dfd02-1068x908.jpg 1068w, https:\/\/giurgiu-net.ro\/wp-content\/uploads\/2023\/04\/3ea9c4fa-a2ef-4600-b031-8441414dfd02-494x420.jpg 494w, https:\/\/giurgiu-net.ro\/wp-content\/uploads\/2023\/04\/3ea9c4fa-a2ef-4600-b031-8441414dfd02.jpg 1173w\" sizes=\"auto, (max-width: 1024px) 100vw, 1024px\" \/><\/figure>\n\n\n\n<figure class=\"wp-block-image size-large\"><img loading=\"lazy\" decoding=\"async\" width=\"1024\" height=\"992\" data-id=\"85012\" src=\"https:\/\/giurgiu-net.ro\/wp-content\/uploads\/2023\/04\/42ce8f68-673a-479d-a389-d662117c23b1-1024x992.jpg\" alt=\"\" class=\"wp-image-85012\" srcset=\"https:\/\/giurgiu-net.ro\/wp-content\/uploads\/2023\/04\/42ce8f68-673a-479d-a389-d662117c23b1-1024x992.jpg 1024w, https:\/\/giurgiu-net.ro\/wp-content\/uploads\/2023\/04\/42ce8f68-673a-479d-a389-d662117c23b1-300x291.jpg 300w, https:\/\/giurgiu-net.ro\/wp-content\/uploads\/2023\/04\/42ce8f68-673a-479d-a389-d662117c23b1-768x744.jpg 768w, https:\/\/giurgiu-net.ro\/wp-content\/uploads\/2023\/04\/42ce8f68-673a-479d-a389-d662117c23b1-696x675.jpg 696w, https:\/\/giurgiu-net.ro\/wp-content\/uploads\/2023\/04\/42ce8f68-673a-479d-a389-d662117c23b1-1068x1035.jpg 1068w, https:\/\/giurgiu-net.ro\/wp-content\/uploads\/2023\/04\/42ce8f68-673a-479d-a389-d662117c23b1-433x420.jpg 433w, https:\/\/giurgiu-net.ro\/wp-content\/uploads\/2023\/04\/42ce8f68-673a-479d-a389-d662117c23b1.jpg 1200w\" sizes=\"auto, (max-width: 1024px) 100vw, 1024px\" \/><\/figure>\n<\/figure>\n\n\n\n<p>Comunicat \u015fi foto: ISU Giurgiu<\/p>\n","protected":false},"excerpt":{"rendered":"<p>Un autoturism a luat foc, \u00een aceast\u0103 dup\u0103-amiaz\u0103, \u00een localitatea Hulube\u0219ti. Ma\u0219ina era parcat\u0103 \u00een momentul \u00een care s-a produs evenimentul. Cel mai probabil, conduc\u0103torul auto a l\u0103sat o brichet\u0103 cu protec\u021bie antiv\u00e2nt aprins\u0103 pe scaunul din dreapta \u0219oferului, crez\u00e2nd ca aceasta s-a stins. C\u00e2nd s-a \u00eentors la ma\u0219in\u0103, interiorul era deja cuprins de fl\u0103c\u0103ri [&hellip;]<\/p>\n","protected":false},"author":1,"featured_media":85012,"comment_status":"open","ping_status":"open","sticky":false,"template":"","format":"standard","meta":{"slim_seo":{"title":"Incendiu la o ma\u015fin\u0103, \u00een Hulube\u015fti, din cauza unei brichete - GIURGIU NET","description":"Un autoturism a luat foc, \u00een aceast\u0103 dup\u0103-amiaz\u0103, \u00een localitatea Hulube\u0219ti. Ma\u0219ina era parcat\u0103 \u00een momentul \u00een care s-a produs evenimentul. Cel mai probabil, con"},"footnotes":""},"categories":[18,26],"tags":[1452],"class_list":{"0":"post-85011","1":"post","2":"type-post","3":"status-publish","4":"format-standard","5":"has-post-thumbnail","7":"category-actual","8":"category-soc","9":"tag-isu-giurgiu"},"_links":{"self":[{"href":"https:\/\/giurgiu-net.ro\/index.php\/wp-json\/wp\/v2\/posts\/85011","targetHints":{"allow":["GET"]}}],"collection":[{"href":"https:\/\/giurgiu-net.ro\/index.php\/wp-json\/wp\/v2\/posts"}],"about":[{"href":"https:\/\/giurgiu-net.ro\/index.php\/wp-json\/wp\/v2\/types\/post"}],"author":[{"embeddable":true,"href":"https:\/\/giurgiu-net.ro\/index.php\/wp-json\/wp\/v2\/users\/1"}],"replies":[{"embeddable":true,"href":"https:\/\/giurgiu-net.ro\/index.php\/wp-json\/wp\/v2\/comments?post=85011"}],"version-history":[{"count":0,"href":"https:\/\/giurgiu-net.ro\/index.php\/wp-json\/wp\/v2\/posts\/85011\/revisions"}],"wp:featuredmedia":[{"embeddable":true,"href":"https:\/\/giurgiu-net.ro\/index.php\/wp-json\/wp\/v2\/media\/85012"}],"wp:attachment":[{"href":"https:\/\/giurgiu-net.ro\/index.php\/wp-json\/wp\/v2\/media?parent=85011"}],"wp:term":[{"taxonomy":"category","embeddable":true,"href":"https:\/\/giurgiu-net.ro\/index.php\/wp-json\/wp\/v2\/categories?post=85011"},{"taxonomy":"post_tag","embeddable":true,"href":"https:\/\/giurgiu-net.ro\/index.php\/wp-json\/wp\/v2\/tags?post=85011"}],"curies":[{"name":"wp","href":"https:\/\/api.w.org\/{rel}","templated":true}]}}