{"id":84989,"date":"2023-04-24T10:30:51","date_gmt":"2023-04-24T07:30:51","guid":{"rendered":"https:\/\/giurgiu-net.ro\/?p=84989"},"modified":"2023-04-24T10:45:27","modified_gmt":"2023-04-24T07:45:27","slug":"mesajul-deputatului-marian-mina-cu-ocazia-zilei-municipiului-giurgiu","status":"publish","type":"post","link":"https:\/\/giurgiu-net.ro\/index.php\/2023\/04\/24\/mesajul-deputatului-marian-mina-cu-ocazia-zilei-municipiului-giurgiu\/","title":{"rendered":"Mesajul deputatului Marian Mina, cu ocazia Zilei Municipiului Giurgiu"},"content":{"rendered":"\n<p class=\"wp-block-paragraph\">\u00cen <a href=\"https:\/\/www.facebook.com\/hashtag\/giurgiu?__eep__=6&amp;__cft__[0]=AZVaJt3yDlBOuoQ2LPHNkgnELeai1FpsG2QXwd82_BbDqufIEvU1o_wEDIVCYuNZ2oSEw9MBPE8vhR4axkO402GdiRZfZi1mRnNXObZkvnAaUSvqwBHsFZLif9jFp3Ors6PAwdOJo4iMEFeFOL62Xt5gbo6qbPtgZNlocRJyNgo6lv5AjG_94-GYFJ2mSFK_EOs&amp;__tn__=*NK-R\">#Giurgiu<\/a> sunt to\u0163i cei dragi mie! \u00cen Giurgiu am cele mai frumoase amintiri, aici am crescut, aici am \u00eenv\u0103\u0163at, aici am muncit \u015fi am r\u0103mas \u00een Giurgiu pentru c\u0103 aici este ACAS\u0102.<\/p>\n\n\n\n<p class=\"wp-block-paragraph\">\u00cemi doresc, ca \u015fi voi, ca ora\u015ful nostru s\u0103 reu\u015feasc\u0103, p\u00e2n\u0103 la urm\u0103, s\u0103 \u00ee\u015fi pun\u0103 \u00een valoare poten\u0163ialul! \u015ei voi face, ca \u015fi p\u00e2n\u0103 acum, tot ce depinde de mine ca acest lucru s\u0103 se \u00eent\u00e2mple c\u00e2t mai cur\u00e2nd.<\/p>\n\n\n\n<p class=\"wp-block-paragraph\">La Mul\u0163i Ani, giurgiuveni, La Mul\u0163i Ani, <a href=\"https:\/\/www.facebook.com\/hashtag\/giurgiu?__eep__=6&amp;__cft__[0]=AZVaJt3yDlBOuoQ2LPHNkgnELeai1FpsG2QXwd82_BbDqufIEvU1o_wEDIVCYuNZ2oSEw9MBPE8vhR4axkO402GdiRZfZi1mRnNXObZkvnAaUSvqwBHsFZLif9jFp3Ors6PAwdOJo4iMEFeFOL62Xt5gbo6qbPtgZNlocRJyNgo6lv5AjG_94-GYFJ2mSFK_EOs&amp;__tn__=*NK-R\">#Giurgiu<\/a>!<\/p>\n\n\n\n<p class=\"wp-block-paragraph\">La Mul\u0163i Ani tuturor celor care poart\u0103 numele Sf\u00e2ntului Mare Mucenic Gheorghe! &#8211; pre\u015fedinte PSD Giurgiu, deputat Marian Mina<\/p>\n","protected":false},"excerpt":{"rendered":"<p>\u00cen #Giurgiu sunt to\u0163i cei dragi mie! \u00cen Giurgiu am cele mai frumoase amintiri, aici am crescut, aici am \u00eenv\u0103\u0163at, aici am muncit \u015fi am r\u0103mas \u00een Giurgiu pentru c\u0103 aici este ACAS\u0102. \u00cemi doresc, ca \u015fi voi, ca ora\u015ful nostru s\u0103 reu\u015feasc\u0103, p\u00e2n\u0103 la urm\u0103, s\u0103 \u00ee\u015fi pun\u0103 \u00een valoare poten\u0163ialul! \u015ei voi face, [&hellip;]<\/p>\n","protected":false},"author":1,"featured_media":84992,"comment_status":"open","ping_status":"open","sticky":false,"template":"","format":"standard","meta":{"slim_seo":{"title":"Mesajul deputatului Marian Mina, cu ocazia Zilei Municipiului Giurgiu - GIURGIU NET","description":"\u00cen #Giurgiu sunt to\u0163i cei dragi mie! \u00cen Giurgiu am cele mai frumoase amintiri, aici am crescut, aici am \u00eenv\u0103\u0163at, aici am muncit \u015fi am r\u0103mas \u00een Giurgiu pentru c\u0103"},"footnotes":""},"categories":[18,26],"tags":[1626],"class_list":["post-84989","post","type-post","status-publish","format-standard","has-post-thumbnail","category-actual","category-soc","tag-marian-mina"],"_links":{"self":[{"href":"https:\/\/giurgiu-net.ro\/index.php\/wp-json\/wp\/v2\/posts\/84989","targetHints":{"allow":["GET"]}}],"collection":[{"href":"https:\/\/giurgiu-net.ro\/index.php\/wp-json\/wp\/v2\/posts"}],"about":[{"href":"https:\/\/giurgiu-net.ro\/index.php\/wp-json\/wp\/v2\/types\/post"}],"author":[{"embeddable":true,"href":"https:\/\/giurgiu-net.ro\/index.php\/wp-json\/wp\/v2\/users\/1"}],"replies":[{"embeddable":true,"href":"https:\/\/giurgiu-net.ro\/index.php\/wp-json\/wp\/v2\/comments?post=84989"}],"version-history":[{"count":0,"href":"https:\/\/giurgiu-net.ro\/index.php\/wp-json\/wp\/v2\/posts\/84989\/revisions"}],"wp:featuredmedia":[{"embeddable":true,"href":"https:\/\/giurgiu-net.ro\/index.php\/wp-json\/wp\/v2\/media\/84992"}],"wp:attachment":[{"href":"https:\/\/giurgiu-net.ro\/index.php\/wp-json\/wp\/v2\/media?parent=84989"}],"wp:term":[{"taxonomy":"category","embeddable":true,"href":"https:\/\/giurgiu-net.ro\/index.php\/wp-json\/wp\/v2\/categories?post=84989"},{"taxonomy":"post_tag","embeddable":true,"href":"https:\/\/giurgiu-net.ro\/index.php\/wp-json\/wp\/v2\/tags?post=84989"}],"curies":[{"name":"wp","href":"https:\/\/api.w.org\/{rel}","templated":true}]}}