{"id":84639,"date":"2023-03-13T11:26:26","date_gmt":"2023-03-13T09:26:26","guid":{"rendered":"https:\/\/giurgiu-net.ro\/?p=84639"},"modified":"2023-03-13T11:26:26","modified_gmt":"2023-03-13T09:26:26","slug":"cum-va-fi-vremea-la-giurgiu-saptamana-asta-2","status":"publish","type":"post","link":"https:\/\/giurgiu-net.ro\/index.php\/2023\/03\/13\/cum-va-fi-vremea-la-giurgiu-saptamana-asta-2\/","title":{"rendered":"Cum va fi vremea la Giurgiu, s\u0103pt\u0103m\u00e2na asta?"},"content":{"rendered":"\n<p>Vreme mai cald\u0103, zilele acestea, dec\u00e2t ar trebui s\u0103 fie \u00een aceast\u0103 perioad\u0103. Meteorologii anun\u0163\u0103 c\u0103 abia joi \u015fi vineri sunt a\u015fteptate ploi, c\u00e2nd temperaturile vor sc\u0103dea p\u00e2n\u0103 \u00een jurul valorii de 8 grade Celsius.<\/p>\n\n\n\n<p>P\u00e2n\u0103 atunci, vom avea maxime cuprinse \u00eentre 13(azi) \u015fi 18 grade Celsius(miercuri). De s\u00e2mb\u0103t\u0103, vremea se va \u00eenc\u0103lzi din nou, astfel c\u0103 duminica viitoare, maximele vor atinge valoarea de 17 grade Celsius. <\/p>\n\n\n\n<p>S\u0103pt\u0103m\u00e2na aceasta, minimele vor fi cuprinse \u00eentre 0 \u015fi 4 grade.<\/p>\n\n\n\n<figure class=\"wp-block-image size-full\"><img loading=\"lazy\" decoding=\"async\" width=\"771\" height=\"403\" src=\"https:\/\/giurgiu-net.ro\/wp-content\/uploads\/2023\/03\/vrebe.jpg\" alt=\"\" class=\"wp-image-84640\" srcset=\"https:\/\/giurgiu-net.ro\/wp-content\/uploads\/2023\/03\/vrebe.jpg 771w, https:\/\/giurgiu-net.ro\/wp-content\/uploads\/2023\/03\/vrebe-300x157.jpg 300w, https:\/\/giurgiu-net.ro\/wp-content\/uploads\/2023\/03\/vrebe-768x401.jpg 768w, https:\/\/giurgiu-net.ro\/wp-content\/uploads\/2023\/03\/vrebe-696x364.jpg 696w\" sizes=\"auto, (max-width: 771px) 100vw, 771px\" \/><\/figure>\n","protected":false},"excerpt":{"rendered":"<p>Vreme mai cald\u0103, zilele acestea, dec\u00e2t ar trebui s\u0103 fie \u00een aceast\u0103 perioad\u0103. Meteorologii anun\u0163\u0103 c\u0103 abia joi \u015fi vineri sunt a\u015fteptate ploi, c\u00e2nd temperaturile vor sc\u0103dea p\u00e2n\u0103 \u00een jurul valorii de 8 grade Celsius. P\u00e2n\u0103 atunci, vom avea maxime cuprinse \u00eentre 13(azi) \u015fi 18 grade Celsius(miercuri). De s\u00e2mb\u0103t\u0103, vremea se va \u00eenc\u0103lzi din nou, [&hellip;]<\/p>\n","protected":false},"author":1,"featured_media":51533,"comment_status":"open","ping_status":"open","sticky":false,"template":"","format":"standard","meta":{"slim_seo":{"title":"Cum va fi vremea la Giurgiu, s\u0103pt\u0103m\u00e2na asta? - GIURGIU NET","description":"Vreme mai cald\u0103, zilele acestea, dec\u00e2t ar trebui s\u0103 fie \u00een aceast\u0103 perioad\u0103. Meteorologii anun\u0163\u0103 c\u0103 abia joi \u015fi vineri sunt a\u015fteptate ploi, c\u00e2nd temperaturile v"},"footnotes":""},"categories":[18,26],"tags":[],"class_list":{"0":"post-84639","1":"post","2":"type-post","3":"status-publish","4":"format-standard","5":"has-post-thumbnail","7":"category-actual","8":"category-soc"},"_links":{"self":[{"href":"https:\/\/giurgiu-net.ro\/index.php\/wp-json\/wp\/v2\/posts\/84639","targetHints":{"allow":["GET"]}}],"collection":[{"href":"https:\/\/giurgiu-net.ro\/index.php\/wp-json\/wp\/v2\/posts"}],"about":[{"href":"https:\/\/giurgiu-net.ro\/index.php\/wp-json\/wp\/v2\/types\/post"}],"author":[{"embeddable":true,"href":"https:\/\/giurgiu-net.ro\/index.php\/wp-json\/wp\/v2\/users\/1"}],"replies":[{"embeddable":true,"href":"https:\/\/giurgiu-net.ro\/index.php\/wp-json\/wp\/v2\/comments?post=84639"}],"version-history":[{"count":0,"href":"https:\/\/giurgiu-net.ro\/index.php\/wp-json\/wp\/v2\/posts\/84639\/revisions"}],"wp:featuredmedia":[{"embeddable":true,"href":"https:\/\/giurgiu-net.ro\/index.php\/wp-json\/wp\/v2\/media\/51533"}],"wp:attachment":[{"href":"https:\/\/giurgiu-net.ro\/index.php\/wp-json\/wp\/v2\/media?parent=84639"}],"wp:term":[{"taxonomy":"category","embeddable":true,"href":"https:\/\/giurgiu-net.ro\/index.php\/wp-json\/wp\/v2\/categories?post=84639"},{"taxonomy":"post_tag","embeddable":true,"href":"https:\/\/giurgiu-net.ro\/index.php\/wp-json\/wp\/v2\/tags?post=84639"}],"curies":[{"name":"wp","href":"https:\/\/api.w.org\/{rel}","templated":true}]}}