{"id":84588,"date":"2023-03-10T11:08:03","date_gmt":"2023-03-10T09:08:03","guid":{"rendered":"https:\/\/giurgiu-net.ro\/?p=84588"},"modified":"2023-03-10T11:08:03","modified_gmt":"2023-03-10T09:08:03","slug":"cod-galben-de-vant-in-tot-judetul-giurgiu-2","status":"publish","type":"post","link":"https:\/\/giurgiu-net.ro\/index.php\/2023\/03\/10\/cod-galben-de-vant-in-tot-judetul-giurgiu-2\/","title":{"rendered":"Cod galben de v\u00e2nt \u00een tot jude\u021bul GIURGIU"},"content":{"rendered":"\n<p>De m\u00e2ine diminea\u021b\u0103, de la ora 08:00, p\u00e2n\u0103 duminic\u0103 la ora 15:00, jude\u021bul Giurgiu se va afla sub o aten\u021bionare meteorologic\u0103 tip Cod Galben de intensific\u0103ri temporare ale v\u00e2ntului. Acesta va bate cu vitez\u0103 de 50-65 km\/h \u0219i izolat peste 70 km\/h.<br>Pentru a preveni situa\u021biile de urgen\u021b\u0103, recomand\u0103m cet\u0103\u021benilor respectarea urm\u0103toarelor m\u0103suri:<\/p>\n\n\n\n<ul class=\"wp-block-list\">\n<li>fi\u021bi pruden\u021bi atunci c\u00e2nd v\u0103 afla\u021bi pe strad\u0103 \u0219i evita\u021bi deplasarea \u00een zone cu panouri publicitare, copaci sau st\u00e2lpi de electricitate care ar putea fi dobor\u00e2\u021bi;<\/li>\n\n\n\n<li>nu trece\u021bi prin dreptul cl\u0103dirilor aflate \u00een construc\u021bie sau care prezint\u0103 elemente arhitectonice ce pot fi smulse de v\u00e2nt \u0219i nu v\u0103 ad\u0103posti\u021bi aproape de construc\u021bii improvizate;<\/li>\n\n\n\n<li>parca\u021bi autoturismele la distan\u021b\u0103 sigur\u0103 fa\u021b\u0103 de copaci sau st\u00e2lpi de electricitate;<\/li>\n\n\n\n<li>\u00eendep\u0103rta\u021bi copacii sau ramurile uscate, care pe timpul unei furtuni, ar putea c\u0103dea \u015fi provoca victime sau pagube materiale;<\/li>\n\n\n\n<li>nu atinge\u021bi firele c\u0103zute la p\u0103m\u00e2nt.<br>Reamintim faptul c\u0103, \u00een condi\u021bii de v\u00e2nt puternic, folosirea focului deschis \u00een gospod\u0103rii sau arderea vegeta\u021biei uscate sunt foarte periculoase, fiind \u0219i interzise. V\u00e2ntul poate propaga focul, \u00eentr-un timp foarte scurt, la cl\u0103diri, depozite sau chiar la p\u0103duri.<br>Pentru a preveni incendiile, nu trebuie aruncate resturi de \u021bigar\u0103 sau be\u021be de chibrit aproape de c\u0103pi\u021bele de f\u00e2n sau de locurile \u00een care sunt depozitate furaje, lemne de foc, substan\u021be inflamabile sau alte materiale combustibile.<br>Informat\u0326ii despre modul de comportare i\u0302n cazul producerii unor situat\u0326ii de urgent\u0326a\u0306 sau alte date utile despre manifestarea fenomenelor meteorologice periculoase pot fi obt\u0326inute prin accesarea portalului fiipregatit.ro sau prin intermediul aplicat\u0326iei DSU, care poate fi desca\u0306rcata\u0306 gratuit din Google Play Store s\u0326i AppStore.<\/li>\n<\/ul>\n\n\n\n<p>Comunicat \u015fi foto: ISU Giurgiu<\/p>\n","protected":false},"excerpt":{"rendered":"<p>De m\u00e2ine diminea\u021b\u0103, de la ora 08:00, p\u00e2n\u0103 duminic\u0103 la ora 15:00, jude\u021bul Giurgiu se va afla sub o aten\u021bionare meteorologic\u0103 tip Cod Galben de intensific\u0103ri temporare ale v\u00e2ntului. Acesta va bate cu vitez\u0103 de 50-65 km\/h \u0219i izolat peste 70 km\/h.Pentru a preveni situa\u021biile de urgen\u021b\u0103, recomand\u0103m cet\u0103\u021benilor respectarea urm\u0103toarelor m\u0103suri: Comunicat \u015fi foto: [&hellip;]<\/p>\n","protected":false},"author":1,"featured_media":84589,"comment_status":"open","ping_status":"open","sticky":false,"template":"","format":"standard","meta":{"slim_seo":{"title":"Cod galben de v\u00e2nt \u00een tot jude\u021bul GIURGIU - GIURGIU NET","description":"De m\u00e2ine diminea\u021b\u0103, de la ora 08:00, p\u00e2n\u0103 duminic\u0103 la ora 15:00, jude\u021bul Giurgiu se va afla sub o aten\u021bionare meteorologic\u0103 tip Cod Galben de intensific\u0103ri temp"},"footnotes":""},"categories":[18,26],"tags":[1452],"class_list":{"0":"post-84588","1":"post","2":"type-post","3":"status-publish","4":"format-standard","5":"has-post-thumbnail","7":"category-actual","8":"category-soc","9":"tag-isu-giurgiu"},"_links":{"self":[{"href":"https:\/\/giurgiu-net.ro\/index.php\/wp-json\/wp\/v2\/posts\/84588","targetHints":{"allow":["GET"]}}],"collection":[{"href":"https:\/\/giurgiu-net.ro\/index.php\/wp-json\/wp\/v2\/posts"}],"about":[{"href":"https:\/\/giurgiu-net.ro\/index.php\/wp-json\/wp\/v2\/types\/post"}],"author":[{"embeddable":true,"href":"https:\/\/giurgiu-net.ro\/index.php\/wp-json\/wp\/v2\/users\/1"}],"replies":[{"embeddable":true,"href":"https:\/\/giurgiu-net.ro\/index.php\/wp-json\/wp\/v2\/comments?post=84588"}],"version-history":[{"count":0,"href":"https:\/\/giurgiu-net.ro\/index.php\/wp-json\/wp\/v2\/posts\/84588\/revisions"}],"wp:featuredmedia":[{"embeddable":true,"href":"https:\/\/giurgiu-net.ro\/index.php\/wp-json\/wp\/v2\/media\/84589"}],"wp:attachment":[{"href":"https:\/\/giurgiu-net.ro\/index.php\/wp-json\/wp\/v2\/media?parent=84588"}],"wp:term":[{"taxonomy":"category","embeddable":true,"href":"https:\/\/giurgiu-net.ro\/index.php\/wp-json\/wp\/v2\/categories?post=84588"},{"taxonomy":"post_tag","embeddable":true,"href":"https:\/\/giurgiu-net.ro\/index.php\/wp-json\/wp\/v2\/tags?post=84588"}],"curies":[{"name":"wp","href":"https:\/\/api.w.org\/{rel}","templated":true}]}}