{"id":84412,"date":"2023-02-24T22:09:45","date_gmt":"2023-02-24T20:09:45","guid":{"rendered":"https:\/\/giurgiu-net.ro\/?p=84412"},"modified":"2023-02-24T22:09:45","modified_gmt":"2023-02-24T20:09:45","slug":"presedintele-psd-giurgiu-marian-mina-in-timp-ce-pnl-istii-vorbesc-de-campusuri-universitare-la-giurgiu-primarul-lor-le-fura-copiilor-banii-de-tabara","status":"publish","type":"post","link":"https:\/\/giurgiu-net.ro\/index.php\/2023\/02\/24\/presedintele-psd-giurgiu-marian-mina-in-timp-ce-pnl-istii-vorbesc-de-campusuri-universitare-la-giurgiu-primarul-lor-le-fura-copiilor-banii-de-tabara\/","title":{"rendered":"Pre\u015fedintele PSD Giurgiu, Marian Mina: &#8222;\u00cen timp ce PNL-i\u015ftii vorbesc de campusuri universitare, la Giurgiu, primarul lor le fur\u0103 copiilor banii de tab\u0103r\u0103!&#8221;"},"content":{"rendered":"\n<p>&#8222;<\/p>\n\n\n\n<p>Primarul #PNL din Vedea a fost trimis \u00een judecat\u0103, fiind acuzat c\u0103 a furat vacan\u0163a \u015fi banii(europeni) destina\u0163i elevilor din localitate. A trimis acas\u0103 copiii care erau \u00een tab\u0103r\u0103, cu dou\u0103 zile mai devreme, ca s\u0103-\u015fi distreze el familia \u015fi prietenii, cu fondurile alocate pentru elevi. Nu exist\u0103 ru\u015fine mai mare!<\/p>\n\n\n\n<p>Domnilor PNL-i\u015fti, nu mai sunte\u0163i revolta\u0163i, nu mai striga\u0163i despre c\u00e2t de important\u0103 este educa\u0163ia? C\u00e2nd, iat\u0103, fur\u0103 unul dintre voi banii copiilor, la propriu, nu v\u0103 mai \u201et\u0103v\u0103li\u0163i\u201d pe Facebook?<\/p>\n\n\n\n<p>Nu \u015fti\u0163i dec\u00e2t s\u0103 promite\u0163i SF-uri, dar lucruri cu adev\u0103rat importante pentru Giurgiu nu face\u0163i! Nu \u015fti\u0163i dec\u00e2t s\u0103 v\u0103 victimiza\u0163i \u015fi s\u0103 promite\u0163i marea cu sarea, \u00eendator\u00e2ndu-i pe giurgiuveni cel pu\u0163in 30 de ani de acum \u00eenainte.<\/p>\n\n\n\n<p>Vorbi\u0163i de campusuri SF \u015fi ne ar\u0103ta\u0163i pe noi cu degetul, dar nu v\u0103 e niciun pic de ru\u015fine s\u0103 \u00eei pedepsi\u0163i, din 2020 \u00eencoace, prin toate aloc\u0103rile de la Consiliul Jude\u0163ean, pe to\u0163i copiii care locuiesc \u00een comunele conduse de social-democra\u0163i.<\/p>\n\n\n\n<p>Cine-i vrea, de fapt, pro\u015fti pe giurgiuveni? VOI \u015fi prietenii vo\u015ftri, interesa\u0163i doar s\u0103 v\u0103 umple\u0163i buzunarele cu bani din studii de fezabilitate \u015fi consultan\u0163\u0103. \u015ei, mai nou, chiar cu banii bie\u0163ilor copii!<\/p>\n\n\n\n<p>Ru\u015fine!&#8221;- pre\u015fedinte PSD Giurgiu, Marian Mina<\/p>\n","protected":false},"excerpt":{"rendered":"<p>&#8222; Primarul #PNL din Vedea a fost trimis \u00een judecat\u0103, fiind acuzat c\u0103 a furat vacan\u0163a \u015fi banii(europeni) destina\u0163i elevilor din localitate. A trimis acas\u0103 copiii care erau \u00een tab\u0103r\u0103, cu dou\u0103 zile mai devreme, ca s\u0103-\u015fi distreze el familia \u015fi prietenii, cu fondurile alocate pentru elevi. Nu exist\u0103 ru\u015fine mai mare! Domnilor PNL-i\u015fti, nu [&hellip;]<\/p>\n","protected":false},"author":1,"featured_media":84397,"comment_status":"open","ping_status":"open","sticky":false,"template":"","format":"standard","meta":{"slim_seo":{"title":"Pre\u015fedintele PSD Giurgiu, Marian Mina: \"\u00cen timp ce PNL-i\u015ftii vorbesc de campusuri universitare, la Giurgiu, primarul lor le fur\u0103 copiilor banii de tab\u0103r\u0103!\" - GIURGIU NET","description":"\" Primarul #PNL din Vedea a fost trimis \u00een judecat\u0103, fiind acuzat c\u0103 a furat vacan\u0163a \u015fi banii(europeni) destina\u0163i elevilor din localitate. A trimis acas\u0103 copiii"},"footnotes":""},"categories":[18,25],"tags":[],"class_list":{"0":"post-84412","1":"post","2":"type-post","3":"status-publish","4":"format-standard","5":"has-post-thumbnail","7":"category-actual","8":"category-pol"},"_links":{"self":[{"href":"https:\/\/giurgiu-net.ro\/index.php\/wp-json\/wp\/v2\/posts\/84412","targetHints":{"allow":["GET"]}}],"collection":[{"href":"https:\/\/giurgiu-net.ro\/index.php\/wp-json\/wp\/v2\/posts"}],"about":[{"href":"https:\/\/giurgiu-net.ro\/index.php\/wp-json\/wp\/v2\/types\/post"}],"author":[{"embeddable":true,"href":"https:\/\/giurgiu-net.ro\/index.php\/wp-json\/wp\/v2\/users\/1"}],"replies":[{"embeddable":true,"href":"https:\/\/giurgiu-net.ro\/index.php\/wp-json\/wp\/v2\/comments?post=84412"}],"version-history":[{"count":0,"href":"https:\/\/giurgiu-net.ro\/index.php\/wp-json\/wp\/v2\/posts\/84412\/revisions"}],"wp:featuredmedia":[{"embeddable":true,"href":"https:\/\/giurgiu-net.ro\/index.php\/wp-json\/wp\/v2\/media\/84397"}],"wp:attachment":[{"href":"https:\/\/giurgiu-net.ro\/index.php\/wp-json\/wp\/v2\/media?parent=84412"}],"wp:term":[{"taxonomy":"category","embeddable":true,"href":"https:\/\/giurgiu-net.ro\/index.php\/wp-json\/wp\/v2\/categories?post=84412"},{"taxonomy":"post_tag","embeddable":true,"href":"https:\/\/giurgiu-net.ro\/index.php\/wp-json\/wp\/v2\/tags?post=84412"}],"curies":[{"name":"wp","href":"https:\/\/api.w.org\/{rel}","templated":true}]}}