{"id":84409,"date":"2023-02-24T22:08:47","date_gmt":"2023-02-24T20:08:47","guid":{"rendered":"https:\/\/giurgiu-net.ro\/?p=84409"},"modified":"2023-02-24T22:08:47","modified_gmt":"2023-02-24T20:08:47","slug":"presedintele-tsd-giurgiu-dragos-udvuleanu-la-giurgiu-primarul-pnl-al-unei-comune-fura-pana-si-vacanta-copiilor","status":"publish","type":"post","link":"https:\/\/giurgiu-net.ro\/index.php\/2023\/02\/24\/presedintele-tsd-giurgiu-dragos-udvuleanu-la-giurgiu-primarul-pnl-al-unei-comune-fura-pana-si-vacanta-copiilor\/","title":{"rendered":"Pre\u015fedintele TSD Giurgiu, Drago\u015f Udvuleanu: &#8222;La Giurgiu, primarul PNL al unei comune fur\u0103 p\u00e2n\u0103 \u0219i vacan\u021ba copiilor!&#8221;"},"content":{"rendered":"\n<p>&#8222;Apropo de educa\u021bie : la Giurgiu, primarul <a href=\"https:\/\/www.facebook.com\/hashtag\/pnl?__eep__=6&amp;__cft__[0]=AZXY9cBAVH7HiooIf7EUSyU8WvOWn_kSWHSSTCLgFHfmq3dmAWWgb4Y5c_xNXjXlUnRv77uV9zItOUJ2mNXOPE107wIPeucQ96Iisl40vvFlbtq_BRRQIBHIlMKm1fu2ong&amp;__tn__=*NK-R\">#PNL<\/a> al unei comune fur\u0103 p\u00e2n\u0103 \u0219i vacan\u021ba copiilor !<\/p>\n\n\n\n<p>Intr-un comunicat emis ast\u0103zi, observ\u0103m faptul c\u0103 procurorii DNA l-au trimis \u00een judecat\u0103 pe primarul comunei Vedea (PNL) deoarece \u00een anul 2021 acesta s-ar fi cazat cu prietenii \u0219i familia pe banii europeni pentru o tab\u0103r\u0103 care era destinat\u0103 copiilor din localitate.<\/p>\n\n\n\n<p>Tab\u0103ra a fost organizat\u0103 \u00een sta\u021biunea R\u00e2nca, jude\u021bul V\u00e2lcea, pentru copiii de la \u0219coala din comuna Vedea \u0219i trebuia s\u0103 <a><\/a>dureze o s\u0103pt\u0103m\u00e2n\u0103. Copiii au stat \u00een tab\u0103r\u0103 doar 4 zile, iar \u00een restul perioadei au fost caza\u021bi primarul cu familia acestuia \u0219i prieteni.<\/p>\n\n\n\n<p>Culmea este faptul c\u0103 PNL Giurgiu \u00eendr\u0103zne\u0219te s\u0103 vorbeasc\u0103 despre <a href=\"https:\/\/www.facebook.com\/hashtag\/educa%C8%9Bie?__eep__=6&amp;__cft__[0]=AZXY9cBAVH7HiooIf7EUSyU8WvOWn_kSWHSSTCLgFHfmq3dmAWWgb4Y5c_xNXjXlUnRv77uV9zItOUJ2mNXOPE107wIPeucQ96Iisl40vvFlbtq_BRRQIBHIlMKm1fu2ong&amp;__tn__=*NK-R\">#educa\u021bie<\/a>, asta \u00een timp ce <a href=\"https:\/\/www.facebook.com\/hashtag\/fur%C4%83?__eep__=6&amp;__cft__[0]=AZXY9cBAVH7HiooIf7EUSyU8WvOWn_kSWHSSTCLgFHfmq3dmAWWgb4Y5c_xNXjXlUnRv77uV9zItOUJ2mNXOPE107wIPeucQ96Iisl40vvFlbtq_BRRQIBHIlMKm1fu2ong&amp;__tn__=*NK-R\">#fur\u0103<\/a> excursiile pe bani europeni ale copiilor !<\/p>\n\n\n\n<p>Cum este posibil a\u0219a ceva?!&#8221;- pre\u015fedinte TSD Giurgiu, Drago\u015f Udvuleanu<\/p>\n","protected":false},"excerpt":{"rendered":"<p>&#8222;Apropo de educa\u021bie : la Giurgiu, primarul #PNL al unei comune fur\u0103 p\u00e2n\u0103 \u0219i vacan\u021ba copiilor ! Intr-un comunicat emis ast\u0103zi, observ\u0103m faptul c\u0103 procurorii DNA l-au trimis \u00een judecat\u0103 pe primarul comunei Vedea (PNL) deoarece \u00een anul 2021 acesta s-ar fi cazat cu prietenii \u0219i familia pe banii europeni pentru o tab\u0103r\u0103 care era [&hellip;]<\/p>\n","protected":false},"author":1,"featured_media":84410,"comment_status":"open","ping_status":"open","sticky":false,"template":"","format":"standard","meta":{"slim_seo":{"title":"Pre\u015fedintele TSD Giurgiu, Drago\u015f Udvuleanu: \"La Giurgiu, primarul PNL al unei comune fur\u0103 p\u00e2n\u0103 \u0219i vacan\u021ba copiilor!\" - GIURGIU NET","description":"\"Apropo de educa\u021bie : la Giurgiu, primarul #PNL al unei comune fur\u0103 p\u00e2n\u0103 \u0219i vacan\u021ba copiilor ! Intr-un comunicat emis ast\u0103zi, observ\u0103m faptul c\u0103 procurorii DNA"},"footnotes":""},"categories":[18,25],"tags":[],"class_list":{"0":"post-84409","1":"post","2":"type-post","3":"status-publish","4":"format-standard","5":"has-post-thumbnail","7":"category-actual","8":"category-pol"},"_links":{"self":[{"href":"https:\/\/giurgiu-net.ro\/index.php\/wp-json\/wp\/v2\/posts\/84409","targetHints":{"allow":["GET"]}}],"collection":[{"href":"https:\/\/giurgiu-net.ro\/index.php\/wp-json\/wp\/v2\/posts"}],"about":[{"href":"https:\/\/giurgiu-net.ro\/index.php\/wp-json\/wp\/v2\/types\/post"}],"author":[{"embeddable":true,"href":"https:\/\/giurgiu-net.ro\/index.php\/wp-json\/wp\/v2\/users\/1"}],"replies":[{"embeddable":true,"href":"https:\/\/giurgiu-net.ro\/index.php\/wp-json\/wp\/v2\/comments?post=84409"}],"version-history":[{"count":0,"href":"https:\/\/giurgiu-net.ro\/index.php\/wp-json\/wp\/v2\/posts\/84409\/revisions"}],"wp:featuredmedia":[{"embeddable":true,"href":"https:\/\/giurgiu-net.ro\/index.php\/wp-json\/wp\/v2\/media\/84410"}],"wp:attachment":[{"href":"https:\/\/giurgiu-net.ro\/index.php\/wp-json\/wp\/v2\/media?parent=84409"}],"wp:term":[{"taxonomy":"category","embeddable":true,"href":"https:\/\/giurgiu-net.ro\/index.php\/wp-json\/wp\/v2\/categories?post=84409"},{"taxonomy":"post_tag","embeddable":true,"href":"https:\/\/giurgiu-net.ro\/index.php\/wp-json\/wp\/v2\/tags?post=84409"}],"curies":[{"name":"wp","href":"https:\/\/api.w.org\/{rel}","templated":true}]}}