{"id":84407,"date":"2023-02-24T22:07:25","date_gmt":"2023-02-24T20:07:25","guid":{"rendered":"https:\/\/giurgiu-net.ro\/?p=84407"},"modified":"2023-02-24T22:07:25","modified_gmt":"2023-02-24T20:07:25","slug":"presedintele-psd-vedea-ionut-barbalata-despre-cazul-primarului-din-comuna-unii-nu-au-inteles-faptul-ca-banii-primiti-in-cadrul-unor-proiecte-nu-pot-fi-cheltuiti-dupa-bunul-plac-si-in-scop-propriu","status":"publish","type":"post","link":"https:\/\/giurgiu-net.ro\/index.php\/2023\/02\/24\/presedintele-psd-vedea-ionut-barbalata-despre-cazul-primarului-din-comuna-unii-nu-au-inteles-faptul-ca-banii-primiti-in-cadrul-unor-proiecte-nu-pot-fi-cheltuiti-dupa-bunul-plac-si-in-scop-propriu\/","title":{"rendered":"Pre\u015fedintele PSD Vedea, Ionu\u0163 Barb\u0103lat\u0103, despre cazul primarului din comun\u0103: &#8222;Unii nu au \u00een\u0163eles faptul c\u0103 banii primi\u021bi \u00een cadrul unor proiecte NU pot fi cheltui\u021bi dup\u0103 bunul plac \u015fi \u00een scop propriu!&#8221;"},"content":{"rendered":"\n<p>&#8222;Nici p\u00e2n\u0103 \u00een acest moment, unii nu au \u00een\u0163eles faptul c\u0103 banii primi\u021bi \u00een cadrul unor proiecte NU pot fi cheltui\u021bi dup\u0103 bunul plac \u015fi \u00een scop propriu!<\/p>\n\n\n\n<p>Am citit, ast\u0103zi, comunicatul emis de c\u0103tre Direc\u021bia Na\u021bional\u0103 Anticorup\u021bie cu privire la primarul comunei Vedea \u015fi despre felul \u00een care a \u00een\u0163eles acesta s\u0103 \u201ebeneficieze\u201d de proiectul finan\u021bat din fonduri europene \u201eSCOP- \u0218coal\u0103, Comunitate, Oportunitate, Participare\u201d.<\/p>\n\n\n\n<p>Prin acest proiect, 45 de elevi, cinci \u00eenso\u021bitori \u0219i un <a><\/a>conduc\u0103tor de grup din cadrul \u0218colii Gimnaziale din Vedea trebuiau s\u0103 beneficieze de o tab\u0103r\u0103 de 7 zile, \u00een sta\u021biunea R\u00e2nca, din jude\u021bul Gorj. \u00cens\u0103, bucuria copiilor a fost scurtat\u0103 \u0219i, de la 6 nop\u021bi c\u00e2t trebuiau s\u0103 se bucure de tab\u0103r\u0103, ace\u0219tia au stat doar patru nop\u0163i\u2026 \u00cen celelalte dou\u0103 nop\u0163i, procurorii spun c\u0103 ar fi mers acolo primarul \u015fi familia sa, beneficiind, astfel, de serviciile pl\u0103tite din banii europeni destina\u0163i elevilor.<\/p>\n\n\n\n<p>Este INUMAN s\u0103 iei bucuria acestor copii merituo\u0219i \u0219i s\u0103 le scurtezi, dup\u0103 bunul plac, perioada de stat \u00een tab\u0103r\u0103.<\/p>\n\n\n\n<p>M\u0103 intrig\u0103 foarte mult c\u0103 nimeni nu s-a g\u00e2ndit la faptul c\u0103 este posibil ca unii dintre elevi s\u0103 fie pentru prima dat\u0103 \u00eentr-o tab\u0103r\u0103 la munte \u0219i nu se \u0219tie c\u00e2nd mai au posibilitatea de a merge!<\/p>\n\n\n\n<p>Acest miraj de putere care a luat min\u021bile celor care o de\u0163in temporar trebuie s\u0103 dispar\u0103! Cei care au func\u0163ii de conducere trebuie s\u0103 observe obiectiv cum \u00ee\u0219i duc oamenii via\u021ba de zi cu zi, s\u0103 se aplece asupra problemelor comunit\u0103\u021bii \u0219i s\u0103 se ridice la nivelul a\u0219tept\u0103rilor celor care le-au acordat votul lor.<\/p>\n\n\n\n<p>Dup\u0103 sloganul din campania electoral\u0103 a PNL Giurgiu \u201cRecl\u0103dim Giurgiu \u00eempreun\u0103\u201d ar trebui s\u0103 apar\u0103 sloganul \u201cNe batem joc de Giurgiu\u201d!&#8221; Pre\u0219edinte PSD Vedea, Barb\u0103lat\u0103 Ionu\u021b<\/p>\n","protected":false},"excerpt":{"rendered":"<p>&#8222;Nici p\u00e2n\u0103 \u00een acest moment, unii nu au \u00een\u0163eles faptul c\u0103 banii primi\u021bi \u00een cadrul unor proiecte NU pot fi cheltui\u021bi dup\u0103 bunul plac \u015fi \u00een scop propriu! Am citit, ast\u0103zi, comunicatul emis de c\u0103tre Direc\u021bia Na\u021bional\u0103 Anticorup\u021bie cu privire la primarul comunei Vedea \u015fi despre felul \u00een care a \u00een\u0163eles acesta s\u0103 \u201ebeneficieze\u201d de [&hellip;]<\/p>\n","protected":false},"author":1,"featured_media":43893,"comment_status":"open","ping_status":"open","sticky":false,"template":"","format":"standard","meta":{"slim_seo":{"title":"Pre\u015fedintele PSD Vedea, Ionu\u0163 Barb\u0103lat\u0103, despre cazul primarului din comun\u0103: \"Unii nu au \u00een\u0163eles faptul c\u0103 banii primi\u021bi \u00een cadrul unor proiecte NU pot fi cheltui\u021bi dup\u0103 bunul plac \u015fi \u00een scop propriu!\" - GIURGIU NET","description":"\"Nici p\u00e2n\u0103 \u00een acest moment, unii nu au \u00een\u0163eles faptul c\u0103 banii primi\u021bi \u00een cadrul unor proiecte NU pot fi cheltui\u021bi dup\u0103 bunul plac \u015fi \u00een scop propriu! Am citit,"},"footnotes":""},"categories":[18,25,26],"tags":[],"class_list":{"0":"post-84407","1":"post","2":"type-post","3":"status-publish","4":"format-standard","5":"has-post-thumbnail","7":"category-actual","8":"category-pol","9":"category-soc"},"_links":{"self":[{"href":"https:\/\/giurgiu-net.ro\/index.php\/wp-json\/wp\/v2\/posts\/84407","targetHints":{"allow":["GET"]}}],"collection":[{"href":"https:\/\/giurgiu-net.ro\/index.php\/wp-json\/wp\/v2\/posts"}],"about":[{"href":"https:\/\/giurgiu-net.ro\/index.php\/wp-json\/wp\/v2\/types\/post"}],"author":[{"embeddable":true,"href":"https:\/\/giurgiu-net.ro\/index.php\/wp-json\/wp\/v2\/users\/1"}],"replies":[{"embeddable":true,"href":"https:\/\/giurgiu-net.ro\/index.php\/wp-json\/wp\/v2\/comments?post=84407"}],"version-history":[{"count":0,"href":"https:\/\/giurgiu-net.ro\/index.php\/wp-json\/wp\/v2\/posts\/84407\/revisions"}],"wp:featuredmedia":[{"embeddable":true,"href":"https:\/\/giurgiu-net.ro\/index.php\/wp-json\/wp\/v2\/media\/43893"}],"wp:attachment":[{"href":"https:\/\/giurgiu-net.ro\/index.php\/wp-json\/wp\/v2\/media?parent=84407"}],"wp:term":[{"taxonomy":"category","embeddable":true,"href":"https:\/\/giurgiu-net.ro\/index.php\/wp-json\/wp\/v2\/categories?post=84407"},{"taxonomy":"post_tag","embeddable":true,"href":"https:\/\/giurgiu-net.ro\/index.php\/wp-json\/wp\/v2\/tags?post=84407"}],"curies":[{"name":"wp","href":"https:\/\/api.w.org\/{rel}","templated":true}]}}