{"id":84403,"date":"2023-02-24T12:19:01","date_gmt":"2023-02-24T10:19:01","guid":{"rendered":"https:\/\/giurgiu-net.ro\/?p=84403"},"modified":"2023-02-24T22:18:33","modified_gmt":"2023-02-24T20:18:33","slug":"giurgiu-vor-campus-ca-n-america-dar-nu-sunt-in-stare-sa-faca-o-centura","status":"publish","type":"post","link":"https:\/\/giurgiu-net.ro\/index.php\/2023\/02\/24\/giurgiu-vor-campus-ca-n-america-dar-nu-sunt-in-stare-sa-faca-o-centura\/","title":{"rendered":"GIURGIU: Vor campus ca-n America, dar nu sunt \u00een stare s\u0103 fac\u0103 o centur\u0103?"},"content":{"rendered":"\n<p>Surse administrative ne-au declarat c\u0103 licita\u0163ia pentru Centura de Vest a municipiului Giurgiu ar putea fi anulat\u0103, \u00een urm\u0103toarea perioad\u0103. Procedura se afl\u0103 \u00een responsabilitatea Consiliului Jude\u0163ean Giurgiu \u015fi chiar ministrul Transporturilor, Sorin Grindeanu, a criticat public modul \u00een care CJ se ocup\u0103 de proiect. <\/p>\n\n\n\n<p>CITI\u0162I AICI: <a href=\"https:\/\/giurgiu-net.ro\/index.php\/2022\/11\/12\/ministrul-transporturilor-il-urecheaza-pe-dumitru-beianu-la-cum-e-gestionata-investitia-de-catre-cj-giurgiu-o-sa-aveti-centura-peste-10-ani\/\" target=\"_blank\" rel=\"noreferrer noopener\">https:\/\/giurgiu-net.ro\/index.php\/2022\/11\/12\/ministrul-transporturilor-il-urecheaza-pe-dumitru-beianu-la-cum-e-gestionata-investitia-de-catre-cj-giurgiu-o-sa-aveti-centura-peste-10-ani\/<\/a><\/p>\n\n\n\n<p>Preocupat\u0103 mai degrab\u0103 de treburi SF, precum campusul profesional pe 10(20).000 de metri p\u0103tra\u0163i, conducerii liberale \u00eei scap\u0103 printre degete chestii palpabile, urgente \u015fi chiar necesare \u00ceN PREZENT.<\/p>\n\n\n\n<p>Nu \u015ftim ce \u201edezvolt\u0103\u201d \u015fi ce \u201erecl\u0103desc\u201d domnii de la PNL, dar Giurgiu se pare c\u0103 nu e pe list\u0103.<\/p>\n\n\n\n<p>Vom reveni cu am\u0103nunte!<\/p>\n","protected":false},"excerpt":{"rendered":"<p>Surse administrative ne-au declarat c\u0103 licita\u0163ia pentru Centura de Vest a municipiului Giurgiu ar putea fi anulat\u0103, \u00een urm\u0103toarea perioad\u0103. Procedura se afl\u0103 \u00een responsabilitatea Consiliului Jude\u0163ean Giurgiu \u015fi chiar ministrul Transporturilor, Sorin Grindeanu, a criticat public modul \u00een care CJ se ocup\u0103 de proiect. CITI\u0162I AICI: https:\/\/giurgiu-net.ro\/index.php\/2022\/11\/12\/ministrul-transporturilor-il-urecheaza-pe-dumitru-beianu-la-cum-e-gestionata-investitia-de-catre-cj-giurgiu-o-sa-aveti-centura-peste-10-ani\/ Preocupat\u0103 mai degrab\u0103 de treburi SF, precum [&hellip;]<\/p>\n","protected":false},"author":1,"featured_media":84404,"comment_status":"open","ping_status":"open","sticky":false,"template":"","format":"standard","meta":{"slim_seo":{"title":"GIURGIU: Vor campus ca-n America, dar nu sunt \u00een stare s\u0103 fac\u0103 o centur\u0103? - GIURGIU NET","description":"Surse administrative ne-au declarat c\u0103 licita\u0163ia pentru Centura de Vest a municipiului Giurgiu ar putea fi anulat\u0103, \u00een urm\u0103toarea perioad\u0103. Procedura se afl\u0103 \u00een"},"footnotes":""},"categories":[18,19],"tags":[606],"class_list":{"0":"post-84403","1":"post","2":"type-post","3":"status-publish","4":"format-standard","5":"has-post-thumbnail","7":"category-actual","8":"category-adm","9":"tag-cj-giurgiu"},"_links":{"self":[{"href":"https:\/\/giurgiu-net.ro\/index.php\/wp-json\/wp\/v2\/posts\/84403","targetHints":{"allow":["GET"]}}],"collection":[{"href":"https:\/\/giurgiu-net.ro\/index.php\/wp-json\/wp\/v2\/posts"}],"about":[{"href":"https:\/\/giurgiu-net.ro\/index.php\/wp-json\/wp\/v2\/types\/post"}],"author":[{"embeddable":true,"href":"https:\/\/giurgiu-net.ro\/index.php\/wp-json\/wp\/v2\/users\/1"}],"replies":[{"embeddable":true,"href":"https:\/\/giurgiu-net.ro\/index.php\/wp-json\/wp\/v2\/comments?post=84403"}],"version-history":[{"count":0,"href":"https:\/\/giurgiu-net.ro\/index.php\/wp-json\/wp\/v2\/posts\/84403\/revisions"}],"wp:featuredmedia":[{"embeddable":true,"href":"https:\/\/giurgiu-net.ro\/index.php\/wp-json\/wp\/v2\/media\/84404"}],"wp:attachment":[{"href":"https:\/\/giurgiu-net.ro\/index.php\/wp-json\/wp\/v2\/media?parent=84403"}],"wp:term":[{"taxonomy":"category","embeddable":true,"href":"https:\/\/giurgiu-net.ro\/index.php\/wp-json\/wp\/v2\/categories?post=84403"},{"taxonomy":"post_tag","embeddable":true,"href":"https:\/\/giurgiu-net.ro\/index.php\/wp-json\/wp\/v2\/tags?post=84403"}],"curies":[{"name":"wp","href":"https:\/\/api.w.org\/{rel}","templated":true}]}}