{"id":84396,"date":"2023-02-24T10:56:21","date_gmt":"2023-02-24T08:56:21","guid":{"rendered":"https:\/\/giurgiu-net.ro\/?p=84396"},"modified":"2023-02-24T10:59:18","modified_gmt":"2023-02-24T08:59:18","slug":"primarul-pnl-din-vedea-marian-taga-trimis-in-judecata-e-de-doamne-fereste-ce-l-acuza-procurorii-ca-a-facut","status":"publish","type":"post","link":"https:\/\/giurgiu-net.ro\/index.php\/2023\/02\/24\/primarul-pnl-din-vedea-marian-taga-trimis-in-judecata-e-de-doamne-fereste-ce-l-acuza-procurorii-ca-a-facut\/","title":{"rendered":"Primarul PNL din Vedea Marian \u0162aga, trimis \u00een judecat\u0103. E de Doamne fere\u015fte ce-l acuz\u0103 procurorii c\u0103 ar fi f\u0103cut&#8230;"},"content":{"rendered":"\n<p>Bravo, PNL Giurgiu, ave\u0163i cel pu\u0163in un primar c\u00e2\u015ftig\u0103tor. M\u00e2ndri tare, ai? Edilul din Vedea, Marian \u0162aga, a fost trimis \u00een judecat\u0103 de c\u0103tre DNA.<\/p>\n\n\n\n<p>El este acuzat de \u201efolosire sau prezentare de documente ori declara\u021bii false, inexacte sau incomplete, dac\u0103 fapta are ca rezultat ob\u021binerea pe nedrept de fonduri europene, fals intelectual\u201d, \u015fi va fi judecat \u00een stare de libertate.<\/p>\n\n\n\n<p>\u00cen acela\u015fi dosar mai sunt trimise \u00een judecat\u0103 alte trei persoane \u015fi o firm\u0103. Una dintre persoanele cu pricina este fost director al \u015ecolii \u201cApostol Arsache\u201d, iar o alta este \u015eerban Alexandru- viceprimar la data faptelor.<\/p>\n\n\n\n<p>Cazul e de r\u00e2s, dac\u0103 n-ar fi de pl\u00e2ns. Este vorba despre o tab\u0103r\u0103 din 2019, unde cei 45 de copii \u00eenscri\u015fi, \u00een loc s\u0103 stea \u015fase nop\u0163i, c\u00e2t au pl\u0103tit, au stat patru. \u00cen celelalte dou\u0103 nop\u0163i, a venit primarul \u0162aga cu toat\u0103 familia \u015fi a beneficiat de toate serviciile care erau destinate copiilor.<\/p>\n\n\n\n<p>\u201eLa data de 09.07.2021, dup\u0103 plecarea copiilor din tab\u0103r\u0103, la pensiunea respectiv\u0103 s-ar fi cazat, p\u00e2n\u0103 \u00een data de 11.07.2021, inculpatul \u021aaga Marian \u00eempreun\u0103 cu mai multe persoane (rude \u0219i prieteni), f\u0103r\u0103 \u00eens\u0103 ca vreuna dintre acestea s\u0103 achite vreo sum\u0103 de bani pentru cazare \u0219i mas\u0103, aceste servicii fiind acoperite din fondurile nerambursabile destinate elevilor.<br>De asemenea, \u00een perioada 05 \u2013 09 iulie 2021, la pensiune s-ar fi cazat alte cinci persoane, invitate de Tudor Daniela Cristina, costurile cu cazarea \u0219i masa fiind acoperite tot din fondurile nerambursabile destinate elevilor\u201d- DNA.<br><\/p>\n\n\n\n<p>Cum, m\u0103, s\u0103 faci a\u015fa ceva?<\/p>\n\n\n\n<p>Care mai striga\u0163i, m\u0103, c\u0103 educa\u0163ie, grij\u0103 fa\u0163\u0103 de copii, implicare \u00een \u00eenv\u0103\u0163\u0103m\u00e2nt? Iat\u0103, altul se pare c\u0103 a m\u00e2ncat la propriu pe banii copiilor, de\u015fi e ditamai primarul. PNL.<\/p>\n\n\n\n<p>Da, altul care a <em>dezvoltat<\/em>\u2026 Nu Giurgiu, dar a dezvoltat, iat\u0103, o rela\u0163ie str\u00e2ns\u0103 cu DNA \u015fi cu Instan\u0163a. Bravo!<\/p>\n\n\n\n<p>V\u0103 red\u0103m mai jos \u00eentregul comunicat al DNA:<\/p>\n\n\n\n<p>&#8222;Procurorii din cadrul Direc\u021biei Na\u021bionale Anticorup\u021bie \u2013 Sec\u021bia de combatere a corup\u021biei au dispus trimiterea \u00een judecat\u0103, \u00een stare de libertate, a inculpa\u021bilor:<br><br><strong>\u021aAGA MARIAN<\/strong>, la data faptelor primar al comunei Vedea, jude\u021bul Giurgiu, cu privire la s\u0103v\u00e2r\u0219irea infrac\u021biunilor de:<br>&#8211; folosire sau prezentare de documente ori declara\u021bii false, inexacte sau incomplete, dac\u0103 fapta are ca rezultat ob\u021binerea pe nedrept de fonduri europene,<br>&#8211; fals intelectual,<br><br><strong>TUDOR CRISTINA DANIELA<\/strong>, la data faptelor director al \u0218colii Gimnaziale \u201eApostol Arsache\u201d, cu privire la s\u0103v\u00e2r\u0219irea infrac\u021biunilor de:<br>&#8211; complicitate la folosirea sau prezentarea de documente ori declara\u021bii false, inexacte sau incomplete, dac\u0103 fapta are ca rezultat ob\u021binerea pe nedrept de fonduri europene,<br>&#8211; fals intelectual,<br><br><strong>\u0218ERBAN ALEXANDRU<\/strong>, la data faptelor viceprimar al comunei Vedea, jude\u021bul Giurgiu, cu privire la s\u0103v\u00e2r\u0219irea infrac\u021biunilor de:<br>&#8211; complicitate la folosirea sau prezentarea de documente ori declara\u021bii false, inexacte sau incomplete, dac\u0103 fapta are ca rezultat ob\u021binerea pe nedrept de fonduri europene<br>&#8211; fals intelectual,<br><br><strong>COARD\u0102 STELIAN<\/strong>, la data faptelor angajat al prim\u0103riei comunei Vedea, jude\u021bul Giurgiu cu privire la s\u0103v\u00e2r\u0219irea infrac\u021biunilor de:<br>&#8211; complicitate la folosirea sau prezentarea de documente ori declara\u021bii false, inexacte sau incomplete, dac\u0103 fapta are ca rezultat ob\u021binerea pe nedrept de fonduri europene,<br>&#8211; fals intelectual,<br><br><strong>S.C.HOFNER COM S.R.L.<\/strong>, cu privire la s\u0103v\u00e2r\u0219irea infrac\u021biunilor de:<br>&#8211; complicitate la folosirea sau prezentarea de documente ori declara\u021bii false, inexacte sau incomplete, dac\u0103 fapta are ca rezultat ob\u021binerea pe nedrept de fonduri europene,<br>&#8211; complicitate la fals intelectual.<br><br>\u00cen rechizitoriul \u00eentocmit, procurorii au re\u021binut, \u00een esen\u021b\u0103, urm\u0103toarea stare de fapt:<br><br>\u00cen cursul anului 2019, \u0218coala Gimnazial\u0103 \u201eApostol Arsache\u201d din comuna Vedea, jude\u021bul Giurgiu, condus\u0103 de inculpata Tudor Cristina Daniela, s-a calificat \u00een cadrul unui proiect finan\u021bat din fonduri europene (\u201eSCOP \u2013 \u0218coal\u0103, Comunitate, Oportunitate, Participare\u201d) prin care elevii acesteia urmau s\u0103 beneficieze de o tab\u0103r\u0103 de \u0219apte zile \u00een Sta\u021biunea R\u00e2nca, jude\u021bul Gorj, activitate care, din cauza pandemiei de Covid-19, a fost am\u00e2nat\u0103 p\u00e2n\u0103 \u00een anul 2021.<br>Concret, tab\u0103ra a fost organizat\u0103 de SC Hofner Com S.R.L, \u00een perioada 05 \u2013 11.07.2021, pentru un num\u0103r de 45 elevi \u0219i cinci \u00eenso\u021bitori, conduc\u0103torul grupului fiind directorul \u0218colii Gimnaziale \u201eApostol Arsache\u201d, Tudor Daniela Cristina.<br>\u00cen momentul \u00een care grupul de copii \u0219i profesori a ajuns la pensiune, elevii ar fi fost anun\u021ba\u021bi c\u0103 vor sta de fapt doar patru nop\u021bi din totalul celor \u0219ase (conform contractului).<br>La data de 09.07.2021, dup\u0103 plecarea copiilor din tab\u0103r\u0103, la pensiunea respectiv\u0103 s-ar fi cazat, p\u00e2n\u0103 \u00een data de 11.07.2021, inculpatul \u021aaga Marian \u00eempreun\u0103 cu mai multe persoane (rude \u0219i prieteni), f\u0103r\u0103 \u00eens\u0103 ca vreuna dintre acestea s\u0103 achite vreo sum\u0103 de bani pentru cazare \u0219i mas\u0103, aceste servicii fiind acoperite din fondurile nerambursabile destinate elevilor.<br>De asemenea, \u00een perioada 05 \u2013 09 iulie 2021, la pensiune s-ar fi cazat alte cinci persoane, invitate de Tudor Daniela Cristina, costurile cu cazarea \u0219i masa fiind acoperite tot din fondurile nerambursabile destinate elevilor.<br>Ulterior, la data 12.07.2021, edilul \u021aaga Marian \u00eempreun\u0103 cu ceilal\u021bi inculpa\u021bi, persoane fizice, ar fi aprobat un proces-verbal de recep\u021bie servicii de organizare tab\u0103r\u0103 de var\u0103, \u00een care ar fi atestat \u00een mod nereal c\u0103 acea activitate s-ar fi desf\u0103\u0219urat conform condi\u021biilor \u00een baza c\u0103rora au fost ob\u021binute fondurile europene. \u00censcrisul respectiv \u00eempreun\u0103 cu alte documente ar fi fost depuse de SC Hofner Com S.R.L la Ministerul Investi\u021biilor \u0219i Proiectelor Europene care a decontat suma de 53.298 lei, aferent\u0103 organiz\u0103rii taberei.<br>\u00cen cauz\u0103 au fost dispuse m\u0103suri asigur\u0103torii.<br>Ministerul Investi\u021biilor \u0219i Proiectelor Europene s-a constituit parte civil\u0103 cu suma men\u021bionat\u0103 mai sus.<br><br><strong>Dosarul a fost trimis spre judecare Tribunalului Bucure\u0219ti cu propunere de a se men\u021bine m\u0103surile asigur\u0103torii dispuse \u00een cauz\u0103.<\/strong><br><br>Facem precizarea c\u0103 aceast\u0103 etap\u0103 a procesului penal reprezint\u0103, conform Codului de procedur\u0103 penal\u0103, finalizarea anchetei penale \u0219i trimiterea rechizitoriului la instan\u021b\u0103 spre judecare, situa\u021bie care nu poate s\u0103 \u00eenfr\u00e2ng\u0103 principiul prezum\u021biei de nevinov\u0103\u021bie.<br><br>Men\u021bion\u0103m c\u0103 prezentul comunicat a fost \u00eentocmit \u00een conformitate cu art. 28 alin. 4 din Ghidul de bune practici privind rela\u021bia sistemului judiciar cu mass media, aprobat prin Hot\u0103r\u00e2rea Plenului Consiliului Superior al Magistraturii nr. 197\/2019&#8243;.<\/p>\n","protected":false},"excerpt":{"rendered":"<p>Bravo, PNL Giurgiu, ave\u0163i cel pu\u0163in un primar c\u00e2\u015ftig\u0103tor. M\u00e2ndri tare, ai? Edilul din Vedea, Marian \u0162aga, a fost trimis \u00een judecat\u0103 de c\u0103tre DNA. El este acuzat de \u201efolosire sau prezentare de documente ori declara\u021bii false, inexacte sau incomplete, dac\u0103 fapta are ca rezultat ob\u021binerea pe nedrept de fonduri europene, fals intelectual\u201d, \u015fi va [&hellip;]<\/p>\n","protected":false},"author":1,"featured_media":84397,"comment_status":"open","ping_status":"open","sticky":false,"template":"","format":"standard","meta":{"slim_seo":{"title":"Primarul PNL din Vedea Marian \u0162aga, trimis \u00een judecat\u0103. E de Doamne fere\u015fte ce-l acuz\u0103 procurorii c\u0103 ar fi f\u0103cut... - GIURGIU NET","description":"Bravo, PNL Giurgiu, ave\u0163i cel pu\u0163in un primar c\u00e2\u015ftig\u0103tor. M\u00e2ndri tare, ai? Edilul din Vedea, Marian \u0162aga, a fost trimis \u00een judecat\u0103 de c\u0103tre DNA. El este acuzat"},"footnotes":""},"categories":[18,26],"tags":[],"class_list":{"0":"post-84396","1":"post","2":"type-post","3":"status-publish","4":"format-standard","5":"has-post-thumbnail","7":"category-actual","8":"category-soc"},"_links":{"self":[{"href":"https:\/\/giurgiu-net.ro\/index.php\/wp-json\/wp\/v2\/posts\/84396","targetHints":{"allow":["GET"]}}],"collection":[{"href":"https:\/\/giurgiu-net.ro\/index.php\/wp-json\/wp\/v2\/posts"}],"about":[{"href":"https:\/\/giurgiu-net.ro\/index.php\/wp-json\/wp\/v2\/types\/post"}],"author":[{"embeddable":true,"href":"https:\/\/giurgiu-net.ro\/index.php\/wp-json\/wp\/v2\/users\/1"}],"replies":[{"embeddable":true,"href":"https:\/\/giurgiu-net.ro\/index.php\/wp-json\/wp\/v2\/comments?post=84396"}],"version-history":[{"count":0,"href":"https:\/\/giurgiu-net.ro\/index.php\/wp-json\/wp\/v2\/posts\/84396\/revisions"}],"wp:featuredmedia":[{"embeddable":true,"href":"https:\/\/giurgiu-net.ro\/index.php\/wp-json\/wp\/v2\/media\/84397"}],"wp:attachment":[{"href":"https:\/\/giurgiu-net.ro\/index.php\/wp-json\/wp\/v2\/media?parent=84396"}],"wp:term":[{"taxonomy":"category","embeddable":true,"href":"https:\/\/giurgiu-net.ro\/index.php\/wp-json\/wp\/v2\/categories?post=84396"},{"taxonomy":"post_tag","embeddable":true,"href":"https:\/\/giurgiu-net.ro\/index.php\/wp-json\/wp\/v2\/tags?post=84396"}],"curies":[{"name":"wp","href":"https:\/\/api.w.org\/{rel}","templated":true}]}}