{"id":84387,"date":"2023-02-24T10:31:13","date_gmt":"2023-02-24T08:31:13","guid":{"rendered":"https:\/\/giurgiu-net.ro\/?p=84387"},"modified":"2023-02-24T11:10:47","modified_gmt":"2023-02-24T09:10:47","slug":"opinie-pnl-giurgiu-si-beianu-nou-motiv-de-victimizare-campusul-profesional-faceti-l-prin-consiliul-judetean-daca-tot-muriti-de-grija-copiilor","status":"publish","type":"post","link":"https:\/\/giurgiu-net.ro\/index.php\/2023\/02\/24\/opinie-pnl-giurgiu-si-beianu-nou-motiv-de-victimizare-campusul-profesional-faceti-l-prin-consiliul-judetean-daca-tot-muriti-de-grija-copiilor\/","title":{"rendered":"OPINIE: PNL Giurgiu \u015fi Beianu, nou motiv de victimizare: campusul profesional. Face\u0163i-l prin Consiliul Jude\u0163ean, dac\u0103 tot muri\u0163i de grija copiilor!"},"content":{"rendered":"\n<p>Gata, m\u0103! Trecuser\u0103 deja prea multe zile de c\u00e2nd PNL-i\u015ftii giurgiuveni, \u00een frunte cu Dumitru Beianu, nu mai g\u0103seau motiv s\u0103 zbiere c\u0103, vezi Doamne, PSD-ul e de vin\u0103 pentru orice nenorocire de pe planeta asta, dar mai ales c\u0103 le-ncurc\u0103 lor planurile.<\/p>\n\n\n\n<p>Votul de ieri din Consiliul Local le-a venit m\u0103nu\u015f\u0103 \u015fi-au \u00eenceput s\u0103 umple paginile de Facebook cu ni\u015fte texte parc\u0103 preg\u0103tite dinainte. <em>De ajungi s\u0103 te-ntrebi dac\u0103 nu cumva au schimbat regulile \u00een timpul jocului inten\u0163ionat<\/em>. Ca s\u0103 aib\u0103 de ce s\u0103 se smiorc\u0103ie acum \u00een public!<\/p>\n\n\n\n<p>Auzi\u0163i \u015fi voi titluri din presa lor: <em>PSD te vrea prost<\/em> sau <em>PSD se opune educa\u0163iei<\/em>. Doamne fere\u015fte, ni\u0163ic\u0103 fr\u00e2n\u0103, fra\u0163ilor, c\u0103 a\u0163i luat-o pe ar\u0103tur\u0103! P\u0103i, ce-au f\u0103cut m\u0103, PSD-i\u015ftii, au \u00eenchis \u015fcolile din Giurgiu? Ce-au f\u0103cut? \u015ei-au exprimat o opinie asupra unui proiect (cam prea) Science Fiction pentru realitatea din municipiu \u015fi din jude\u0163. <strong>\u015ei care nici m\u0103car nu se \u015ftie dac\u0103 era c\u00e2\u015ftig\u0103tor, c\u0103 mai sunt \u015fi altele \u00een competi\u0163ie!<\/strong><\/p>\n\n\n\n<p><strong>Consilierii PSD \u015fi cei ai Pro Rom\u00e2nia au fost acuza\u0163i c\u0103 n-au ascultat motivele expuse de Beianu \u015fi de invita\u0163ii s\u0103i, dar e valabil, dac\u0103 vre\u0163i, \u015fi invers.<\/strong><\/p>\n\n\n\n<p>C\u00e2nd te g\u00e2nde\u015fti tu, Consiliu Jude\u0163ean, cu mintea ta odihnit\u0103, s\u0103 faci ceva at\u00e2t de \u201egrandios\u201d, pe 20.000 de metri p\u0103tra\u0163i, ultramodern, ca-n cele mai mari centre universitare din lume, de 23 de milioane de euro, nu \u00eentrebi, \u00eenainte, Prim\u0103ria dac\u0103 poate \u015fi dac\u0103 vrea s\u0103 ajung\u0103, peste noapte, lider de proiect?<\/p>\n\n\n\n<p>Am \u00een\u0163eles, CJ Giurgiu nu e eligibil. P\u0103i, \u015fi atunci, de ce v-a\u0163i apucat s\u0103 face\u0163i at\u00e2ta tam-tam \u00een \u015fapte mii de jude\u0163e \u015fi pe la &#8222;nu\u015ftimc\u00e2te&#8221; firme?<\/p>\n\n\n\n<p>\u00centreba un profesor invitat c\u0103: de ce, \u00een cele 4 luni de c\u00e2nd s-a \u00eenceput lucrul la proiect, n-au venit consilierii locali s\u0103 \u00ee\u015fi spun\u0103 opinia.<\/p>\n\n\n\n<p>P\u0103i, <strong>1<\/strong>. N-au avut loc de deputatul Alexandru Andrei<\/p>\n\n\n\n<p><strong>2<\/strong>. Nu i-a invitat nimeni <strong>\u015fi<\/strong><\/p>\n\n\n\n<p>&nbsp;<strong>3<\/strong>. P\u00e2n\u0103 mai ieri, toat\u0103 lumea \u015ftia c\u0103 CJ Giurgiu \u00ee\u015fi asum\u0103 responsabilitatea a mai mare cu banii etc.<\/p>\n\n\n\n<p>Vezi tu, CJ, c\u0103 nu e\u015fti eligibil, le arunci repede pisica \u0103lora de la Prim\u0103rie \u015fi apoi te superi c\u0103 nu vor.<\/p>\n\n\n\n<p>Nu e mai simplu s\u0103 g\u0103si\u0163i o solu\u0163ie ca s\u0103 deruleze Consiliul Jude\u0163ean proiectul? C\u0103 are, ohooo, alte resurse dec\u00e2t Prim\u0103ria. \u015ei apoi, Beianu tot promitea c\u0103 d\u0103 el bani de cofinan\u0163are Prim\u0103riei \u015fi promitea c\u0103 d\u0103 el, \u00een fiecare an, cea mai mare sum\u0103 din cota de 6%. <strong>Bine, bine, \u015fi dac\u0103 se sup\u0103r\u0103 Beianu, la anu\u2019, pe Anghelescu, r\u0103m\u00e2ne Prim\u0103ria bun\u0103 de plat\u0103 pentru ambi\u0163ia lui Tic\u0103 de a face ditamai campusul pentru un jude\u0163 at\u00e2t de mic?<\/strong><\/p>\n\n\n\n<p>A, au mai spus sus\u0163in\u0103torii proiectului c\u0103 mai sunt trei(?) jude\u0163e implicate, c\u0103 e campus regional. Bravo, de ce nu face\u0163i \u00een a\u015fa fel \u00eenc\u00e2t cheltuielile s\u0103 se \u00eempart\u0103 la toate autorit\u0103\u0163ile implicate? <strong>\u015ei s-o da\u0163i \u00een scris, nu, a\u015fa, pe vorbe, domnule pre\u015fedinte, c\u0103 \u015ftim prea bine: verba volant. Mai ales \u00een politic\u0103.<\/strong><\/p>\n\n\n\n<p>Situa\u0163ia asta \u00eemi aminte\u015fte de mi\u015ftourile sus\u0163in\u0103torilor PNL legate de construirea unui aeroport la Giurgiu. C\u00e2nd vorbea despre asta vreun social-democrat, eeeee, pentru voi Giurgiu era prea s\u0103rac, prea mic \u015fi era de rahat s\u0103 zici c\u0103 vrei aeroport la Giurgiu.<\/p>\n\n\n\n<p>Alta e atitudinea c\u00e2nd vine Beianu \u015fi zice c\u0103 face un megacampus pentru sute de elevi(<em>pe cei din celelalte jude\u0163e cine \u015fi cum \u00eei aduce la Giurgiu<\/em>?) \u015fi vin oamenii s\u0103 spun\u0103 NU c\u0103 e r\u0103u, Doamne Fere\u015fte, dar f\u0103-l, frate, tu, cu bani de la &#8222;tine&#8221;! Te-ai apucat de un lucru, f\u0103-l, nu-l pune pe altul s\u0103-\u0163i termine treaba!<\/p>\n","protected":false},"excerpt":{"rendered":"<p>Gata, m\u0103! Trecuser\u0103 deja prea multe zile de c\u00e2nd PNL-i\u015ftii giurgiuveni, \u00een frunte cu Dumitru Beianu, nu mai g\u0103seau motiv s\u0103 zbiere c\u0103, vezi Doamne, PSD-ul e de vin\u0103 pentru orice nenorocire de pe planeta asta, dar mai ales c\u0103 le-ncurc\u0103 lor planurile. Votul de ieri din Consiliul Local le-a venit m\u0103nu\u015f\u0103 \u015fi-au \u00eenceput s\u0103 [&hellip;]<\/p>\n","protected":false},"author":1,"featured_media":43893,"comment_status":"open","ping_status":"open","sticky":false,"template":"","format":"standard","meta":{"slim_seo":{"title":"OPINIE: PNL Giurgiu \u015fi Beianu, nou motiv de victimizare: campusul profesional. Face\u0163i-l prin Consiliul Jude\u0163ean, dac\u0103 tot muri\u0163i de grija copiilor! - GIURGIU NET","description":"Gata, m\u0103! Trecuser\u0103 deja prea multe zile de c\u00e2nd PNL-i\u015ftii giurgiuveni, \u00een frunte cu Dumitru Beianu, nu mai g\u0103seau motiv s\u0103 zbiere c\u0103, vezi Doamne, PSD-ul e de"},"footnotes":""},"categories":[18,20,29,25,26],"tags":[2921],"class_list":{"0":"post-84387","1":"post","2":"type-post","3":"status-publish","4":"format-standard","5":"has-post-thumbnail","7":"category-actual","8":"category-edit","9":"category-educatie-si-cultura","10":"category-pol","11":"category-soc","12":"tag-campus-profesional"},"_links":{"self":[{"href":"https:\/\/giurgiu-net.ro\/index.php\/wp-json\/wp\/v2\/posts\/84387","targetHints":{"allow":["GET"]}}],"collection":[{"href":"https:\/\/giurgiu-net.ro\/index.php\/wp-json\/wp\/v2\/posts"}],"about":[{"href":"https:\/\/giurgiu-net.ro\/index.php\/wp-json\/wp\/v2\/types\/post"}],"author":[{"embeddable":true,"href":"https:\/\/giurgiu-net.ro\/index.php\/wp-json\/wp\/v2\/users\/1"}],"replies":[{"embeddable":true,"href":"https:\/\/giurgiu-net.ro\/index.php\/wp-json\/wp\/v2\/comments?post=84387"}],"version-history":[{"count":0,"href":"https:\/\/giurgiu-net.ro\/index.php\/wp-json\/wp\/v2\/posts\/84387\/revisions"}],"wp:featuredmedia":[{"embeddable":true,"href":"https:\/\/giurgiu-net.ro\/index.php\/wp-json\/wp\/v2\/media\/43893"}],"wp:attachment":[{"href":"https:\/\/giurgiu-net.ro\/index.php\/wp-json\/wp\/v2\/media?parent=84387"}],"wp:term":[{"taxonomy":"category","embeddable":true,"href":"https:\/\/giurgiu-net.ro\/index.php\/wp-json\/wp\/v2\/categories?post=84387"},{"taxonomy":"post_tag","embeddable":true,"href":"https:\/\/giurgiu-net.ro\/index.php\/wp-json\/wp\/v2\/tags?post=84387"}],"curies":[{"name":"wp","href":"https:\/\/api.w.org\/{rel}","templated":true}]}}