{"id":84143,"date":"2023-02-01T16:21:25","date_gmt":"2023-02-01T14:21:25","guid":{"rendered":"https:\/\/giurgiu-net.ro\/?p=84143"},"modified":"2023-02-01T16:21:26","modified_gmt":"2023-02-01T14:21:26","slug":"deputat-cristina-elena-dinu-proiectele-din-pachetul-legilor-educatiei-trebuie-dezbatute-si-analizate-temeinic-si-pe-indelete-cu-toti-factorii-implicati","status":"publish","type":"post","link":"https:\/\/giurgiu-net.ro\/index.php\/2023\/02\/01\/deputat-cristina-elena-dinu-proiectele-din-pachetul-legilor-educatiei-trebuie-dezbatute-si-analizate-temeinic-si-pe-indelete-cu-toti-factorii-implicati\/","title":{"rendered":"Deputat Cristina Elena Dinu: &#8222;Proiectele din pachetul Legilor Educa\u0163iei trebuie dezb\u0103tute \u015fi analizate temeinic \u015fi pe \u00eendelete cu to\u0163i factorii implica\u0163i&#8221;"},"content":{"rendered":"\n<p>&#8222;Ca \u015fi S\u0103n\u0103tatea, <a href=\"https:\/\/www.facebook.com\/hashtag\/educa%C5%A3ia?__eep__=6&amp;__cft__[0]=AZWKTjRNlA4Z8DgtOOTgtdaPda6Apg3EJ-HiR3_0HiIGnrmoxZ2JCC2PDABO1IdeCwaBRp6Sv7Qaebl6Diulvqo7QIoHmWa1XKVhxuegCnTw4MT3lUdevvHImHnW7m3s0WYK1MzA1TXbkotkQ3sS_a0draAcQrr4MScy8AbjvWlhPg&amp;__tn__=*NK-R\">#Educa\u0163ia<\/a> a fost permanent \u00een centrul politicii <a href=\"https:\/\/www.facebook.com\/hashtag\/psd?__eep__=6&amp;__cft__[0]=AZWKTjRNlA4Z8DgtOOTgtdaPda6Apg3EJ-HiR3_0HiIGnrmoxZ2JCC2PDABO1IdeCwaBRp6Sv7Qaebl6Diulvqo7QIoHmWa1XKVhxuegCnTw4MT3lUdevvHImHnW7m3s0WYK1MzA1TXbkotkQ3sS_a0draAcQrr4MScy8AbjvWlhPg&amp;__tn__=*NK-R\">#PSD<\/a>, pentru c\u0103 trebuie s\u0103 avem grij\u0103 de viitorul nostru. Din acest motiv, nu ne permitem s\u0103 facem schimb\u0103ri doar de dragul schimb\u0103rii \u00een ceea ce prive\u015fte Educa\u0163ia!<\/p>\n\n\n\n<p>Proiectele din pachetul <a href=\"https:\/\/www.facebook.com\/hashtag\/legilor_educa%C5%A3iei?__eep__=6&amp;__cft__[0]=AZWKTjRNlA4Z8DgtOOTgtdaPda6Apg3EJ-HiR3_0HiIGnrmoxZ2JCC2PDABO1IdeCwaBRp6Sv7Qaebl6Diulvqo7QIoHmWa1XKVhxuegCnTw4MT3lUdevvHImHnW7m3s0WYK1MzA1TXbkotkQ3sS_a0draAcQrr4MScy8AbjvWlhPg&amp;__tn__=*NK-R\">#Legilor_Educa\u0163iei<\/a> trebuie dezb\u0103tute \u015fi analizate temeinic \u015fi pe \u00eendelete cu to\u0163i factorii implica\u0163i: dasc\u0103li, elevi \u015fi p\u0103rin\u0163i.<\/p>\n\n\n\n<p>\u00cen acest sens, <a href=\"https:\/\/www.facebook.com\/hashtag\/psd?__eep__=6&amp;__cft__[0]=AZWKTjRNlA4Z8DgtOOTgtdaPda6Apg3EJ-HiR3_0HiIGnrmoxZ2JCC2PDABO1IdeCwaBRp6Sv7Qaebl6Diulvqo7QIoHmWa1XKVhxuegCnTw4MT3lUdevvHImHnW7m3s0WYK1MzA1TXbkotkQ3sS_a0draAcQrr4MScy8AbjvWlhPg&amp;__tn__=*NK-R\">#PSD<\/a> propune \u00een Coali\u0163ie stabilirea unui <a href=\"https:\/\/www.facebook.com\/hashtag\/calendar?__eep__=6&amp;__cft__[0]=AZWKTjRNlA4Z8DgtOOTgtdaPda6Apg3EJ-HiR3_0HiIGnrmoxZ2JCC2PDABO1IdeCwaBRp6Sv7Qaebl6Diulvqo7QIoHmWa1XKVhxuegCnTw4MT3lUdevvHImHnW7m3s0WYK1MzA1TXbkotkQ3sS_a0draAcQrr4MScy8AbjvWlhPg&amp;__tn__=*NK-R\">#calendar<\/a> extins de analiz\u0103 \u015fi adoptare. <a><\/a>Jalonul <a href=\"https:\/\/www.facebook.com\/hashtag\/pnrr?__eep__=6&amp;__cft__[0]=AZWKTjRNlA4Z8DgtOOTgtdaPda6Apg3EJ-HiR3_0HiIGnrmoxZ2JCC2PDABO1IdeCwaBRp6Sv7Qaebl6Diulvqo7QIoHmWa1XKVhxuegCnTw4MT3lUdevvHImHnW7m3s0WYK1MzA1TXbkotkQ3sS_a0draAcQrr4MScy8AbjvWlhPg&amp;__tn__=*NK-R\">#PNRR<\/a> privind Legile Educa\u0163iei are ca termen trimestrul III al acestui an, deci exist\u0103 timp suficient pentru ca Legea Educa\u0163iei s\u0103 poat\u0103 fi dezb\u0103tut\u0103 \u015fi aprobat\u0103.<\/p>\n\n\n\n<p>Din punctul de vedere al PSD, Legea trebuie s\u0103 cuprind\u0103 c\u00e2teva <a href=\"https:\/\/www.facebook.com\/hashtag\/obiective?__eep__=6&amp;__cft__[0]=AZWKTjRNlA4Z8DgtOOTgtdaPda6Apg3EJ-HiR3_0HiIGnrmoxZ2JCC2PDABO1IdeCwaBRp6Sv7Qaebl6Diulvqo7QIoHmWa1XKVhxuegCnTw4MT3lUdevvHImHnW7m3s0WYK1MzA1TXbkotkQ3sS_a0draAcQrr4MScy8AbjvWlhPg&amp;__tn__=*NK-R\">#obiective<\/a> esen\u0163iale \u015fi strategice:<\/p>\n\n\n\n<p>1) Acces ne\u00eengr\u0103dit la educa\u021bie pentru to\u021bi <a href=\"https:\/\/www.facebook.com\/hashtag\/copiii?__eep__=6&amp;__cft__[0]=AZWKTjRNlA4Z8DgtOOTgtdaPda6Apg3EJ-HiR3_0HiIGnrmoxZ2JCC2PDABO1IdeCwaBRp6Sv7Qaebl6Diulvqo7QIoHmWa1XKVhxuegCnTw4MT3lUdevvHImHnW7m3s0WYK1MzA1TXbkotkQ3sS_a0draAcQrr4MScy8AbjvWlhPg&amp;__tn__=*NK-R\">#copiii<\/a>;<\/p>\n\n\n\n<p>2) Combaterea <a href=\"https:\/\/www.facebook.com\/hashtag\/abandonului?__eep__=6&amp;__cft__[0]=AZWKTjRNlA4Z8DgtOOTgtdaPda6Apg3EJ-HiR3_0HiIGnrmoxZ2JCC2PDABO1IdeCwaBRp6Sv7Qaebl6Diulvqo7QIoHmWa1XKVhxuegCnTw4MT3lUdevvHImHnW7m3s0WYK1MzA1TXbkotkQ3sS_a0draAcQrr4MScy8AbjvWlhPg&amp;__tn__=*NK-R\">#abandonului<\/a> \u0219colar;<\/p>\n\n\n\n<p>3) Importan\u021ba preg\u0103tirii viitoarei <a href=\"https:\/\/www.facebook.com\/hashtag\/for%C8%9Be?__eep__=6&amp;__cft__[0]=AZWKTjRNlA4Z8DgtOOTgtdaPda6Apg3EJ-HiR3_0HiIGnrmoxZ2JCC2PDABO1IdeCwaBRp6Sv7Qaebl6Diulvqo7QIoHmWa1XKVhxuegCnTw4MT3lUdevvHImHnW7m3s0WYK1MzA1TXbkotkQ3sS_a0draAcQrr4MScy8AbjvWlhPg&amp;__tn__=*NK-R\">#for\u021be<\/a> de munc\u0103, respectiv calificarea \u00een func\u021bie de cerin\u021bele pie\u021bei muncii<\/p>\n\n\n\n<p>4) Dezvoltarea <a href=\"https:\/\/www.facebook.com\/hashtag\/after?__eep__=6&amp;__cft__[0]=AZWKTjRNlA4Z8DgtOOTgtdaPda6Apg3EJ-HiR3_0HiIGnrmoxZ2JCC2PDABO1IdeCwaBRp6Sv7Qaebl6Diulvqo7QIoHmWa1XKVhxuegCnTw4MT3lUdevvHImHnW7m3s0WYK1MzA1TXbkotkQ3sS_a0draAcQrr4MScy8AbjvWlhPg&amp;__tn__=*NK-R\">#after<\/a>-school-ului pentru sprijinirea p\u0103rin\u021bilor care muncesc.<\/p>\n\n\n\n<p>NU vom accepta nicio formul\u0103 care s\u0103 <a href=\"https:\/\/www.facebook.com\/hashtag\/restr%C3%A2ng%C4%83?__eep__=6&amp;__cft__[0]=AZWKTjRNlA4Z8DgtOOTgtdaPda6Apg3EJ-HiR3_0HiIGnrmoxZ2JCC2PDABO1IdeCwaBRp6Sv7Qaebl6Diulvqo7QIoHmWa1XKVhxuegCnTw4MT3lUdevvHImHnW7m3s0WYK1MzA1TXbkotkQ3sS_a0draAcQrr4MScy8AbjvWlhPg&amp;__tn__=*NK-R\">#restr\u00e2ng\u0103<\/a> drastic accesul copiilor no\u015ftri la educa\u0163ie de calitate!<\/p>\n\n\n\n<p>De aceea, consider\u0103m c\u0103 trebuie corectate c\u00e2teva aspecte <a href=\"https:\/\/www.facebook.com\/hashtag\/cheie?__eep__=6&amp;__cft__[0]=AZWKTjRNlA4Z8DgtOOTgtdaPda6Apg3EJ-HiR3_0HiIGnrmoxZ2JCC2PDABO1IdeCwaBRp6Sv7Qaebl6Diulvqo7QIoHmWa1XKVhxuegCnTw4MT3lUdevvHImHnW7m3s0WYK1MzA1TXbkotkQ3sS_a0draAcQrr4MScy8AbjvWlhPg&amp;__tn__=*NK-R\">#cheie<\/a> din proiectele de lege propuse de Ministerul Educa\u0163iei:<\/p>\n\n\n\n<p>&#8211; propunerea ca liceele s\u0103 aib\u0103 dreptul s\u0103 \u00ee\u015fi organizeze <a href=\"https:\/\/www.facebook.com\/hashtag\/propriile?__eep__=6&amp;__cft__[0]=AZWKTjRNlA4Z8DgtOOTgtdaPda6Apg3EJ-HiR3_0HiIGnrmoxZ2JCC2PDABO1IdeCwaBRp6Sv7Qaebl6Diulvqo7QIoHmWa1XKVhxuegCnTw4MT3lUdevvHImHnW7m3s0WYK1MzA1TXbkotkQ3sS_a0draAcQrr4MScy8AbjvWlhPg&amp;__tn__=*NK-R\">#propriile<\/a> admiteri (acest lucru ar putea duce la cre\u015fterea riscului practicii neloiale a medita\u021biilor \u0219i al corup\u021biei),<\/p>\n\n\n\n<p>&#8211; \u00eenmul\u0163irea probelor la examenul de <a href=\"https:\/\/www.facebook.com\/hashtag\/bacalaureat?__eep__=6&amp;__cft__[0]=AZWKTjRNlA4Z8DgtOOTgtdaPda6Apg3EJ-HiR3_0HiIGnrmoxZ2JCC2PDABO1IdeCwaBRp6Sv7Qaebl6Diulvqo7QIoHmWa1XKVhxuegCnTw4MT3lUdevvHImHnW7m3s0WYK1MzA1TXbkotkQ3sS_a0draAcQrr4MScy8AbjvWlhPg&amp;__tn__=*NK-R\">#bacalaureat<\/a>, \u00een forma propus\u0103 \u00een proiect,<\/p>\n\n\n\n<p>&#8211; desfiin\u0163area liceelor <a href=\"https:\/\/www.facebook.com\/hashtag\/pedagogice?__eep__=6&amp;__cft__[0]=AZWKTjRNlA4Z8DgtOOTgtdaPda6Apg3EJ-HiR3_0HiIGnrmoxZ2JCC2PDABO1IdeCwaBRp6Sv7Qaebl6Diulvqo7QIoHmWa1XKVhxuegCnTw4MT3lUdevvHImHnW7m3s0WYK1MzA1TXbkotkQ3sS_a0draAcQrr4MScy8AbjvWlhPg&amp;__tn__=*NK-R\">#pedagogice<\/a> \u0219i modificarea form\u0103rii \u00eenv\u0103\u021b\u0103torilor, care NU reprezint\u0103 o solu\u021bie, mai ales \u00een condi\u021biile lipsei acute de profesori dedica\u021bi.<\/p>\n\n\n\n<p>Totodat\u0103, Legile Educa\u0163iei trebuie s\u0103 cuprind\u0103 \u0219i prevederi \u00een ceea ce-i prive\u0219te pe copiii n\u0103scu\u021bi \u00een <a href=\"https:\/\/www.facebook.com\/hashtag\/diaspora?__eep__=6&amp;__cft__[0]=AZWKTjRNlA4Z8DgtOOTgtdaPda6Apg3EJ-HiR3_0HiIGnrmoxZ2JCC2PDABO1IdeCwaBRp6Sv7Qaebl6Diulvqo7QIoHmWa1XKVhxuegCnTw4MT3lUdevvHImHnW7m3s0WYK1MzA1TXbkotkQ3sS_a0draAcQrr4MScy8AbjvWlhPg&amp;__tn__=*NK-R\">#diaspora<\/a>&#8222;- declara\u0163ie pre\u015fedinte OFSD Giurgiu, deputat Cristina Elena Dinu.<\/p>\n","protected":false},"excerpt":{"rendered":"<p>&#8222;Ca \u015fi S\u0103n\u0103tatea, #Educa\u0163ia a fost permanent \u00een centrul politicii #PSD, pentru c\u0103 trebuie s\u0103 avem grij\u0103 de viitorul nostru. Din acest motiv, nu ne permitem s\u0103 facem schimb\u0103ri doar de dragul schimb\u0103rii \u00een ceea ce prive\u015fte Educa\u0163ia! Proiectele din pachetul #Legilor_Educa\u0163iei trebuie dezb\u0103tute \u015fi analizate temeinic \u015fi pe \u00eendelete cu to\u0163i factorii implica\u0163i: dasc\u0103li, [&hellip;]<\/p>\n","protected":false},"author":1,"featured_media":84144,"comment_status":"open","ping_status":"open","sticky":false,"template":"","format":"standard","meta":{"slim_seo":{"title":"Deputat Cristina Elena Dinu: \"Proiectele din pachetul Legilor Educa\u0163iei trebuie dezb\u0103tute \u015fi analizate temeinic \u015fi pe \u00eendelete cu to\u0163i factorii implica\u0163i\" - GIURGIU NET","description":"\"Ca \u015fi S\u0103n\u0103tatea, #Educa\u0163ia a fost permanent \u00een centrul politicii #PSD , pentru c\u0103 trebuie s\u0103 avem grij\u0103 de viitorul nostru. Din acest motiv, nu ne permitem s\u0103"},"footnotes":""},"categories":[18,29,26],"tags":[1025],"class_list":{"0":"post-84143","1":"post","2":"type-post","3":"status-publish","4":"format-standard","5":"has-post-thumbnail","7":"category-actual","8":"category-educatie-si-cultura","9":"category-soc","10":"tag-elena-dinu"},"_links":{"self":[{"href":"https:\/\/giurgiu-net.ro\/index.php\/wp-json\/wp\/v2\/posts\/84143","targetHints":{"allow":["GET"]}}],"collection":[{"href":"https:\/\/giurgiu-net.ro\/index.php\/wp-json\/wp\/v2\/posts"}],"about":[{"href":"https:\/\/giurgiu-net.ro\/index.php\/wp-json\/wp\/v2\/types\/post"}],"author":[{"embeddable":true,"href":"https:\/\/giurgiu-net.ro\/index.php\/wp-json\/wp\/v2\/users\/1"}],"replies":[{"embeddable":true,"href":"https:\/\/giurgiu-net.ro\/index.php\/wp-json\/wp\/v2\/comments?post=84143"}],"version-history":[{"count":0,"href":"https:\/\/giurgiu-net.ro\/index.php\/wp-json\/wp\/v2\/posts\/84143\/revisions"}],"wp:featuredmedia":[{"embeddable":true,"href":"https:\/\/giurgiu-net.ro\/index.php\/wp-json\/wp\/v2\/media\/84144"}],"wp:attachment":[{"href":"https:\/\/giurgiu-net.ro\/index.php\/wp-json\/wp\/v2\/media?parent=84143"}],"wp:term":[{"taxonomy":"category","embeddable":true,"href":"https:\/\/giurgiu-net.ro\/index.php\/wp-json\/wp\/v2\/categories?post=84143"},{"taxonomy":"post_tag","embeddable":true,"href":"https:\/\/giurgiu-net.ro\/index.php\/wp-json\/wp\/v2\/tags?post=84143"}],"curies":[{"name":"wp","href":"https:\/\/api.w.org\/{rel}","templated":true}]}}