{"id":83867,"date":"2023-01-10T10:15:13","date_gmt":"2023-01-10T08:15:13","guid":{"rendered":"https:\/\/giurgiu-net.ro\/?p=83867"},"modified":"2023-01-10T10:15:14","modified_gmt":"2023-01-10T08:15:14","slug":"deputat-cristina-elena-dinu-peste-700-000-de-comprimate-de-antiinflamatoare-antitermice-si-antivirale-vor-ajunge-in-farmacii","status":"publish","type":"post","link":"https:\/\/giurgiu-net.ro\/index.php\/2023\/01\/10\/deputat-cristina-elena-dinu-peste-700-000-de-comprimate-de-antiinflamatoare-antitermice-si-antivirale-vor-ajunge-in-farmacii\/","title":{"rendered":"Deputat Cristina Elena Dinu: &#8222;Peste 700.000 de comprimate de antiinflamatoare, antitermice \u015fi antivirale vor ajunge \u00een farmacii&#8221;"},"content":{"rendered":"\n<p>&#8222;Peste 700.000 de comprimate de antiinflamatoare, antitermice \u0219i antivirale vor ajunge \u00een <a href=\"https:\/\/www.facebook.com\/hashtag\/farmacii?__eep__=6&amp;__cft__[0]=AZU4Abu6BIcGsyoqQT2WfoWEXXiGN4AU8ZV1kVYI2XctjxCLR68laVtyufGcSKX4cDlpfXFIye3iI0SzyiArKiA9tSMIuaLnNHw1GjIxroFKOGvCevgh8H1rMvsiLm95-cce18PYEEb10S4s8g-PA5YvnwoF32C9goZm5mLhuLQxIQ&amp;__tn__=*NK-R\">#farmacii<\/a>. Este vorba despre medicamente <a href=\"https:\/\/www.facebook.com\/hashtag\/disponibile?__eep__=6&amp;__cft__[0]=AZU4Abu6BIcGsyoqQT2WfoWEXXiGN4AU8ZV1kVYI2XctjxCLR68laVtyufGcSKX4cDlpfXFIye3iI0SzyiArKiA9tSMIuaLnNHw1GjIxroFKOGvCevgh8H1rMvsiLm95-cce18PYEEb10S4s8g-PA5YvnwoF32C9goZm5mLhuLQxIQ&amp;__tn__=*NK-R\">#disponibile<\/a> \u00een depozitele distribuitorilor \u015fi a c\u0103ror livrare a re\u00eenceput imediat dup\u0103 vacan\u0163a de <a href=\"https:\/\/www.facebook.com\/hashtag\/s%C4%83rb%C4%83tori?__eep__=6&amp;__cft__[0]=AZU4Abu6BIcGsyoqQT2WfoWEXXiGN4AU8ZV1kVYI2XctjxCLR68laVtyufGcSKX4cDlpfXFIye3iI0SzyiArKiA9tSMIuaLnNHw1GjIxroFKOGvCevgh8H1rMvsiLm95-cce18PYEEb10S4s8g-PA5YvnwoF32C9goZm5mLhuLQxIQ&amp;__tn__=*NK-R\">#s\u0103rb\u0103tori<\/a>.<\/p>\n\n\n\n<p>Pentru c\u0103, \u00een perioada amintit\u0103, nu s-a mai f\u0103cut <a href=\"https:\/\/www.facebook.com\/hashtag\/aprovizionarea?__eep__=6&amp;__cft__[0]=AZU4Abu6BIcGsyoqQT2WfoWEXXiGN4AU8ZV1kVYI2XctjxCLR68laVtyufGcSKX4cDlpfXFIye3iI0SzyiArKiA9tSMIuaLnNHw1GjIxroFKOGvCevgh8H1rMvsiLm95-cce18PYEEb10S4s8g-PA5YvnwoF32C9goZm5mLhuLQxIQ&amp;__tn__=*NK-R\">#aprovizionarea<\/a> farmaciilor \u015fi a crescut num\u0103rul de cazuri de viroze respiratorii \u015fi de grip\u0103, au ap\u0103rut \u015fi sincope \u00een asigurarea medicamentelor necesare.<\/p>\n\n\n\n<p>\u00cen acela\u015fi timp, ministrul <a><\/a>S\u0103n\u0103t\u0103\u0163ii continu\u0103 s\u0103 poarte discu\u021bii cu produc\u0103torii \u0219i cu distribuitorii de medicamente pentru <a href=\"https:\/\/www.facebook.com\/hashtag\/suplimentarea?__eep__=6&amp;__cft__[0]=AZU4Abu6BIcGsyoqQT2WfoWEXXiGN4AU8ZV1kVYI2XctjxCLR68laVtyufGcSKX4cDlpfXFIye3iI0SzyiArKiA9tSMIuaLnNHw1GjIxroFKOGvCevgh8H1rMvsiLm95-cce18PYEEb10S4s8g-PA5YvnwoF32C9goZm5mLhuLQxIQ&amp;__tn__=*NK-R\">#suplimentarea<\/a> stocurilor.<\/p>\n\n\n\n<p>M\u0103suri importante privind asigurarea medicamentelor necesare tratamentului <a href=\"https:\/\/www.facebook.com\/hashtag\/gripei?__eep__=6&amp;__cft__[0]=AZU4Abu6BIcGsyoqQT2WfoWEXXiGN4AU8ZV1kVYI2XctjxCLR68laVtyufGcSKX4cDlpfXFIye3iI0SzyiArKiA9tSMIuaLnNHw1GjIxroFKOGvCevgh8H1rMvsiLm95-cce18PYEEb10S4s8g-PA5YvnwoF32C9goZm5mLhuLQxIQ&amp;__tn__=*NK-R\">#gripei<\/a> au fost luate \u00eenc\u0103 de la sf\u00e2r\u015fitul anului trecut, c\u00e2nd ministerul S\u0103n\u0103t\u0103\u0163ii a decis suspendarea temporar\u0103 a <a href=\"https:\/\/www.facebook.com\/hashtag\/exporturilor?__eep__=6&amp;__cft__[0]=AZU4Abu6BIcGsyoqQT2WfoWEXXiGN4AU8ZV1kVYI2XctjxCLR68laVtyufGcSKX4cDlpfXFIye3iI0SzyiArKiA9tSMIuaLnNHw1GjIxroFKOGvCevgh8H1rMvsiLm95-cce18PYEEb10S4s8g-PA5YvnwoF32C9goZm5mLhuLQxIQ&amp;__tn__=*NK-R\">#exporturilor<\/a> de medicamente specifice. De asemenea, a fost pus\u0103 la dispozi\u0163ia publicului o <a href=\"https:\/\/www.facebook.com\/hashtag\/list%C4%83?__eep__=6&amp;__cft__[0]=AZU4Abu6BIcGsyoqQT2WfoWEXXiGN4AU8ZV1kVYI2XctjxCLR68laVtyufGcSKX4cDlpfXFIye3iI0SzyiArKiA9tSMIuaLnNHw1GjIxroFKOGvCevgh8H1rMvsiLm95-cce18PYEEb10S4s8g-PA5YvnwoF32C9goZm5mLhuLQxIQ&amp;__tn__=*NK-R\">#list\u0103<\/a> cu medicamentele alternative care pot fi folosite pentru tratarea gripei.<\/p>\n\n\n\n<p>Aceste <a href=\"https:\/\/www.facebook.com\/hashtag\/medicamente?__eep__=6&amp;__cft__[0]=AZU4Abu6BIcGsyoqQT2WfoWEXXiGN4AU8ZV1kVYI2XctjxCLR68laVtyufGcSKX4cDlpfXFIye3iI0SzyiArKiA9tSMIuaLnNHw1GjIxroFKOGvCevgh8H1rMvsiLm95-cce18PYEEb10S4s8g-PA5YvnwoF32C9goZm5mLhuLQxIQ&amp;__tn__=*NK-R\">#medicamente<\/a> trebuie s\u0103 ajung\u0103 la cei care au \u00eentr-adev\u0103r <a href=\"https:\/\/www.facebook.com\/hashtag\/nevoie?__eep__=6&amp;__cft__[0]=AZU4Abu6BIcGsyoqQT2WfoWEXXiGN4AU8ZV1kVYI2XctjxCLR68laVtyufGcSKX4cDlpfXFIye3iI0SzyiArKiA9tSMIuaLnNHw1GjIxroFKOGvCevgh8H1rMvsiLm95-cce18PYEEb10S4s8g-PA5YvnwoF32C9goZm5mLhuLQxIQ&amp;__tn__=*NK-R\">#nevoie<\/a> de ele, adic\u0103 la cei bolnavi. Pentru asta, popula\u0163ia trebuie s\u0103 \u00een\u0163eleag\u0103 faptul c\u0103 nu este nevoie s\u0103 \u00ee\u015fi fac\u0103 stocuri iar <a href=\"https:\/\/www.facebook.com\/hashtag\/administrarea?__eep__=6&amp;__cft__[0]=AZU4Abu6BIcGsyoqQT2WfoWEXXiGN4AU8ZV1kVYI2XctjxCLR68laVtyufGcSKX4cDlpfXFIye3iI0SzyiArKiA9tSMIuaLnNHw1GjIxroFKOGvCevgh8H1rMvsiLm95-cce18PYEEb10S4s8g-PA5YvnwoF32C9goZm5mLhuLQxIQ&amp;__tn__=*NK-R\">#administrarea<\/a> lor s\u0103 se fac\u0103 doar la <a href=\"https:\/\/www.facebook.com\/hashtag\/recomandarea?__eep__=6&amp;__cft__[0]=AZU4Abu6BIcGsyoqQT2WfoWEXXiGN4AU8ZV1kVYI2XctjxCLR68laVtyufGcSKX4cDlpfXFIye3iI0SzyiArKiA9tSMIuaLnNHw1GjIxroFKOGvCevgh8H1rMvsiLm95-cce18PYEEb10S4s8g-PA5YvnwoF32C9goZm5mLhuLQxIQ&amp;__tn__=*NK-R\">#recomandarea<\/a> medicului!&#8221;- pre\u015fedintele OFSD Giurgiu, deputat Cristina Elena Dinu.<\/p>\n","protected":false},"excerpt":{"rendered":"<p>&#8222;Peste 700.000 de comprimate de antiinflamatoare, antitermice \u0219i antivirale vor ajunge \u00een #farmacii. Este vorba despre medicamente #disponibile \u00een depozitele distribuitorilor \u015fi a c\u0103ror livrare a re\u00eenceput imediat dup\u0103 vacan\u0163a de #s\u0103rb\u0103tori. Pentru c\u0103, \u00een perioada amintit\u0103, nu s-a mai f\u0103cut #aprovizionarea farmaciilor \u015fi a crescut num\u0103rul de cazuri de viroze respiratorii \u015fi de grip\u0103, [&hellip;]<\/p>\n","protected":false},"author":1,"featured_media":83868,"comment_status":"open","ping_status":"open","sticky":false,"template":"","format":"standard","meta":{"slim_seo":{"title":"Deputat Cristina Elena Dinu: \"Peste 700.000 de comprimate de antiinflamatoare, antitermice \u015fi antivirale vor ajunge \u00een farmacii\" - GIURGIU NET","description":"\"Peste 700.000 de comprimate de antiinflamatoare, antitermice \u0219i antivirale vor ajunge \u00een #farmacii . Este vorba despre medicamente #disponibile \u00een depozitele d"},"footnotes":""},"categories":[18,25,2877],"tags":[1025],"class_list":{"0":"post-83867","1":"post","2":"type-post","3":"status-publish","4":"format-standard","5":"has-post-thumbnail","7":"category-actual","8":"category-pol","9":"category-sanatate","10":"tag-elena-dinu"},"_links":{"self":[{"href":"https:\/\/giurgiu-net.ro\/index.php\/wp-json\/wp\/v2\/posts\/83867","targetHints":{"allow":["GET"]}}],"collection":[{"href":"https:\/\/giurgiu-net.ro\/index.php\/wp-json\/wp\/v2\/posts"}],"about":[{"href":"https:\/\/giurgiu-net.ro\/index.php\/wp-json\/wp\/v2\/types\/post"}],"author":[{"embeddable":true,"href":"https:\/\/giurgiu-net.ro\/index.php\/wp-json\/wp\/v2\/users\/1"}],"replies":[{"embeddable":true,"href":"https:\/\/giurgiu-net.ro\/index.php\/wp-json\/wp\/v2\/comments?post=83867"}],"version-history":[{"count":0,"href":"https:\/\/giurgiu-net.ro\/index.php\/wp-json\/wp\/v2\/posts\/83867\/revisions"}],"wp:featuredmedia":[{"embeddable":true,"href":"https:\/\/giurgiu-net.ro\/index.php\/wp-json\/wp\/v2\/media\/83868"}],"wp:attachment":[{"href":"https:\/\/giurgiu-net.ro\/index.php\/wp-json\/wp\/v2\/media?parent=83867"}],"wp:term":[{"taxonomy":"category","embeddable":true,"href":"https:\/\/giurgiu-net.ro\/index.php\/wp-json\/wp\/v2\/categories?post=83867"},{"taxonomy":"post_tag","embeddable":true,"href":"https:\/\/giurgiu-net.ro\/index.php\/wp-json\/wp\/v2\/tags?post=83867"}],"curies":[{"name":"wp","href":"https:\/\/api.w.org\/{rel}","templated":true}]}}