{"id":83204,"date":"2022-12-01T14:13:07","date_gmt":"2022-12-01T12:13:07","guid":{"rendered":"https:\/\/giurgiu-net.ro\/?p=83204"},"modified":"2022-12-01T14:13:07","modified_gmt":"2022-12-01T12:13:07","slug":"deputatul-marian-mina-mesaj-de-ziua-nationala-a-romaniei-citeste-aici","status":"publish","type":"post","link":"https:\/\/giurgiu-net.ro\/index.php\/2022\/12\/01\/deputatul-marian-mina-mesaj-de-ziua-nationala-a-romaniei-citeste-aici\/","title":{"rendered":"Deputatul Marian Mina, mesaj de Ziua Na\u0163ional\u0103 a Rom\u00e2niei. CITE\u015eTE AICI!"},"content":{"rendered":"\n<p><a href=\"https:\/\/www.facebook.com\/hashtag\/acas%C4%83?__eep__=6&amp;__cft__[0]=AZUSJf7b4K02JMc7Fu6YHz3LS6nRu3LtkWb1wATf98FKXfJnYVzi0O1Aq3Mf8GJNfcGt2UDsTsWAXnoIOMAWnx8KNOCzuuEBMn_GeV1QX5Tcj5Ea_fKEl0Jv0oxffCrrTMZWhDew8dgvT14uCw80CgPKAX2cOWhkfZyKa7rloox16A&amp;__tn__=*NK-R\">#Acas\u0103<\/a>, la Giurgiu, de <a href=\"https:\/\/www.facebook.com\/hashtag\/ziua_na%C5%A3ional%C4%83?__eep__=6&amp;__cft__[0]=AZUSJf7b4K02JMc7Fu6YHz3LS6nRu3LtkWb1wATf98FKXfJnYVzi0O1Aq3Mf8GJNfcGt2UDsTsWAXnoIOMAWnx8KNOCzuuEBMn_GeV1QX5Tcj5Ea_fKEl0Jv0oxffCrrTMZWhDew8dgvT14uCw80CgPKAX2cOWhkfZyKa7rloox16A&amp;__tn__=*NK-R\">#Ziua_Na\u0163ional\u0103<\/a><img loading=\"lazy\" decoding=\"async\" height=\"16\" width=\"16\" src=\"https:\/\/static.xx.fbcdn.net\/images\/emoji.php\/v9\/t7e\/1.5\/16\/1f1f7_1f1f4.png\" alt=\"\ud83c\uddf7\ud83c\uddf4\"><\/p>\n\n\n\n<p>Am participat, ast\u0103zi, al\u0103turi de colegi \u015fi de prieteni, la manifest\u0103rile dedicate Zilei Na\u0163ionale a Rom\u00e2niei, cu m\u00e2ndrie \u015fi onoare, ca \u00een fiecare an.<\/p>\n\n\n\n<p>Pentru mine, <a href=\"https:\/\/www.facebook.com\/hashtag\/rom%C3%A2nia?__eep__=6&amp;__cft__[0]=AZUSJf7b4K02JMc7Fu6YHz3LS6nRu3LtkWb1wATf98FKXfJnYVzi0O1Aq3Mf8GJNfcGt2UDsTsWAXnoIOMAWnx8KNOCzuuEBMn_GeV1QX5Tcj5Ea_fKEl0Jv0oxffCrrTMZWhDew8dgvT14uCw80CgPKAX2cOWhkfZyKa7rloox16A&amp;__tn__=*NK-R\">#Rom\u00e2nia<\/a> \u00eenseamn\u0103 familie, \u00eenseamn\u0103 oameni buni \u015fi frumo\u015fi, \u00eenseamn\u0103 demnitate \u015fi respect. Rom\u00e2nia este ACAS\u0102, a\u015fa va r\u0103m\u00e2ne mereu \u015fi voi face, \u00een continuare, tot ceea ce depinde de mine pentru a contribui la dezvoltarea, bun\u0103starea \u015fi modernizarea locului \u00een care m-am <a><\/a>n\u0103scut, am crescut \u015fi tr\u0103iesc!<\/p>\n\n\n\n<p>La Mul\u0163i Ani, <a href=\"https:\/\/www.facebook.com\/hashtag\/rom%C3%A2nia?__eep__=6&amp;__cft__[0]=AZUSJf7b4K02JMc7Fu6YHz3LS6nRu3LtkWb1wATf98FKXfJnYVzi0O1Aq3Mf8GJNfcGt2UDsTsWAXnoIOMAWnx8KNOCzuuEBMn_GeV1QX5Tcj5Ea_fKEl0Jv0oxffCrrTMZWhDew8dgvT14uCw80CgPKAX2cOWhkfZyKa7rloox16A&amp;__tn__=*NK-R\">#Rom\u00e2nia<\/a>!<\/p>\n\n\n\n<p>La Mul\u0163i Ani, rom\u00e2ni, La Mul\u0163i Ani, giurgiuveni!<\/p>\n\n\n\n<p>Dumnezeu s\u0103 binecuv\u00e2nteze \u0163ara noastr\u0103 drag\u0103!&#8221;- pre\u015fedinte PSD Giurgiu, deputat Marian Mina.<\/p>\n","protected":false},"excerpt":{"rendered":"<p>#Acas\u0103, la Giurgiu, de #Ziua_Na\u0163ional\u0103 Am participat, ast\u0103zi, al\u0103turi de colegi \u015fi de prieteni, la manifest\u0103rile dedicate Zilei Na\u0163ionale a Rom\u00e2niei, cu m\u00e2ndrie \u015fi onoare, ca \u00een fiecare an. Pentru mine, #Rom\u00e2nia \u00eenseamn\u0103 familie, \u00eenseamn\u0103 oameni buni \u015fi frumo\u015fi, \u00eenseamn\u0103 demnitate \u015fi respect. Rom\u00e2nia este ACAS\u0102, a\u015fa va r\u0103m\u00e2ne mereu \u015fi voi face, \u00een continuare, [&hellip;]<\/p>\n","protected":false},"author":1,"featured_media":83151,"comment_status":"open","ping_status":"open","sticky":false,"template":"","format":"standard","meta":{"slim_seo":{"title":"Deputatul Marian Mina, mesaj de Ziua Na\u0163ional\u0103 a Rom\u00e2niei. CITE\u015eTE AICI! - GIURGIU NET","description":"#Acas\u0103 , la Giurgiu, de #Ziua_Na\u0163ional\u0103 Am participat, ast\u0103zi, al\u0103turi de colegi \u015fi de prieteni, la manifest\u0103rile dedicate Zilei Na\u0163ionale a Rom\u00e2niei, cu m\u00e2ndri"},"footnotes":""},"categories":[18,19,25],"tags":[1626],"class_list":{"0":"post-83204","1":"post","2":"type-post","3":"status-publish","4":"format-standard","5":"has-post-thumbnail","7":"category-actual","8":"category-adm","9":"category-pol","10":"tag-marian-mina"},"_links":{"self":[{"href":"https:\/\/giurgiu-net.ro\/index.php\/wp-json\/wp\/v2\/posts\/83204","targetHints":{"allow":["GET"]}}],"collection":[{"href":"https:\/\/giurgiu-net.ro\/index.php\/wp-json\/wp\/v2\/posts"}],"about":[{"href":"https:\/\/giurgiu-net.ro\/index.php\/wp-json\/wp\/v2\/types\/post"}],"author":[{"embeddable":true,"href":"https:\/\/giurgiu-net.ro\/index.php\/wp-json\/wp\/v2\/users\/1"}],"replies":[{"embeddable":true,"href":"https:\/\/giurgiu-net.ro\/index.php\/wp-json\/wp\/v2\/comments?post=83204"}],"version-history":[{"count":0,"href":"https:\/\/giurgiu-net.ro\/index.php\/wp-json\/wp\/v2\/posts\/83204\/revisions"}],"wp:featuredmedia":[{"embeddable":true,"href":"https:\/\/giurgiu-net.ro\/index.php\/wp-json\/wp\/v2\/media\/83151"}],"wp:attachment":[{"href":"https:\/\/giurgiu-net.ro\/index.php\/wp-json\/wp\/v2\/media?parent=83204"}],"wp:term":[{"taxonomy":"category","embeddable":true,"href":"https:\/\/giurgiu-net.ro\/index.php\/wp-json\/wp\/v2\/categories?post=83204"},{"taxonomy":"post_tag","embeddable":true,"href":"https:\/\/giurgiu-net.ro\/index.php\/wp-json\/wp\/v2\/tags?post=83204"}],"curies":[{"name":"wp","href":"https:\/\/api.w.org\/{rel}","templated":true}]}}