{"id":83201,"date":"2022-12-01T14:11:23","date_gmt":"2022-12-01T12:11:23","guid":{"rendered":"https:\/\/giurgiu-net.ro\/?p=83201"},"modified":"2022-12-01T14:11:23","modified_gmt":"2022-12-01T12:11:23","slug":"deputat-cristina-elena-dinu-mesaj-de-ziua-nationala-a-romaniei-citeste-aici","status":"publish","type":"post","link":"https:\/\/giurgiu-net.ro\/index.php\/2022\/12\/01\/deputat-cristina-elena-dinu-mesaj-de-ziua-nationala-a-romaniei-citeste-aici\/","title":{"rendered":"Deputat Cristina Elena Dinu, mesaj de Ziua Na\u0163ional\u0103 a Rom\u00e2niei. CITE\u015eTE AICI!"},"content":{"rendered":"\n<p>&#8222;Ca de fiecare dat\u0103, \u015fi anul acesta am fost <a href=\"https:\/\/www.facebook.com\/hashtag\/acas%C4%83?__eep__=6&amp;__cft__[0]=AZVEKxDUgKCj-wv2Tda-RBzaq27hu2-76VrSrHht7Shqfd37ZVxuT2cUGX6tSwVYLR5UUuz3R2OdpW4STm7WjlOEJ0EMhrq6TP-56_3TiIRzEWLGJgTkCd6qT0bZR8pxfBY3W-gkj4wjrt2QFcAX6QN6yrTyY5kUly77HLbTNnOVlQ&amp;__tn__=*NK-R\">#acas\u0103<\/a>, al\u0103turi de <a href=\"https:\/\/www.facebook.com\/hashtag\/giurgiuveni?__eep__=6&amp;__cft__[0]=AZVEKxDUgKCj-wv2Tda-RBzaq27hu2-76VrSrHht7Shqfd37ZVxuT2cUGX6tSwVYLR5UUuz3R2OdpW4STm7WjlOEJ0EMhrq6TP-56_3TiIRzEWLGJgTkCd6qT0bZR8pxfBY3W-gkj4wjrt2QFcAX6QN6yrTyY5kUly77HLbTNnOVlQ&amp;__tn__=*NK-R\">#giurgiuveni<\/a>, pentru a petrece \u00eempreun\u0103 Ziua <a href=\"https:\/\/www.facebook.com\/hashtag\/rom%C3%A2niei?__eep__=6&amp;__cft__[0]=AZVEKxDUgKCj-wv2Tda-RBzaq27hu2-76VrSrHht7Shqfd37ZVxuT2cUGX6tSwVYLR5UUuz3R2OdpW4STm7WjlOEJ0EMhrq6TP-56_3TiIRzEWLGJgTkCd6qT0bZR8pxfBY3W-gkj4wjrt2QFcAX6QN6yrTyY5kUly77HLbTNnOVlQ&amp;__tn__=*NK-R\">#Rom\u00e2niei<\/a>, \u015fi am participat, astfel, al\u0103turi de colegii mei din <a href=\"https:\/\/www.facebook.com\/hashtag\/psd_giurgiu?__eep__=6&amp;__cft__[0]=AZVEKxDUgKCj-wv2Tda-RBzaq27hu2-76VrSrHht7Shqfd37ZVxuT2cUGX6tSwVYLR5UUuz3R2OdpW4STm7WjlOEJ0EMhrq6TP-56_3TiIRzEWLGJgTkCd6qT0bZR8pxfBY3W-gkj4wjrt2QFcAX6QN6yrTyY5kUly77HLbTNnOVlQ&amp;__tn__=*NK-R\">#PSD_Giurgiu<\/a> la manifest\u0103rile desf\u0103\u015furate \u00een municipiu.<\/p>\n\n\n\n<p>Nu doar ast\u0103zi, ci \u00een fiecare zi, trebuie s\u0103 \u201cd\u0103m dovezi la lume\u201d c\u0103 suntem un popor care \u015ftie s\u0103-\u015fi cinsteasc\u0103 \u00eenainta\u015fii, dar care, \u00een acela\u015fi timp, se \u00eengrije\u015fte de soarta genera\u0163iilor <a href=\"https:\/\/www.facebook.com\/hashtag\/viitoare?__eep__=6&amp;__cft__[0]=AZVEKxDUgKCj-wv2Tda-RBzaq27hu2-76VrSrHht7Shqfd37ZVxuT2cUGX6tSwVYLR5UUuz3R2OdpW4STm7WjlOEJ0EMhrq6TP-56_3TiIRzEWLGJgTkCd6qT0bZR8pxfBY3W-gkj4wjrt2QFcAX6QN6yrTyY5kUly77HLbTNnOVlQ&amp;__tn__=*NK-R\">#viitoare<\/a>. De la cei care administreaz\u0103 bunul mers al \u0163\u0103rii, p\u00e2n\u0103 la oamenii simpli, suntem <a href=\"https:\/\/www.facebook.com\/hashtag\/datori?__eep__=6&amp;__cft__[0]=AZVEKxDUgKCj-wv2Tda-RBzaq27hu2-76VrSrHht7Shqfd37ZVxuT2cUGX6tSwVYLR5UUuz3R2OdpW4STm7WjlOEJ0EMhrq6TP-56_3TiIRzEWLGJgTkCd6qT0bZR8pxfBY3W-gkj4wjrt2QFcAX6QN6yrTyY5kUly77HLbTNnOVlQ&amp;__tn__=*NK-R\">#datori<\/a> cu to\u0163ii s\u0103 ac\u0163ion\u0103m cu responsabilitate, \u00een fiecare zi, pentru ca <a href=\"https:\/\/www.facebook.com\/hashtag\/rom%C3%A2nia?__eep__=6&amp;__cft__[0]=AZVEKxDUgKCj-wv2Tda-RBzaq27hu2-76VrSrHht7Shqfd37ZVxuT2cUGX6tSwVYLR5UUuz3R2OdpW4STm7WjlOEJ0EMhrq6TP-56_3TiIRzEWLGJgTkCd6qT0bZR8pxfBY3W-gkj4wjrt2QFcAX6QN6yrTyY5kUly77HLbTNnOVlQ&amp;__tn__=*NK-R\">#Rom\u00e2nia<\/a> de m\u00e2ine s\u0103 fie aceea pe care \u015fi-au dorit-o str\u0103mo\u015fii no\u015ftri: unit\u0103, prosper\u0103, fericit\u0103!<\/p>\n\n\n\n<p>Le doresc tuturor <a href=\"https:\/\/www.facebook.com\/hashtag\/rom%C3%A2nilor?__eep__=6&amp;__cft__[0]=AZVEKxDUgKCj-wv2Tda-RBzaq27hu2-76VrSrHht7Shqfd37ZVxuT2cUGX6tSwVYLR5UUuz3R2OdpW4STm7WjlOEJ0EMhrq6TP-56_3TiIRzEWLGJgTkCd6qT0bZR8pxfBY3W-gkj4wjrt2QFcAX6QN6yrTyY5kUly77HLbTNnOVlQ&amp;__tn__=*NK-R\">#rom\u00e2nilor<\/a> de pretutindeni, din \u0163ar\u0103 \u015fi din str\u0103in\u0103tate, precum \u015fi locuitorilor municipiului \u0219i jude\u021bului <a href=\"https:\/\/www.facebook.com\/hashtag\/giurgiu?__eep__=6&amp;__cft__[0]=AZVEKxDUgKCj-wv2Tda-RBzaq27hu2-76VrSrHht7Shqfd37ZVxuT2cUGX6tSwVYLR5UUuz3R2OdpW4STm7WjlOEJ0EMhrq6TP-56_3TiIRzEWLGJgTkCd6qT0bZR8pxfBY3W-gkj4wjrt2QFcAX6QN6yrTyY5kUly77HLbTNnOVlQ&amp;__tn__=*NK-R\">#Giurgiu<\/a>, mult\u0103 s\u0103n\u0103tate, prosperitate, bucurii \u015fi \u00eempliniri pe toate planurile!<\/p>\n\n\n\n<p>La Mul\u0163i Ani, Rom\u00e2nia!<\/p>\n\n\n\n<p>La Mul\u0163i Ani, dragi rom\u00e2ni!&#8221;- pre\u015fedinte OFSD Giurgiu, deputat Cristina Elena Dinu<\/p>\n","protected":false},"excerpt":{"rendered":"<p>&#8222;Ca de fiecare dat\u0103, \u015fi anul acesta am fost #acas\u0103, al\u0103turi de #giurgiuveni, pentru a petrece \u00eempreun\u0103 Ziua #Rom\u00e2niei, \u015fi am participat, astfel, al\u0103turi de colegii mei din #PSD_Giurgiu la manifest\u0103rile desf\u0103\u015furate \u00een municipiu. Nu doar ast\u0103zi, ci \u00een fiecare zi, trebuie s\u0103 \u201cd\u0103m dovezi la lume\u201d c\u0103 suntem un popor care \u015ftie s\u0103-\u015fi cinsteasc\u0103 [&hellip;]<\/p>\n","protected":false},"author":1,"featured_media":83202,"comment_status":"open","ping_status":"open","sticky":false,"template":"","format":"standard","meta":{"slim_seo":{"title":"Deputat Cristina Elena Dinu, mesaj de Ziua Na\u0163ional\u0103 a Rom\u00e2niei. CITE\u015eTE AICI! - GIURGIU NET","description":"\"Ca de fiecare dat\u0103, \u015fi anul acesta am fost #acas\u0103 , al\u0103turi de #giurgiuveni , pentru a petrece \u00eempreun\u0103 Ziua #Rom\u00e2niei , \u015fi am participat, astfel, al\u0103turi de c"},"footnotes":""},"categories":[18,19,25],"tags":[1025],"class_list":{"0":"post-83201","1":"post","2":"type-post","3":"status-publish","4":"format-standard","5":"has-post-thumbnail","7":"category-actual","8":"category-adm","9":"category-pol","10":"tag-elena-dinu"},"_links":{"self":[{"href":"https:\/\/giurgiu-net.ro\/index.php\/wp-json\/wp\/v2\/posts\/83201","targetHints":{"allow":["GET"]}}],"collection":[{"href":"https:\/\/giurgiu-net.ro\/index.php\/wp-json\/wp\/v2\/posts"}],"about":[{"href":"https:\/\/giurgiu-net.ro\/index.php\/wp-json\/wp\/v2\/types\/post"}],"author":[{"embeddable":true,"href":"https:\/\/giurgiu-net.ro\/index.php\/wp-json\/wp\/v2\/users\/1"}],"replies":[{"embeddable":true,"href":"https:\/\/giurgiu-net.ro\/index.php\/wp-json\/wp\/v2\/comments?post=83201"}],"version-history":[{"count":0,"href":"https:\/\/giurgiu-net.ro\/index.php\/wp-json\/wp\/v2\/posts\/83201\/revisions"}],"wp:featuredmedia":[{"embeddable":true,"href":"https:\/\/giurgiu-net.ro\/index.php\/wp-json\/wp\/v2\/media\/83202"}],"wp:attachment":[{"href":"https:\/\/giurgiu-net.ro\/index.php\/wp-json\/wp\/v2\/media?parent=83201"}],"wp:term":[{"taxonomy":"category","embeddable":true,"href":"https:\/\/giurgiu-net.ro\/index.php\/wp-json\/wp\/v2\/categories?post=83201"},{"taxonomy":"post_tag","embeddable":true,"href":"https:\/\/giurgiu-net.ro\/index.php\/wp-json\/wp\/v2\/tags?post=83201"}],"curies":[{"name":"wp","href":"https:\/\/api.w.org\/{rel}","templated":true}]}}