{"id":83134,"date":"2022-11-30T10:11:13","date_gmt":"2022-11-30T08:11:13","guid":{"rendered":"https:\/\/giurgiu-net.ro\/?p=83134"},"modified":"2022-11-30T10:11:14","modified_gmt":"2022-11-30T08:11:14","slug":"mesajul-deputatului-marian-mina-cu-ocazia-zilei-sfantului-andrei","status":"publish","type":"post","link":"https:\/\/giurgiu-net.ro\/index.php\/2022\/11\/30\/mesajul-deputatului-marian-mina-cu-ocazia-zilei-sfantului-andrei\/","title":{"rendered":"Mesajul deputatului Marian Mina, cu ocazia zilei Sf\u00e2ntului Andrei"},"content":{"rendered":"\n<p>&#8222;La Mul\u0163i Ani, tuturor celor care \u00ee\u015fi serbeaz\u0103, ast\u0103zi, onomastica!<\/p>\n\n\n\n<p>Sf\u00e2ntul Andrei, Ocrotitorul <a href=\"https:\/\/www.facebook.com\/hashtag\/rom%C3%A2niei?__eep__=6&amp;__cft__[0]=AZWKnNSjZ-kDrk61Qq683mes4rg2aZcHIn1rhRjUcC336abMVk4and6XgPrmMvXJ0VQH-NqG3MywwtjFDBJY2_pQLgArKN8IBLPUYeeUDIaKq5An3aFte19sfvkrkiRafDjy561qvdztZQjLmN03FZ2asVpj-lEYHtIT2EMS-D_xod9kJ5AUnRdipWFG7r23Sok&amp;__tn__=*NK-R\">#Rom\u00e2niei<\/a>, s\u0103 v\u0103 c\u0103l\u0103uzeasc\u0103 pa\u015fii- \u00een fiecare clip\u0103- ca s\u0103 fi\u0163i s\u0103n\u0103to\u015fi \u015fi s\u0103 v\u0103 bucura\u0163i, astfel, de realiz\u0103ri, \u00een fiecare zi, al\u0103turi de cei pe care \u00eei iubi\u0163i!<\/p>\n\n\n\n<p>O zi binecuv\u00e2ntat\u0103, tuturor!&#8221;- pre\u015fedinte PSD Giurgiu, deputat Marian Mina<\/p>\n","protected":false},"excerpt":{"rendered":"<p>&#8222;La Mul\u0163i Ani, tuturor celor care \u00ee\u015fi serbeaz\u0103, ast\u0103zi, onomastica! Sf\u00e2ntul Andrei, Ocrotitorul #Rom\u00e2niei, s\u0103 v\u0103 c\u0103l\u0103uzeasc\u0103 pa\u015fii- \u00een fiecare clip\u0103- ca s\u0103 fi\u0163i s\u0103n\u0103to\u015fi \u015fi s\u0103 v\u0103 bucura\u0163i, astfel, de realiz\u0103ri, \u00een fiecare zi, al\u0103turi de cei pe care \u00eei iubi\u0163i! O zi binecuv\u00e2ntat\u0103, tuturor!&#8221;- pre\u015fedinte PSD Giurgiu, deputat Marian Mina<\/p>\n","protected":false},"author":1,"featured_media":83135,"comment_status":"open","ping_status":"open","sticky":false,"template":"","format":"standard","meta":{"slim_seo":{"title":"Mesajul deputatului Marian Mina, cu ocazia zilei Sf\u00e2ntului Andrei - GIURGIU NET","description":"\"La Mul\u0163i Ani, tuturor celor care \u00ee\u015fi serbeaz\u0103, ast\u0103zi, onomastica! Sf\u00e2ntul Andrei, Ocrotitorul #Rom\u00e2niei , s\u0103 v\u0103 c\u0103l\u0103uzeasc\u0103 pa\u015fii- \u00een fiecare clip\u0103- ca s\u0103 fi\u0163"},"footnotes":""},"categories":[18,26],"tags":[1626],"class_list":{"0":"post-83134","1":"post","2":"type-post","3":"status-publish","4":"format-standard","5":"has-post-thumbnail","7":"category-actual","8":"category-soc","9":"tag-marian-mina"},"_links":{"self":[{"href":"https:\/\/giurgiu-net.ro\/index.php\/wp-json\/wp\/v2\/posts\/83134","targetHints":{"allow":["GET"]}}],"collection":[{"href":"https:\/\/giurgiu-net.ro\/index.php\/wp-json\/wp\/v2\/posts"}],"about":[{"href":"https:\/\/giurgiu-net.ro\/index.php\/wp-json\/wp\/v2\/types\/post"}],"author":[{"embeddable":true,"href":"https:\/\/giurgiu-net.ro\/index.php\/wp-json\/wp\/v2\/users\/1"}],"replies":[{"embeddable":true,"href":"https:\/\/giurgiu-net.ro\/index.php\/wp-json\/wp\/v2\/comments?post=83134"}],"version-history":[{"count":0,"href":"https:\/\/giurgiu-net.ro\/index.php\/wp-json\/wp\/v2\/posts\/83134\/revisions"}],"wp:featuredmedia":[{"embeddable":true,"href":"https:\/\/giurgiu-net.ro\/index.php\/wp-json\/wp\/v2\/media\/83135"}],"wp:attachment":[{"href":"https:\/\/giurgiu-net.ro\/index.php\/wp-json\/wp\/v2\/media?parent=83134"}],"wp:term":[{"taxonomy":"category","embeddable":true,"href":"https:\/\/giurgiu-net.ro\/index.php\/wp-json\/wp\/v2\/categories?post=83134"},{"taxonomy":"post_tag","embeddable":true,"href":"https:\/\/giurgiu-net.ro\/index.php\/wp-json\/wp\/v2\/tags?post=83134"}],"curies":[{"name":"wp","href":"https:\/\/api.w.org\/{rel}","templated":true}]}}