{"id":83018,"date":"2022-11-17T15:19:06","date_gmt":"2022-11-17T13:19:06","guid":{"rendered":"https:\/\/giurgiu-net.ro\/?p=83018"},"modified":"2022-11-17T15:19:07","modified_gmt":"2022-11-17T13:19:07","slug":"deputat-marian-mina-administratia-pnl-lasa-fara-caldura-iarna-asta-un-liceu-si-un-cartier-intreg-din-municipiul-giurgiu","status":"publish","type":"post","link":"https:\/\/giurgiu-net.ro\/index.php\/2022\/11\/17\/deputat-marian-mina-administratia-pnl-lasa-fara-caldura-iarna-asta-un-liceu-si-un-cartier-intreg-din-municipiul-giurgiu\/","title":{"rendered":"Deputat Marian Mina: &#8222;Administra\u0163ia PNL las\u0103 f\u0103r\u0103 c\u0103ldur\u0103, iarna asta, un liceu \u015fi un cartier \u00eentreg din municipiul Giurgiu!&#8221;"},"content":{"rendered":"\n<p>Pre\u015fedintele PSD Giurgiu, deputat Marian Mina, a criticat faptul c\u0103 Liceul &#8222;Tudor Vianu&#8221; din Giurgiu a r\u0103mas f\u0103r\u0103 c\u0103ldur\u0103, \u00een aceast\u0103 perioad\u0103, din cauza unor lucr\u0103ri la re\u0163eaua de distribu\u0163ie a energiei termice.<\/p>\n\n\n\n<p>Red\u0103m integral mesajul lui Marian Mina, postat pe pagina sa de Facebook:<\/p>\n\n\n\n<p>&#8222;Administra\u0163ia <a href=\"https:\/\/www.facebook.com\/hashtag\/pnl?__eep__=6&amp;__cft__[0]=AZUjecl2TfO1XsfHcFX8lo9cwZxNPT1nzPprUEolfMkLGF-u94T8MX-A6eRX3OYsNI5A4ZP1_fRhUDGb_7FPL6iNh2yYPhTBmnw8DWXWz2pPjz_3YJWLWBzN-0oEDV0-n7jWdSOSNWudqtON_D8Yj94gb4e-GcPWTSoNld9altBZkznDAvAIB8EcL3PoH-nroXQ&amp;__tn__=*NK-R\">#PNL<\/a> las\u0103 f\u0103r\u0103 c\u0103ldur\u0103, iarna asta, un liceu \u015fi un cartier \u00eentreg din municipiul Giurgiu!<\/p>\n\n\n\n<p>\u00cen zona Liceului Teoretic \u201cTudor Vianu\u201d se lucreaz\u0103 la re\u0163eaua de distribu\u0163ie a agentului termic. Unitatea de \u00eenv\u0103\u0163\u0103m\u00e2nt \u015fi imobilele din apropiere(care sunt racordate sistemul centralizat de \u00eenc\u0103lzire) NU au c\u0103ldur\u0103 \u00een acest moment, de\u015fi suntem la jum\u0103tatea lunii noiembrie.<\/p>\n\n\n\n<p>Mai grav este c\u0103 investi\u0163ia trebuie s\u0103 fie finalizat\u0103 abia \u00een martie anul viitor.<\/p>\n\n\n\n<p>Dac\u0103 cei de la <a><\/a>case, s\u0103 zicem, pot g\u0103si mai repede o solu\u0163ie pentru a se \u00eenc\u0103lzi iarna aceasta, ce vor face elevii \u015fi profesorii de la \u201cTudor Vianu\u201d?<\/p>\n\n\n\n<p>Ne-au scris mai mul\u0163i p\u0103rin\u0163i \u015fi profesori dispera\u0163i \u015fi ne-au spus c\u0103 deja nu se mai pot face cursuri \u00een liceu din cauza frigului, dar \u015fi c\u0103 s-au \u00eemboln\u0103vit mai mul\u0163i elevi.<\/p>\n\n\n\n<p>Conducerea PNL a liceului, cea a Inspectoratului \u015ecolar Jude\u0163ean(tot PNL), respectiv cea a Prim\u0103riei ce au f\u0103cut ca s\u0103 pre\u00eent\u00e2mpine aceast\u0103 situa\u0163ie?<\/p>\n\n\n\n<p>Dac\u0103 \u015ftia\u0163i c\u0103 lucr\u0103rile se vor derula \u015fi \u00een sezonul rece(ve\u0163i spune c\u0103 a\u015fa prevede contractul), de ce nu a\u0163i g\u0103sit solu\u0163ii alternative pentru asigurarea c\u0103ldurii \u00een liceu?<\/p>\n\n\n\n<p>Domnule primar PNL, Adrian Anghelescu, nu pute\u0163i \u201crecl\u0103di\u201d Giurgiu, l\u0103s\u00e2nd copiii \u00een frig! Iar vom fi singurul ora\u015f din \u0163ar\u0103 \u00een care o unitate de \u00eenv\u0103\u0163\u0103m\u00e2nt va face \u015fcoal\u0103 online din cauza frigului din clase, cum s-a \u00eent\u00e2mplat \u015fi anul trecut?<\/p>\n\n\n\n<p>Domnule pre\u015fedinte al PNL Giurgiu, Dan Motreanu, v-a\u0163i l\u0103udat c\u0103 \u201ca\u0163i reu\u015fit dumneavoastr\u0103\u201d s\u0103 asigura\u0163i c\u0103ldura \u00een toate unit\u0103\u0163ile de \u00eenv\u0103\u0163\u0103m\u00e2nt. Vede\u0163i c\u0103 v-a sc\u0103pat un liceu! A\u015fa se \u00eent\u00e2mpl\u0103 c\u00e2nd e\u015fti rupt de realitatea din Giurgiu \u015fi c\u00e2nd cite\u015fti pe Facebook doar comentariile \u00een care e\u015fti l\u0103udat.<\/p>\n\n\n\n<p>Incompeten\u0163a administra\u0163iei PNL love\u015fte, iat\u0103, din nou \u015fi le cer tuturor institu\u0163iilor cu atribu\u0163ii s\u0103 ia urgent m\u0103suri pentru asigurarea c\u0103ldurii la Liceul \u201cTudor Vianu\u201d!<\/p>\n\n\n\n<p>Dac\u0103 nu ave\u0163i solu\u0163ii, da\u0163i-v\u0103 demisia to\u0163i, pentru c\u0103 giurgiuvenii nu v\u0103 pl\u0103tesc ca s\u0103 ridica\u0163i din umeri!&#8221;<\/p>\n","protected":false},"excerpt":{"rendered":"<p>Pre\u015fedintele PSD Giurgiu, deputat Marian Mina, a criticat faptul c\u0103 Liceul &#8222;Tudor Vianu&#8221; din Giurgiu a r\u0103mas f\u0103r\u0103 c\u0103ldur\u0103, \u00een aceast\u0103 perioad\u0103, din cauza unor lucr\u0103ri la re\u0163eaua de distribu\u0163ie a energiei termice. Red\u0103m integral mesajul lui Marian Mina, postat pe pagina sa de Facebook: &#8222;Administra\u0163ia #PNL las\u0103 f\u0103r\u0103 c\u0103ldur\u0103, iarna asta, un liceu \u015fi [&hellip;]<\/p>\n","protected":false},"author":1,"featured_media":83010,"comment_status":"open","ping_status":"open","sticky":false,"template":"","format":"standard","meta":{"slim_seo":{"title":"Deputat Marian Mina: \"Administra\u0163ia PNL las\u0103 f\u0103r\u0103 c\u0103ldur\u0103, iarna asta, un liceu \u015fi un cartier \u00eentreg din municipiul Giurgiu!\" - GIURGIU NET","description":"Pre\u015fedintele PSD Giurgiu, deputat Marian Mina, a criticat faptul c\u0103 Liceul \"Tudor Vianu\" din Giurgiu a r\u0103mas f\u0103r\u0103 c\u0103ldur\u0103, \u00een aceast\u0103 perioad\u0103, din cauza unor l"},"footnotes":""},"categories":[18,19,29,25],"tags":[1626],"class_list":{"0":"post-83018","1":"post","2":"type-post","3":"status-publish","4":"format-standard","5":"has-post-thumbnail","7":"category-actual","8":"category-adm","9":"category-educatie-si-cultura","10":"category-pol","11":"tag-marian-mina"},"_links":{"self":[{"href":"https:\/\/giurgiu-net.ro\/index.php\/wp-json\/wp\/v2\/posts\/83018","targetHints":{"allow":["GET"]}}],"collection":[{"href":"https:\/\/giurgiu-net.ro\/index.php\/wp-json\/wp\/v2\/posts"}],"about":[{"href":"https:\/\/giurgiu-net.ro\/index.php\/wp-json\/wp\/v2\/types\/post"}],"author":[{"embeddable":true,"href":"https:\/\/giurgiu-net.ro\/index.php\/wp-json\/wp\/v2\/users\/1"}],"replies":[{"embeddable":true,"href":"https:\/\/giurgiu-net.ro\/index.php\/wp-json\/wp\/v2\/comments?post=83018"}],"version-history":[{"count":0,"href":"https:\/\/giurgiu-net.ro\/index.php\/wp-json\/wp\/v2\/posts\/83018\/revisions"}],"wp:featuredmedia":[{"embeddable":true,"href":"https:\/\/giurgiu-net.ro\/index.php\/wp-json\/wp\/v2\/media\/83010"}],"wp:attachment":[{"href":"https:\/\/giurgiu-net.ro\/index.php\/wp-json\/wp\/v2\/media?parent=83018"}],"wp:term":[{"taxonomy":"category","embeddable":true,"href":"https:\/\/giurgiu-net.ro\/index.php\/wp-json\/wp\/v2\/categories?post=83018"},{"taxonomy":"post_tag","embeddable":true,"href":"https:\/\/giurgiu-net.ro\/index.php\/wp-json\/wp\/v2\/tags?post=83018"}],"curies":[{"name":"wp","href":"https:\/\/api.w.org\/{rel}","templated":true}]}}