{"id":82939,"date":"2022-11-11T10:15:32","date_gmt":"2022-11-11T08:15:32","guid":{"rendered":"https:\/\/giurgiu-net.ro\/?p=82939"},"modified":"2022-11-12T08:32:07","modified_gmt":"2022-11-12T06:32:07","slug":"surse-primarul-din-ghimpati-carapanceanu-nu-va-mai-seful-edililor-pnl-giurgiu","status":"publish","type":"post","link":"https:\/\/giurgiu-net.ro\/index.php\/2022\/11\/11\/surse-primarul-din-ghimpati-carapanceanu-nu-va-mai-seful-edililor-pnl-giurgiu\/","title":{"rendered":"SURSE: Primarul din Ghimpa\u0163i, C\u0103r\u0103p\u0103nceanu, nu va mai fi \u015feful edililor PNL Giurgiu"},"content":{"rendered":"\n<p class=\"wp-block-paragraph\">Mare \u015fedin\u0163\u0103 mare, la PNL Giurgiu, cu primarii(cei care le-au mai r\u0103mas). Dup\u0103 rezultatele dezastruoase ale sondajului intern, cei din conducerea filialei au sunat din goarn\u0103(ne scuza\u0163i!) \u015fi au dat str\u00e2ngerea la o \u015fedin\u0163\u0103 a Ligii Ale\u015filor Locali ce va avea loc m\u00e2ine.<\/p>\n\n\n\n<p class=\"wp-block-paragraph\">Una dintre deciziile ce se pare c\u0103 vor fi luate chiar \u00eenainte de \u00eent\u00e2lnire este \u00eendep\u0103rtarea primarului din Ghimpa\u0163i, Constantin C\u0103r\u0103p\u0103nceanu, oricum greu de digerat de c\u0103tre PNL-i\u015fti, chiar de la momentul \u00een care acesta a s\u0103rit \u00een barca lor.<\/p>\n\n\n\n<p class=\"wp-block-paragraph\">Mai exact, surse politice ne-au transmis c\u0103 primarul din Ghimpa\u0163i, Constantin C\u0103r\u0103p\u0103nceanu, nu va mai fi \u015feful primarilor PNL din jude\u0163ul Giurgiu.<\/p>\n\n\n\n<p class=\"wp-block-paragraph\">El va fi \u00eenlocuit \u00een aceast\u0103 func\u0163ie de edilul din S\u0103b\u0103reni, Viorel Iosif.<\/p>\n\n\n\n<p class=\"wp-block-paragraph\">Un semnal puternic dat de Motreanu care, se pare c\u0103, \u00een \u00eencercarea de a-i (re)cuceri pe edilii tot mai nemul\u0163umi\u0163i de ceea ce se \u00eent\u00e2mpl\u0103 \u00een jude\u0163, vrea s\u0103 arate c\u0103 primarul C\u0103r\u0103p\u0103nceanu nu mai conteaz\u0103. Nu c\u0103 ar fi contat, dar \u00een fine.<\/p>\n\n\n\n<p class=\"wp-block-paragraph\">Bine, Motreanu poate s\u0103-l pun\u0103 \u015fef peste primari pe \u00eensu\u015fi Iohannis, c\u0103 e greu de crezut c\u0103 mai poate salva PNL Giurgiu de la evidentul declin \u00een care a intrat, cu un parcurs galopant.<\/p>\n\n\n\n<p class=\"wp-block-paragraph\"><\/p>\n\n\n\n<p class=\"wp-block-paragraph\">Surs\u0103 foto: Giurgiu pe Surse<\/p>\n","protected":false},"excerpt":{"rendered":"<p>Mare \u015fedin\u0163\u0103 mare, la PNL Giurgiu, cu primarii(cei care le-au mai r\u0103mas). Dup\u0103 rezultatele dezastruoase ale sondajului intern, cei din conducerea filialei au sunat din goarn\u0103(ne scuza\u0163i!) \u015fi au dat str\u00e2ngerea la o \u015fedin\u0163\u0103 a Ligii Ale\u015filor Locali ce va avea loc m\u00e2ine. Una dintre deciziile ce se pare c\u0103 vor fi luate chiar \u00eenainte [&hellip;]<\/p>\n","protected":false},"author":1,"featured_media":82940,"comment_status":"open","ping_status":"open","sticky":false,"template":"","format":"standard","meta":{"slim_seo":{"title":"SURSE: Primarul din Ghimpa\u0163i, C\u0103r\u0103p\u0103nceanu, nu va mai fi \u015feful edililor PNL Giurgiu - GIURGIU NET","description":"Mare \u015fedin\u0163\u0103 mare, la PNL Giurgiu, cu primarii(cei care le-au mai r\u0103mas). Dup\u0103 rezultatele dezastruoase ale sondajului intern, cei din conducerea filialei au su"},"footnotes":""},"categories":[18,25],"tags":[2027],"class_list":["post-82939","post","type-post","status-publish","format-standard","has-post-thumbnail","category-actual","category-pol","tag-pnl-giurgiu"],"_links":{"self":[{"href":"https:\/\/giurgiu-net.ro\/index.php\/wp-json\/wp\/v2\/posts\/82939","targetHints":{"allow":["GET"]}}],"collection":[{"href":"https:\/\/giurgiu-net.ro\/index.php\/wp-json\/wp\/v2\/posts"}],"about":[{"href":"https:\/\/giurgiu-net.ro\/index.php\/wp-json\/wp\/v2\/types\/post"}],"author":[{"embeddable":true,"href":"https:\/\/giurgiu-net.ro\/index.php\/wp-json\/wp\/v2\/users\/1"}],"replies":[{"embeddable":true,"href":"https:\/\/giurgiu-net.ro\/index.php\/wp-json\/wp\/v2\/comments?post=82939"}],"version-history":[{"count":0,"href":"https:\/\/giurgiu-net.ro\/index.php\/wp-json\/wp\/v2\/posts\/82939\/revisions"}],"wp:featuredmedia":[{"embeddable":true,"href":"https:\/\/giurgiu-net.ro\/index.php\/wp-json\/wp\/v2\/media\/82940"}],"wp:attachment":[{"href":"https:\/\/giurgiu-net.ro\/index.php\/wp-json\/wp\/v2\/media?parent=82939"}],"wp:term":[{"taxonomy":"category","embeddable":true,"href":"https:\/\/giurgiu-net.ro\/index.php\/wp-json\/wp\/v2\/categories?post=82939"},{"taxonomy":"post_tag","embeddable":true,"href":"https:\/\/giurgiu-net.ro\/index.php\/wp-json\/wp\/v2\/tags?post=82939"}],"curies":[{"name":"wp","href":"https:\/\/api.w.org\/{rel}","templated":true}]}}