{"id":82839,"date":"2022-11-06T09:44:24","date_gmt":"2022-11-06T07:44:24","guid":{"rendered":"https:\/\/giurgiu-net.ro\/?p=82839"},"modified":"2022-11-06T09:44:25","modified_gmt":"2022-11-06T07:44:25","slug":"galerie-foto-sute-de-oameni-la-prima-editie-a-zilei-comunei-izvoarele","status":"publish","type":"post","link":"https:\/\/giurgiu-net.ro\/index.php\/2022\/11\/06\/galerie-foto-sute-de-oameni-la-prima-editie-a-zilei-comunei-izvoarele\/","title":{"rendered":"GALERIE FOTO: Sute de oameni, la prima edi\u0163ie a Zilei Comunei Izvoarele"},"content":{"rendered":"\n<p class=\"has-text-align-center\"><em>Cu mic \u015fi cu mare, locuitorii comunei Izvoarele au r\u0103spuns invita\u0163iei primarului social-democrat Silviu Cazacu \u015fi au mers, s\u00e2mb\u0103t\u0103, 5 noiembrie, s\u0103 se bucure \u00eempreun\u0103 de prima edi\u0163ie a Zilei Comunei men\u0163ionate. Evenimentul s-a desf\u0103\u015furat la C\u0103minul Cultural, reabilitat \u015fi modernizat, tot ieri av\u00e2nd loc, practic, \u015fi inaugurarea acestui modern obiectiv.<\/em><\/p>\n\n\n\n<p>Al\u0103turi de primarul Silviu Cazacu au fost \u015fi parlamentarii PSD de Giurgiu, Marian Mina, Elena Dinu \u015fi Robert Cazanciuc, colegi primari din jude\u0163(Toporu, Buturugeni, V\u0103r\u0103\u015fti, Schitu, Letca Nou\u0103), primari din \u0163ar\u0103(edili din comune din Sibiu \u015fi Constan\u0163a), dar \u015fi primarul din Slivo Pole, raion din Bulgaria cu care Izvoarele este \u00eenfr\u0103\u0163it\u0103 de foarte mul\u0163i ani, precum \u015fi \u00eendr\u0103gita Lili Ganceva, director al Euroregiunii Danubius.<\/p>\n\n\n\n<figure class=\"wp-block-gallery has-nested-images columns-2 is-cropped wp-block-gallery-1 is-layout-flex wp-block-gallery-is-layout-flex\">\n<figure class=\"wp-block-image size-large\"><a href=\"https:\/\/giurgiu-net.ro\/wp-content\/uploads\/2022\/11\/DSC00218.jpg\"><img loading=\"lazy\" decoding=\"async\" width=\"800\" height=\"646\" data-id=\"82840\" src=\"https:\/\/giurgiu-net.ro\/wp-content\/uploads\/2022\/11\/DSC00218.jpg\" alt=\"\" class=\"wp-image-82840\" srcset=\"https:\/\/giurgiu-net.ro\/wp-content\/uploads\/2022\/11\/DSC00218.jpg 800w, https:\/\/giurgiu-net.ro\/wp-content\/uploads\/2022\/11\/DSC00218-300x242.jpg 300w, https:\/\/giurgiu-net.ro\/wp-content\/uploads\/2022\/11\/DSC00218-768x620.jpg 768w, https:\/\/giurgiu-net.ro\/wp-content\/uploads\/2022\/11\/DSC00218-696x562.jpg 696w\" sizes=\"auto, (max-width: 800px) 100vw, 800px\" \/><\/a><\/figure>\n\n\n\n<figure class=\"wp-block-image size-large\"><a href=\"https:\/\/giurgiu-net.ro\/wp-content\/uploads\/2022\/11\/DSC00225.jpg\"><img loading=\"lazy\" decoding=\"async\" width=\"800\" height=\"653\" data-id=\"82842\" src=\"https:\/\/giurgiu-net.ro\/wp-content\/uploads\/2022\/11\/DSC00225.jpg\" alt=\"\" class=\"wp-image-82842\" srcset=\"https:\/\/giurgiu-net.ro\/wp-content\/uploads\/2022\/11\/DSC00225.jpg 800w, https:\/\/giurgiu-net.ro\/wp-content\/uploads\/2022\/11\/DSC00225-300x245.jpg 300w, https:\/\/giurgiu-net.ro\/wp-content\/uploads\/2022\/11\/DSC00225-768x627.jpg 768w, https:\/\/giurgiu-net.ro\/wp-content\/uploads\/2022\/11\/DSC00225-696x568.jpg 696w\" sizes=\"auto, (max-width: 800px) 100vw, 800px\" \/><\/a><\/figure>\n\n\n\n<figure class=\"wp-block-image size-large\"><a href=\"https:\/\/giurgiu-net.ro\/wp-content\/uploads\/2022\/11\/DSC00229.jpg\"><img loading=\"lazy\" decoding=\"async\" width=\"800\" height=\"534\" data-id=\"82845\" src=\"https:\/\/giurgiu-net.ro\/wp-content\/uploads\/2022\/11\/DSC00229.jpg\" alt=\"\" class=\"wp-image-82845\" srcset=\"https:\/\/giurgiu-net.ro\/wp-content\/uploads\/2022\/11\/DSC00229.jpg 800w, https:\/\/giurgiu-net.ro\/wp-content\/uploads\/2022\/11\/DSC00229-300x200.jpg 300w, https:\/\/giurgiu-net.ro\/wp-content\/uploads\/2022\/11\/DSC00229-768x513.jpg 768w, https:\/\/giurgiu-net.ro\/wp-content\/uploads\/2022\/11\/DSC00229-696x465.jpg 696w\" sizes=\"auto, (max-width: 800px) 100vw, 800px\" \/><\/a><\/figure>\n\n\n\n<figure class=\"wp-block-image size-large\"><a href=\"https:\/\/giurgiu-net.ro\/wp-content\/uploads\/2022\/11\/DSC00236.jpg\"><img loading=\"lazy\" decoding=\"async\" width=\"800\" height=\"534\" data-id=\"82848\" src=\"https:\/\/giurgiu-net.ro\/wp-content\/uploads\/2022\/11\/DSC00236.jpg\" alt=\"\" class=\"wp-image-82848\" srcset=\"https:\/\/giurgiu-net.ro\/wp-content\/uploads\/2022\/11\/DSC00236.jpg 800w, https:\/\/giurgiu-net.ro\/wp-content\/uploads\/2022\/11\/DSC00236-300x200.jpg 300w, https:\/\/giurgiu-net.ro\/wp-content\/uploads\/2022\/11\/DSC00236-768x513.jpg 768w, https:\/\/giurgiu-net.ro\/wp-content\/uploads\/2022\/11\/DSC00236-696x465.jpg 696w\" sizes=\"auto, (max-width: 800px) 100vw, 800px\" \/><\/a><\/figure>\n\n\n\n<figure class=\"wp-block-image size-large\"><a href=\"https:\/\/giurgiu-net.ro\/wp-content\/uploads\/2022\/11\/DSC00237.jpg\"><img loading=\"lazy\" decoding=\"async\" width=\"773\" height=\"800\" data-id=\"82847\" src=\"https:\/\/giurgiu-net.ro\/wp-content\/uploads\/2022\/11\/DSC00237.jpg\" alt=\"\" class=\"wp-image-82847\" srcset=\"https:\/\/giurgiu-net.ro\/wp-content\/uploads\/2022\/11\/DSC00237.jpg 773w, https:\/\/giurgiu-net.ro\/wp-content\/uploads\/2022\/11\/DSC00237-290x300.jpg 290w, https:\/\/giurgiu-net.ro\/wp-content\/uploads\/2022\/11\/DSC00237-768x795.jpg 768w, https:\/\/giurgiu-net.ro\/wp-content\/uploads\/2022\/11\/DSC00237-696x720.jpg 696w\" sizes=\"auto, (max-width: 773px) 100vw, 773px\" \/><\/a><\/figure>\n\n\n\n<figure class=\"wp-block-image size-large\"><a href=\"https:\/\/giurgiu-net.ro\/wp-content\/uploads\/2022\/11\/DSC00238.jpg\"><img loading=\"lazy\" decoding=\"async\" width=\"800\" height=\"612\" data-id=\"82849\" src=\"https:\/\/giurgiu-net.ro\/wp-content\/uploads\/2022\/11\/DSC00238.jpg\" alt=\"\" class=\"wp-image-82849\" srcset=\"https:\/\/giurgiu-net.ro\/wp-content\/uploads\/2022\/11\/DSC00238.jpg 800w, https:\/\/giurgiu-net.ro\/wp-content\/uploads\/2022\/11\/DSC00238-300x230.jpg 300w, https:\/\/giurgiu-net.ro\/wp-content\/uploads\/2022\/11\/DSC00238-768x588.jpg 768w, https:\/\/giurgiu-net.ro\/wp-content\/uploads\/2022\/11\/DSC00238-696x532.jpg 696w\" sizes=\"auto, (max-width: 800px) 100vw, 800px\" \/><\/a><\/figure>\n\n\n\n<figure class=\"wp-block-image size-large\"><a href=\"https:\/\/giurgiu-net.ro\/wp-content\/uploads\/2022\/11\/DSC00253.jpg\"><img loading=\"lazy\" decoding=\"async\" width=\"800\" height=\"587\" data-id=\"82841\" src=\"https:\/\/giurgiu-net.ro\/wp-content\/uploads\/2022\/11\/DSC00253.jpg\" alt=\"\" class=\"wp-image-82841\" srcset=\"https:\/\/giurgiu-net.ro\/wp-content\/uploads\/2022\/11\/DSC00253.jpg 800w, https:\/\/giurgiu-net.ro\/wp-content\/uploads\/2022\/11\/DSC00253-300x220.jpg 300w, https:\/\/giurgiu-net.ro\/wp-content\/uploads\/2022\/11\/DSC00253-768x564.jpg 768w, https:\/\/giurgiu-net.ro\/wp-content\/uploads\/2022\/11\/DSC00253-696x511.jpg 696w\" sizes=\"auto, (max-width: 800px) 100vw, 800px\" \/><\/a><\/figure>\n\n\n\n<figure class=\"wp-block-image size-large\"><a href=\"https:\/\/giurgiu-net.ro\/wp-content\/uploads\/2022\/11\/DSC00261.jpg\"><img loading=\"lazy\" decoding=\"async\" width=\"800\" height=\"534\" data-id=\"82844\" src=\"https:\/\/giurgiu-net.ro\/wp-content\/uploads\/2022\/11\/DSC00261.jpg\" alt=\"\" class=\"wp-image-82844\" srcset=\"https:\/\/giurgiu-net.ro\/wp-content\/uploads\/2022\/11\/DSC00261.jpg 800w, https:\/\/giurgiu-net.ro\/wp-content\/uploads\/2022\/11\/DSC00261-300x200.jpg 300w, https:\/\/giurgiu-net.ro\/wp-content\/uploads\/2022\/11\/DSC00261-768x513.jpg 768w, https:\/\/giurgiu-net.ro\/wp-content\/uploads\/2022\/11\/DSC00261-696x465.jpg 696w\" sizes=\"auto, (max-width: 800px) 100vw, 800px\" \/><\/a><\/figure>\n\n\n\n<figure class=\"wp-block-image size-large\"><a href=\"https:\/\/giurgiu-net.ro\/wp-content\/uploads\/2022\/11\/DSC00264.jpg\"><img loading=\"lazy\" decoding=\"async\" width=\"800\" height=\"534\" data-id=\"82846\" src=\"https:\/\/giurgiu-net.ro\/wp-content\/uploads\/2022\/11\/DSC00264.jpg\" alt=\"\" class=\"wp-image-82846\" srcset=\"https:\/\/giurgiu-net.ro\/wp-content\/uploads\/2022\/11\/DSC00264.jpg 800w, https:\/\/giurgiu-net.ro\/wp-content\/uploads\/2022\/11\/DSC00264-300x200.jpg 300w, https:\/\/giurgiu-net.ro\/wp-content\/uploads\/2022\/11\/DSC00264-768x513.jpg 768w, https:\/\/giurgiu-net.ro\/wp-content\/uploads\/2022\/11\/DSC00264-696x465.jpg 696w\" sizes=\"auto, (max-width: 800px) 100vw, 800px\" \/><\/a><\/figure>\n\n\n\n<figure class=\"wp-block-image size-large\"><a href=\"https:\/\/giurgiu-net.ro\/wp-content\/uploads\/2022\/11\/DSC00268.jpg\"><img loading=\"lazy\" decoding=\"async\" width=\"800\" height=\"534\" data-id=\"82843\" src=\"https:\/\/giurgiu-net.ro\/wp-content\/uploads\/2022\/11\/DSC00268.jpg\" alt=\"\" class=\"wp-image-82843\" srcset=\"https:\/\/giurgiu-net.ro\/wp-content\/uploads\/2022\/11\/DSC00268.jpg 800w, https:\/\/giurgiu-net.ro\/wp-content\/uploads\/2022\/11\/DSC00268-300x200.jpg 300w, https:\/\/giurgiu-net.ro\/wp-content\/uploads\/2022\/11\/DSC00268-768x513.jpg 768w, https:\/\/giurgiu-net.ro\/wp-content\/uploads\/2022\/11\/DSC00268-696x465.jpg 696w\" sizes=\"auto, (max-width: 800px) 100vw, 800px\" \/><\/a><\/figure>\n<\/figure>\n\n\n\n<p><em>Invitata special\u0103 a lui Silviu Cazacu a fost campioana olimpic\u0103 <strong>Gabriela Szabo<\/strong>, primit\u0103 cu mult\u0103 c\u0103ldur\u0103 \u015fi apreciere de c\u0103tre to\u0163i cei prezen\u0163i.<\/em><\/p>\n\n\n\n<figure class=\"wp-block-gallery has-nested-images columns-2 is-cropped wp-block-gallery-2 is-layout-flex wp-block-gallery-is-layout-flex\">\n<figure class=\"wp-block-image size-large\"><a href=\"https:\/\/giurgiu-net.ro\/wp-content\/uploads\/2022\/11\/DSC00245.jpg\"><img loading=\"lazy\" decoding=\"async\" width=\"765\" height=\"800\" data-id=\"82851\" src=\"https:\/\/giurgiu-net.ro\/wp-content\/uploads\/2022\/11\/DSC00245.jpg\" alt=\"\" class=\"wp-image-82851\" srcset=\"https:\/\/giurgiu-net.ro\/wp-content\/uploads\/2022\/11\/DSC00245.jpg 765w, https:\/\/giurgiu-net.ro\/wp-content\/uploads\/2022\/11\/DSC00245-287x300.jpg 287w, https:\/\/giurgiu-net.ro\/wp-content\/uploads\/2022\/11\/DSC00245-696x728.jpg 696w\" sizes=\"auto, (max-width: 765px) 100vw, 765px\" \/><\/a><\/figure>\n\n\n\n<figure class=\"wp-block-image size-large\"><a href=\"https:\/\/giurgiu-net.ro\/wp-content\/uploads\/2022\/11\/DSC00256.jpg\"><img loading=\"lazy\" decoding=\"async\" width=\"800\" height=\"707\" data-id=\"82857\" src=\"https:\/\/giurgiu-net.ro\/wp-content\/uploads\/2022\/11\/DSC00256.jpg\" alt=\"\" class=\"wp-image-82857\" srcset=\"https:\/\/giurgiu-net.ro\/wp-content\/uploads\/2022\/11\/DSC00256.jpg 800w, https:\/\/giurgiu-net.ro\/wp-content\/uploads\/2022\/11\/DSC00256-300x265.jpg 300w, https:\/\/giurgiu-net.ro\/wp-content\/uploads\/2022\/11\/DSC00256-768x679.jpg 768w, https:\/\/giurgiu-net.ro\/wp-content\/uploads\/2022\/11\/DSC00256-696x615.jpg 696w\" sizes=\"auto, (max-width: 800px) 100vw, 800px\" \/><\/a><\/figure>\n\n\n\n<figure class=\"wp-block-image size-large\"><a href=\"https:\/\/giurgiu-net.ro\/wp-content\/uploads\/2022\/11\/DSC00286.jpg\"><img loading=\"lazy\" decoding=\"async\" width=\"800\" height=\"571\" data-id=\"82855\" src=\"https:\/\/giurgiu-net.ro\/wp-content\/uploads\/2022\/11\/DSC00286.jpg\" alt=\"\" class=\"wp-image-82855\" srcset=\"https:\/\/giurgiu-net.ro\/wp-content\/uploads\/2022\/11\/DSC00286.jpg 800w, https:\/\/giurgiu-net.ro\/wp-content\/uploads\/2022\/11\/DSC00286-300x214.jpg 300w, https:\/\/giurgiu-net.ro\/wp-content\/uploads\/2022\/11\/DSC00286-768x548.jpg 768w, https:\/\/giurgiu-net.ro\/wp-content\/uploads\/2022\/11\/DSC00286-696x497.jpg 696w\" sizes=\"auto, (max-width: 800px) 100vw, 800px\" \/><\/a><\/figure>\n\n\n\n<figure class=\"wp-block-image size-large\"><a href=\"https:\/\/giurgiu-net.ro\/wp-content\/uploads\/2022\/11\/DSC00311.jpg\"><img loading=\"lazy\" decoding=\"async\" width=\"800\" height=\"534\" data-id=\"82850\" src=\"https:\/\/giurgiu-net.ro\/wp-content\/uploads\/2022\/11\/DSC00311.jpg\" alt=\"\" class=\"wp-image-82850\" srcset=\"https:\/\/giurgiu-net.ro\/wp-content\/uploads\/2022\/11\/DSC00311.jpg 800w, https:\/\/giurgiu-net.ro\/wp-content\/uploads\/2022\/11\/DSC00311-300x200.jpg 300w, https:\/\/giurgiu-net.ro\/wp-content\/uploads\/2022\/11\/DSC00311-768x513.jpg 768w, https:\/\/giurgiu-net.ro\/wp-content\/uploads\/2022\/11\/DSC00311-696x465.jpg 696w\" sizes=\"auto, (max-width: 800px) 100vw, 800px\" \/><\/a><\/figure>\n\n\n\n<figure class=\"wp-block-image size-large\"><a href=\"https:\/\/giurgiu-net.ro\/wp-content\/uploads\/2022\/11\/DSC00357.jpg\"><img loading=\"lazy\" decoding=\"async\" width=\"800\" height=\"534\" data-id=\"82858\" src=\"https:\/\/giurgiu-net.ro\/wp-content\/uploads\/2022\/11\/DSC00357.jpg\" alt=\"\" class=\"wp-image-82858\" srcset=\"https:\/\/giurgiu-net.ro\/wp-content\/uploads\/2022\/11\/DSC00357.jpg 800w, https:\/\/giurgiu-net.ro\/wp-content\/uploads\/2022\/11\/DSC00357-300x200.jpg 300w, https:\/\/giurgiu-net.ro\/wp-content\/uploads\/2022\/11\/DSC00357-768x513.jpg 768w, https:\/\/giurgiu-net.ro\/wp-content\/uploads\/2022\/11\/DSC00357-696x465.jpg 696w\" sizes=\"auto, (max-width: 800px) 100vw, 800px\" \/><\/a><\/figure>\n\n\n\n<figure class=\"wp-block-image size-large\"><a href=\"https:\/\/giurgiu-net.ro\/wp-content\/uploads\/2022\/11\/DSC00371.jpg\"><img loading=\"lazy\" decoding=\"async\" width=\"800\" height=\"787\" data-id=\"82852\" src=\"https:\/\/giurgiu-net.ro\/wp-content\/uploads\/2022\/11\/DSC00371.jpg\" alt=\"\" class=\"wp-image-82852\" srcset=\"https:\/\/giurgiu-net.ro\/wp-content\/uploads\/2022\/11\/DSC00371.jpg 800w, https:\/\/giurgiu-net.ro\/wp-content\/uploads\/2022\/11\/DSC00371-300x295.jpg 300w, https:\/\/giurgiu-net.ro\/wp-content\/uploads\/2022\/11\/DSC00371-768x756.jpg 768w, https:\/\/giurgiu-net.ro\/wp-content\/uploads\/2022\/11\/DSC00371-696x685.jpg 696w\" sizes=\"auto, (max-width: 800px) 100vw, 800px\" \/><\/a><\/figure>\n\n\n\n<figure class=\"wp-block-image size-large\"><a href=\"https:\/\/giurgiu-net.ro\/wp-content\/uploads\/2022\/11\/DSC00374.jpg\"><img loading=\"lazy\" decoding=\"async\" width=\"800\" height=\"707\" data-id=\"82853\" src=\"https:\/\/giurgiu-net.ro\/wp-content\/uploads\/2022\/11\/DSC00374.jpg\" alt=\"\" class=\"wp-image-82853\" srcset=\"https:\/\/giurgiu-net.ro\/wp-content\/uploads\/2022\/11\/DSC00374.jpg 800w, https:\/\/giurgiu-net.ro\/wp-content\/uploads\/2022\/11\/DSC00374-300x265.jpg 300w, https:\/\/giurgiu-net.ro\/wp-content\/uploads\/2022\/11\/DSC00374-768x679.jpg 768w, https:\/\/giurgiu-net.ro\/wp-content\/uploads\/2022\/11\/DSC00374-696x615.jpg 696w\" sizes=\"auto, (max-width: 800px) 100vw, 800px\" \/><\/a><\/figure>\n\n\n\n<figure class=\"wp-block-image size-large\"><a href=\"https:\/\/giurgiu-net.ro\/wp-content\/uploads\/2022\/11\/DSC00379.jpg\"><img loading=\"lazy\" decoding=\"async\" width=\"800\" height=\"534\" data-id=\"82854\" src=\"https:\/\/giurgiu-net.ro\/wp-content\/uploads\/2022\/11\/DSC00379.jpg\" alt=\"\" class=\"wp-image-82854\" srcset=\"https:\/\/giurgiu-net.ro\/wp-content\/uploads\/2022\/11\/DSC00379.jpg 800w, https:\/\/giurgiu-net.ro\/wp-content\/uploads\/2022\/11\/DSC00379-300x200.jpg 300w, https:\/\/giurgiu-net.ro\/wp-content\/uploads\/2022\/11\/DSC00379-768x513.jpg 768w, https:\/\/giurgiu-net.ro\/wp-content\/uploads\/2022\/11\/DSC00379-696x465.jpg 696w\" sizes=\"auto, (max-width: 800px) 100vw, 800px\" \/><\/a><\/figure>\n\n\n\n<figure class=\"wp-block-image size-large\"><a href=\"https:\/\/giurgiu-net.ro\/wp-content\/uploads\/2022\/11\/DSC00394.jpg\"><img loading=\"lazy\" decoding=\"async\" width=\"800\" height=\"534\" data-id=\"82856\" src=\"https:\/\/giurgiu-net.ro\/wp-content\/uploads\/2022\/11\/DSC00394.jpg\" alt=\"\" class=\"wp-image-82856\" srcset=\"https:\/\/giurgiu-net.ro\/wp-content\/uploads\/2022\/11\/DSC00394.jpg 800w, https:\/\/giurgiu-net.ro\/wp-content\/uploads\/2022\/11\/DSC00394-300x200.jpg 300w, https:\/\/giurgiu-net.ro\/wp-content\/uploads\/2022\/11\/DSC00394-768x513.jpg 768w, https:\/\/giurgiu-net.ro\/wp-content\/uploads\/2022\/11\/DSC00394-696x465.jpg 696w\" sizes=\"auto, (max-width: 800px) 100vw, 800px\" \/><\/a><\/figure>\n<\/figure>\n\n\n\n<p>\u00cen sala mare a C\u0103minului Cultural, dup\u0103 un moment artistic de debut, invita\u0163ii primarului Cazacu le-au adresat giurgiuvenilor din Izvoarele g\u00e2ndurile \u015fi ur\u0103rile lor, \u00eentr-o zi at\u00e2t de special\u0103 pentru s\u0103teni.<\/p>\n\n\n\n<p><strong>Pre\u015fedintele PSD Giurgiu, deputatul Marian Mina<\/strong>, l-a felicitat pe Silviu Cazacu pentru toate realiz\u0103rile sale \u015fi, la finalul evenimentului, a scris un mesaj, pe pagina sa de Facebook: <\/p>\n\n\n\n<figure class=\"wp-block-image size-full\"><img loading=\"lazy\" decoding=\"async\" width=\"800\" height=\"680\" src=\"https:\/\/giurgiu-net.ro\/wp-content\/uploads\/2022\/11\/DSC00383.jpg\" alt=\"\" class=\"wp-image-82859\" srcset=\"https:\/\/giurgiu-net.ro\/wp-content\/uploads\/2022\/11\/DSC00383.jpg 800w, https:\/\/giurgiu-net.ro\/wp-content\/uploads\/2022\/11\/DSC00383-300x255.jpg 300w, https:\/\/giurgiu-net.ro\/wp-content\/uploads\/2022\/11\/DSC00383-768x653.jpg 768w, https:\/\/giurgiu-net.ro\/wp-content\/uploads\/2022\/11\/DSC00383-696x592.jpg 696w\" sizes=\"auto, (max-width: 800px) 100vw, 800px\" \/><\/figure>\n\n\n\n<p>\u201e<em>Primarul PSD al comunei Izvoarele, Silviu Cazacu, \u015fi-a c\u00e2\u015ftigat \u00eencrederea \u015fi respectul oamenilor prin faptele, prin proiectele \u015fi prin realiz\u0103rile sale de excep\u0163ie. \u015ei asta s-a v\u0103zut, din nou, azi, la Ziua Comunei, c\u00e2nd au venit al\u0103turi de el sute de oameni. Am v\u0103zut acolo foarte mul\u0163i primari giurgiuveni, dar \u015fi edili din alte jude\u0163e ale \u0163\u0103rii, care au vrut s\u0103 \u00eel felicite. Au venit la s\u0103rb\u0103toarea de la Izvoarele prieteni bulgari din localit\u0103\u0163i cu care comuna este \u00eenfr\u0103\u0163it\u0103, dar a fost al\u0103turi de noi \u015fi campioana olimpic\u0103 Gabi Szabo.<\/em><\/p>\n\n\n\n<p><em>Silviu Cazacu este un exemplu \u00een administra\u0163ia local\u0103, \u00eel felicit \u00eenc\u0103 o dat\u0103 pentru tot \u015fi sunt m\u00e2ndru c\u0103 facem parte din aceea\u015fi echip\u0103. Eu \u015fi to\u0163i colegii mei din PSD Giurgiu \u00eei vom oferi \u00eentotdeauna sprijin \u00een tot ceea ce \u00ee\u015fi propune s\u0103 fac\u0103 pentru comunitatea sa. Felicit\u0103ri \u015fi pentru noul c\u0103min cultural din localitate, este un proiect de suflet al lui Silviu, realizat cu succes!<\/em><\/p>\n\n\n\n<p><em>La Mul\u0163i Ani, stima\u0163i giurgiuveni din Izvoarele! \u015etiu c\u0103, av\u00e2ndu-l pe Silviu Cazacu primar, toate proiectele de dezvoltare ale comunei dumneavoastr\u0103 vor deveni realitate!\u201d<\/em><\/p>\n\n\n\n<p><strong>\u015ei pre\u015fedintele OFSD Giurgiu, deputatul Cristina Elena Dinu<\/strong>, le-a urat tuturor locuitorilor din Izvoarele s\u0103 se bucure \u00eempreun\u0103 de toate realiz\u0103rile din comuna lor.<\/p>\n\n\n\n<figure class=\"wp-block-image size-full\"><img loading=\"lazy\" decoding=\"async\" width=\"800\" height=\"534\" src=\"https:\/\/giurgiu-net.ro\/wp-content\/uploads\/2022\/11\/DSC00430.jpg\" alt=\"\" class=\"wp-image-82860\" srcset=\"https:\/\/giurgiu-net.ro\/wp-content\/uploads\/2022\/11\/DSC00430.jpg 800w, https:\/\/giurgiu-net.ro\/wp-content\/uploads\/2022\/11\/DSC00430-300x200.jpg 300w, https:\/\/giurgiu-net.ro\/wp-content\/uploads\/2022\/11\/DSC00430-768x513.jpg 768w, https:\/\/giurgiu-net.ro\/wp-content\/uploads\/2022\/11\/DSC00430-696x465.jpg 696w\" sizes=\"auto, (max-width: 800px) 100vw, 800px\" \/><\/figure>\n\n\n\n<p>\u201e<em>Bucurie \u0219i voie bun\u0103, ast\u0103zi, la prima edi\u0163ie a Zilei Comunei Izvoarele, un eveniment deosebit ce s-a desf\u0103\u015furat \u00een unul dintre cele mai moderne \u015fi frumoase c\u0103mine culturale din jude\u0163ul Giurgiu. Al\u0103turi de primarul social-democrat Silviu Cazacu \u0219i de locuitorii comunei, m-am bucurat de aceast\u0103 s\u0103rb\u0103toare \u00eempreun\u0103 cu colegii mei din echipa PSD Giurgiu. Parlamentari, primari, membri ai organiza\u021biei de tineret a PSD Giurgiu, dar \u0219i colegi din celelalte organiza\u021bii locale, primari PSD din \u021bar\u0103, dar \u0219i primari vecini \u0219i prieteni din Bulgaria, au fost, ast\u0103zi, la aceast\u0103 frumoas\u0103 s\u0103rb\u0103toare .<\/em><\/p>\n\n\n\n<p><em>Ne-am bucurat s\u0103 o avem al\u0103turi la acest eveniment \u015fi pe marea campioan\u00ee olimpic\u0103 Gabriela Szabo. Am participat de asemenea la un t\u00e2rg al toamnei cu produse tradi\u021bionale expuse de produc\u0103tori locali. <strong>Felicit\u0103ri <\/strong>primarului Silviu Cazacu pentru organizare \u0219i pentru tot ceea ce a realizat pentru comuna Izvoarele \u0219i pentru locuitorii ei!\u201d, <\/em>a scris, pe Facebook, dup\u0103 eveniment, Cristina Elena Dinu.<\/p>\n\n\n\n<p><strong>Prefectul jude\u0163ului Giurgiu, Florentina St\u0103nculescu:<\/strong><\/p>\n\n\n\n<figure class=\"wp-block-image size-full\"><img loading=\"lazy\" decoding=\"async\" width=\"800\" height=\"534\" src=\"https:\/\/giurgiu-net.ro\/wp-content\/uploads\/2022\/11\/DSC00414.jpg\" alt=\"\" class=\"wp-image-82861\" srcset=\"https:\/\/giurgiu-net.ro\/wp-content\/uploads\/2022\/11\/DSC00414.jpg 800w, https:\/\/giurgiu-net.ro\/wp-content\/uploads\/2022\/11\/DSC00414-300x200.jpg 300w, https:\/\/giurgiu-net.ro\/wp-content\/uploads\/2022\/11\/DSC00414-768x513.jpg 768w, https:\/\/giurgiu-net.ro\/wp-content\/uploads\/2022\/11\/DSC00414-696x465.jpg 696w\" sizes=\"auto, (max-width: 800px) 100vw, 800px\" \/><\/figure>\n\n\n\n<p><em>\u201eSunt onorat\u0103 s\u0103 fiu, ast\u0103zi, al\u0103turi de dumneavoastr\u0103, mai ales pentru c\u0103 eu m-am n\u0103scut aproape de aceast\u0103 comun\u0103, a\u015fa c\u0103 tot ceea se \u00eent\u00e2mpl\u0103 aici \u00eemi este familiar. Comuna Izvoarele cunoa\u015fte, \u00een ultima perioad\u0103, un ritm de dezvoltare foarte alert \u015fi asta se datoreaz\u0103, \u00een primul r\u00e2nd, liderului echipei care accelereaz\u0103 dezvoltarea comunei, domnul primar Silviu Cazacu. Dac\u0103 \u00eemi permite\u0163i, m\u0103rturisesc faptul c\u0103, uneori, domnul primar \u00eemi albe\u015fte p\u0103rul, dar este totul \u00een beneficiul dumneavoastr\u0103. Noi to\u0163i cei din administra\u0163ie suntem al\u0103turi de dumneavoastr\u0103, domnule primar! V\u0103d \u00een sal\u0103 foarte mul\u0163i tineri \u015fi asta \u00eenseamn\u0103 c\u0103 Silviu Cazacu reu\u015fe\u015fte s\u0103 \u00eei \u0163in\u0103 acas\u0103, ceea ce este foarte important pentru o comunitate. La Mul\u0163i Ani, Izvoarele, s\u0103 ne revedem cu to\u0163ii, cu bine, \u015fi anul viitor!\u201d<\/em><\/p>\n\n\n\n<p><strong>Vicepre\u015fedinte al Senatului, Robert Cazanciuc:<\/strong><\/p>\n\n\n\n<figure class=\"wp-block-image size-full\"><img loading=\"lazy\" decoding=\"async\" width=\"800\" height=\"538\" src=\"https:\/\/giurgiu-net.ro\/wp-content\/uploads\/2022\/11\/DSC00453.jpg\" alt=\"\" class=\"wp-image-82862\" srcset=\"https:\/\/giurgiu-net.ro\/wp-content\/uploads\/2022\/11\/DSC00453.jpg 800w, https:\/\/giurgiu-net.ro\/wp-content\/uploads\/2022\/11\/DSC00453-300x202.jpg 300w, https:\/\/giurgiu-net.ro\/wp-content\/uploads\/2022\/11\/DSC00453-768x516.jpg 768w, https:\/\/giurgiu-net.ro\/wp-content\/uploads\/2022\/11\/DSC00453-696x468.jpg 696w\" sizes=\"auto, (max-width: 800px) 100vw, 800px\" \/><\/figure>\n\n\n\n<p>\u201e<em>M\u0103 bucur \u015fi eu s\u0103 v\u0103d foarte mult\u0103 culoare venind din Izvoarele, m\u0103 bucur s\u0103 v\u0103d at\u00e2\u0163ia oameni \u00eembr\u0103ca\u0163i \u00een straie populare! \u015ei m\u0103 bucur s\u0103 v\u0103d culoarea ro\u015fie care m\u0103 duce cu g\u00e2ndul inclusiv la momentul Pa\u015ftelui, la momentul \u00een care via\u0163a \u00eenvinge moartea, c\u00e2nd binele \u00eenvinge r\u0103ul \u015fi lucrurile bune reu\u015fesc, iat\u0103, s\u0103 triumfe. De comuna Izvoarele nu a aflat doar campioana noastr\u0103 olimpic\u0103 Gabi Szabo, ci au aflat \u015fi foarte mul\u0163i mini\u015ftri din Guvernul Rom\u00e2niei, al Educa\u0163iei, al S\u0103n\u0103t\u0103\u0163ii, al Dezvolt\u0103rii. Pentru c\u0103, \u00eempreun\u0103 cu domnul primar am \u00eencercat s\u0103 rezolv\u0103m multe lucruri pentru comunitatea dumneavoastr\u0103 \u015fi v\u0103 doresc s\u0103 v\u0103 bucura\u0163i de toate realiz\u0103rile din Izvoarele! Aceast\u0103 s\u0103rb\u0103toare aduce un plus identit\u0103\u0163ii comunei dumneavoastr\u0103 \u015fi v\u0103 adun\u0103, astfel, pe to\u0163i \u00een jurul proiectelor realizate, la care, \u00eentr-un fel sau altul, \u015fi dumneavoastr\u0103 a\u0163i contribuit<\/em>\u201d.<\/p>\n\n\n\n<p>Au luat cuv\u00e2ntul \u015fi primarul din Slivo Pole, Valentin Atanasov, care a transmis felicit\u0103ri pentru s\u0103rb\u0103toare, pentru c\u0103minul cultural, pentru toate realiz\u0103rile din comuna Izvoarele, dar au vorbit \u015fi al\u0163i prieteni de-ai primarului Silviu Cazacu, din Giurgiu \u015fi din alte jude\u0163e ale \u0163\u0103rii.<\/p>\n\n\n\n<figure class=\"wp-block-gallery has-nested-images columns-2 is-cropped wp-block-gallery-3 is-layout-flex wp-block-gallery-is-layout-flex\">\n<figure class=\"wp-block-image size-large\"><a href=\"https:\/\/giurgiu-net.ro\/wp-content\/uploads\/2022\/11\/DSC00353.jpg\"><img loading=\"lazy\" decoding=\"async\" width=\"800\" height=\"534\" data-id=\"82864\" src=\"https:\/\/giurgiu-net.ro\/wp-content\/uploads\/2022\/11\/DSC00353.jpg\" alt=\"\" class=\"wp-image-82864\" srcset=\"https:\/\/giurgiu-net.ro\/wp-content\/uploads\/2022\/11\/DSC00353.jpg 800w, https:\/\/giurgiu-net.ro\/wp-content\/uploads\/2022\/11\/DSC00353-300x200.jpg 300w, https:\/\/giurgiu-net.ro\/wp-content\/uploads\/2022\/11\/DSC00353-768x513.jpg 768w, https:\/\/giurgiu-net.ro\/wp-content\/uploads\/2022\/11\/DSC00353-696x465.jpg 696w\" sizes=\"auto, (max-width: 800px) 100vw, 800px\" \/><\/a><\/figure>\n\n\n\n<figure class=\"wp-block-image size-large\"><a href=\"https:\/\/giurgiu-net.ro\/wp-content\/uploads\/2022\/11\/DSC00438.jpg\"><img loading=\"lazy\" decoding=\"async\" width=\"800\" height=\"624\" data-id=\"82866\" src=\"https:\/\/giurgiu-net.ro\/wp-content\/uploads\/2022\/11\/DSC00438.jpg\" alt=\"\" class=\"wp-image-82866\" srcset=\"https:\/\/giurgiu-net.ro\/wp-content\/uploads\/2022\/11\/DSC00438.jpg 800w, https:\/\/giurgiu-net.ro\/wp-content\/uploads\/2022\/11\/DSC00438-300x234.jpg 300w, https:\/\/giurgiu-net.ro\/wp-content\/uploads\/2022\/11\/DSC00438-768x599.jpg 768w, https:\/\/giurgiu-net.ro\/wp-content\/uploads\/2022\/11\/DSC00438-696x543.jpg 696w\" sizes=\"auto, (max-width: 800px) 100vw, 800px\" \/><\/a><\/figure>\n\n\n\n<figure class=\"wp-block-image size-large\"><a href=\"https:\/\/giurgiu-net.ro\/wp-content\/uploads\/2022\/11\/DSC00443.jpg\"><img loading=\"lazy\" decoding=\"async\" width=\"800\" height=\"789\" data-id=\"82868\" src=\"https:\/\/giurgiu-net.ro\/wp-content\/uploads\/2022\/11\/DSC00443.jpg\" alt=\"\" class=\"wp-image-82868\" srcset=\"https:\/\/giurgiu-net.ro\/wp-content\/uploads\/2022\/11\/DSC00443.jpg 800w, https:\/\/giurgiu-net.ro\/wp-content\/uploads\/2022\/11\/DSC00443-300x296.jpg 300w, https:\/\/giurgiu-net.ro\/wp-content\/uploads\/2022\/11\/DSC00443-768x757.jpg 768w, https:\/\/giurgiu-net.ro\/wp-content\/uploads\/2022\/11\/DSC00443-696x686.jpg 696w\" sizes=\"auto, (max-width: 800px) 100vw, 800px\" \/><\/a><\/figure>\n\n\n\n<figure class=\"wp-block-image size-large\"><a href=\"https:\/\/giurgiu-net.ro\/wp-content\/uploads\/2022\/11\/DSC00473.jpg\"><img loading=\"lazy\" decoding=\"async\" width=\"800\" height=\"687\" data-id=\"82863\" src=\"https:\/\/giurgiu-net.ro\/wp-content\/uploads\/2022\/11\/DSC00473.jpg\" alt=\"\" class=\"wp-image-82863\" srcset=\"https:\/\/giurgiu-net.ro\/wp-content\/uploads\/2022\/11\/DSC00473.jpg 800w, https:\/\/giurgiu-net.ro\/wp-content\/uploads\/2022\/11\/DSC00473-300x258.jpg 300w, https:\/\/giurgiu-net.ro\/wp-content\/uploads\/2022\/11\/DSC00473-768x660.jpg 768w, https:\/\/giurgiu-net.ro\/wp-content\/uploads\/2022\/11\/DSC00473-696x598.jpg 696w\" sizes=\"auto, (max-width: 800px) 100vw, 800px\" \/><\/a><\/figure>\n\n\n\n<figure class=\"wp-block-image size-large\"><a href=\"https:\/\/giurgiu-net.ro\/wp-content\/uploads\/2022\/11\/DSC00480.jpg\"><img loading=\"lazy\" decoding=\"async\" width=\"800\" height=\"534\" data-id=\"82865\" src=\"https:\/\/giurgiu-net.ro\/wp-content\/uploads\/2022\/11\/DSC00480.jpg\" alt=\"\" class=\"wp-image-82865\" srcset=\"https:\/\/giurgiu-net.ro\/wp-content\/uploads\/2022\/11\/DSC00480.jpg 800w, https:\/\/giurgiu-net.ro\/wp-content\/uploads\/2022\/11\/DSC00480-300x200.jpg 300w, https:\/\/giurgiu-net.ro\/wp-content\/uploads\/2022\/11\/DSC00480-768x513.jpg 768w, https:\/\/giurgiu-net.ro\/wp-content\/uploads\/2022\/11\/DSC00480-696x465.jpg 696w\" sizes=\"auto, (max-width: 800px) 100vw, 800px\" \/><\/a><\/figure>\n\n\n\n<figure class=\"wp-block-image size-large\"><a href=\"https:\/\/giurgiu-net.ro\/wp-content\/uploads\/2022\/11\/DSC00483.jpg\"><img loading=\"lazy\" decoding=\"async\" width=\"800\" height=\"534\" data-id=\"82867\" src=\"https:\/\/giurgiu-net.ro\/wp-content\/uploads\/2022\/11\/DSC00483.jpg\" alt=\"\" class=\"wp-image-82867\" srcset=\"https:\/\/giurgiu-net.ro\/wp-content\/uploads\/2022\/11\/DSC00483.jpg 800w, https:\/\/giurgiu-net.ro\/wp-content\/uploads\/2022\/11\/DSC00483-300x200.jpg 300w, https:\/\/giurgiu-net.ro\/wp-content\/uploads\/2022\/11\/DSC00483-768x513.jpg 768w, https:\/\/giurgiu-net.ro\/wp-content\/uploads\/2022\/11\/DSC00483-696x465.jpg 696w\" sizes=\"auto, (max-width: 800px) 100vw, 800px\" \/><\/a><\/figure>\n<\/figure>\n\n\n\n<p><em>Primarul Silviu Cazacu le-a mul\u0163umit tuturor pentru sprijin, pentru \u00eencredere \u015fi a dat asigur\u0103ri c\u0103 toate proiectele pe care le-a promis c\u0103 le va realiza vor deveni realitate. La finalul discursului s\u0103u, a emo\u0163ionat o sal\u0103 \u00eentreag\u0103, oferind un buchet de flori mamei sale c\u0103reia i-a mul\u0163umit pentru tot.<\/em><\/p>\n\n\n\n<figure class=\"wp-block-image size-full\"><img loading=\"lazy\" decoding=\"async\" width=\"800\" height=\"534\" src=\"https:\/\/giurgiu-net.ro\/wp-content\/uploads\/2022\/11\/DSC00290.jpg\" alt=\"\" class=\"wp-image-82869\" srcset=\"https:\/\/giurgiu-net.ro\/wp-content\/uploads\/2022\/11\/DSC00290.jpg 800w, https:\/\/giurgiu-net.ro\/wp-content\/uploads\/2022\/11\/DSC00290-300x200.jpg 300w, https:\/\/giurgiu-net.ro\/wp-content\/uploads\/2022\/11\/DSC00290-768x513.jpg 768w, https:\/\/giurgiu-net.ro\/wp-content\/uploads\/2022\/11\/DSC00290-696x465.jpg 696w\" sizes=\"auto, (max-width: 800px) 100vw, 800px\" \/><figcaption class=\"wp-element-caption\">Primarul comunei Izvoarele, Silviu Cazacu<\/figcaption><\/figure>\n\n\n\n<p>Dup\u0103 discursuri, a \u00eenceput un spectacol de muzic\u0103 popular\u0103 cu interpre\u0163i at\u00e2t de \u00eendr\u0103gi\u0163i de locuitorii comunei Izvoarele, dar \u015fi de to\u0163i iubitorii de folclor: Constantin Enceanu, Mariana Ionescu C\u0103pit\u0103nescu, Constantin M\u0103gureanu \u015fi arti\u015ftii locali Fra\u0163ii Micu.<\/p>\n\n\n\n<p>L\u00e2ng\u0103 C\u0103minul Cultural a fost amenajat \u015fi un mini-t\u00e2rg cu produse locale tradi\u0163ionale.<\/p>\n\n\n\n<figure class=\"wp-block-gallery has-nested-images columns-2 is-cropped wp-block-gallery-4 is-layout-flex wp-block-gallery-is-layout-flex\">\n<figure class=\"wp-block-image size-large\"><a href=\"https:\/\/giurgiu-net.ro\/wp-content\/uploads\/2022\/11\/DSC00227.jpg\"><img loading=\"lazy\" decoding=\"async\" width=\"800\" height=\"667\" data-id=\"82878\" src=\"https:\/\/giurgiu-net.ro\/wp-content\/uploads\/2022\/11\/DSC00227.jpg\" alt=\"\" class=\"wp-image-82878\" srcset=\"https:\/\/giurgiu-net.ro\/wp-content\/uploads\/2022\/11\/DSC00227.jpg 800w, https:\/\/giurgiu-net.ro\/wp-content\/uploads\/2022\/11\/DSC00227-300x250.jpg 300w, https:\/\/giurgiu-net.ro\/wp-content\/uploads\/2022\/11\/DSC00227-768x640.jpg 768w, https:\/\/giurgiu-net.ro\/wp-content\/uploads\/2022\/11\/DSC00227-696x580.jpg 696w\" sizes=\"auto, (max-width: 800px) 100vw, 800px\" \/><\/a><\/figure>\n\n\n\n<figure class=\"wp-block-image size-large\"><a href=\"https:\/\/giurgiu-net.ro\/wp-content\/uploads\/2022\/11\/DSC00228.jpg\"><img loading=\"lazy\" decoding=\"async\" width=\"800\" height=\"534\" data-id=\"82872\" src=\"https:\/\/giurgiu-net.ro\/wp-content\/uploads\/2022\/11\/DSC00228.jpg\" alt=\"\" class=\"wp-image-82872\" srcset=\"https:\/\/giurgiu-net.ro\/wp-content\/uploads\/2022\/11\/DSC00228.jpg 800w, https:\/\/giurgiu-net.ro\/wp-content\/uploads\/2022\/11\/DSC00228-300x200.jpg 300w, https:\/\/giurgiu-net.ro\/wp-content\/uploads\/2022\/11\/DSC00228-768x513.jpg 768w, https:\/\/giurgiu-net.ro\/wp-content\/uploads\/2022\/11\/DSC00228-696x465.jpg 696w\" sizes=\"auto, (max-width: 800px) 100vw, 800px\" \/><\/a><\/figure>\n\n\n\n<figure class=\"wp-block-image size-large\"><a href=\"https:\/\/giurgiu-net.ro\/wp-content\/uploads\/2022\/11\/DSC00231.jpg\"><img loading=\"lazy\" decoding=\"async\" width=\"800\" height=\"534\" data-id=\"82877\" src=\"https:\/\/giurgiu-net.ro\/wp-content\/uploads\/2022\/11\/DSC00231.jpg\" alt=\"\" class=\"wp-image-82877\" srcset=\"https:\/\/giurgiu-net.ro\/wp-content\/uploads\/2022\/11\/DSC00231.jpg 800w, https:\/\/giurgiu-net.ro\/wp-content\/uploads\/2022\/11\/DSC00231-300x200.jpg 300w, https:\/\/giurgiu-net.ro\/wp-content\/uploads\/2022\/11\/DSC00231-768x513.jpg 768w, https:\/\/giurgiu-net.ro\/wp-content\/uploads\/2022\/11\/DSC00231-696x465.jpg 696w\" sizes=\"auto, (max-width: 800px) 100vw, 800px\" \/><\/a><\/figure>\n\n\n\n<figure class=\"wp-block-image size-large\"><a href=\"https:\/\/giurgiu-net.ro\/wp-content\/uploads\/2022\/11\/DSC00232.jpg\"><img loading=\"lazy\" decoding=\"async\" width=\"800\" height=\"534\" data-id=\"82873\" src=\"https:\/\/giurgiu-net.ro\/wp-content\/uploads\/2022\/11\/DSC00232.jpg\" alt=\"\" class=\"wp-image-82873\" srcset=\"https:\/\/giurgiu-net.ro\/wp-content\/uploads\/2022\/11\/DSC00232.jpg 800w, https:\/\/giurgiu-net.ro\/wp-content\/uploads\/2022\/11\/DSC00232-300x200.jpg 300w, https:\/\/giurgiu-net.ro\/wp-content\/uploads\/2022\/11\/DSC00232-768x513.jpg 768w, https:\/\/giurgiu-net.ro\/wp-content\/uploads\/2022\/11\/DSC00232-696x465.jpg 696w\" sizes=\"auto, (max-width: 800px) 100vw, 800px\" \/><\/a><\/figure>\n\n\n\n<figure class=\"wp-block-image size-large\"><a href=\"https:\/\/giurgiu-net.ro\/wp-content\/uploads\/2022\/11\/DSC00310.jpg\"><img loading=\"lazy\" decoding=\"async\" width=\"800\" height=\"698\" data-id=\"82875\" src=\"https:\/\/giurgiu-net.ro\/wp-content\/uploads\/2022\/11\/DSC00310.jpg\" alt=\"\" class=\"wp-image-82875\" srcset=\"https:\/\/giurgiu-net.ro\/wp-content\/uploads\/2022\/11\/DSC00310.jpg 800w, https:\/\/giurgiu-net.ro\/wp-content\/uploads\/2022\/11\/DSC00310-300x262.jpg 300w, https:\/\/giurgiu-net.ro\/wp-content\/uploads\/2022\/11\/DSC00310-768x670.jpg 768w, https:\/\/giurgiu-net.ro\/wp-content\/uploads\/2022\/11\/DSC00310-696x607.jpg 696w\" sizes=\"auto, (max-width: 800px) 100vw, 800px\" \/><\/a><\/figure>\n\n\n\n<figure class=\"wp-block-image size-large\"><a href=\"https:\/\/giurgiu-net.ro\/wp-content\/uploads\/2022\/11\/DSC00485.jpg\"><img loading=\"lazy\" decoding=\"async\" width=\"800\" height=\"590\" data-id=\"82871\" src=\"https:\/\/giurgiu-net.ro\/wp-content\/uploads\/2022\/11\/DSC00485.jpg\" alt=\"\" class=\"wp-image-82871\" srcset=\"https:\/\/giurgiu-net.ro\/wp-content\/uploads\/2022\/11\/DSC00485.jpg 800w, https:\/\/giurgiu-net.ro\/wp-content\/uploads\/2022\/11\/DSC00485-300x221.jpg 300w, https:\/\/giurgiu-net.ro\/wp-content\/uploads\/2022\/11\/DSC00485-768x566.jpg 768w, https:\/\/giurgiu-net.ro\/wp-content\/uploads\/2022\/11\/DSC00485-696x513.jpg 696w\" sizes=\"auto, (max-width: 800px) 100vw, 800px\" \/><\/a><\/figure>\n\n\n\n<figure class=\"wp-block-image size-large\"><a href=\"https:\/\/giurgiu-net.ro\/wp-content\/uploads\/2022\/11\/DSC00490.jpg\"><img loading=\"lazy\" decoding=\"async\" width=\"800\" height=\"566\" data-id=\"82874\" src=\"https:\/\/giurgiu-net.ro\/wp-content\/uploads\/2022\/11\/DSC00490.jpg\" alt=\"\" class=\"wp-image-82874\" srcset=\"https:\/\/giurgiu-net.ro\/wp-content\/uploads\/2022\/11\/DSC00490.jpg 800w, https:\/\/giurgiu-net.ro\/wp-content\/uploads\/2022\/11\/DSC00490-300x212.jpg 300w, https:\/\/giurgiu-net.ro\/wp-content\/uploads\/2022\/11\/DSC00490-768x543.jpg 768w, https:\/\/giurgiu-net.ro\/wp-content\/uploads\/2022\/11\/DSC00490-696x492.jpg 696w\" sizes=\"auto, (max-width: 800px) 100vw, 800px\" \/><\/a><\/figure>\n\n\n\n<figure class=\"wp-block-image size-large\"><a href=\"https:\/\/giurgiu-net.ro\/wp-content\/uploads\/2022\/11\/DSC00496.jpg\"><img loading=\"lazy\" decoding=\"async\" width=\"800\" height=\"429\" data-id=\"82870\" src=\"https:\/\/giurgiu-net.ro\/wp-content\/uploads\/2022\/11\/DSC00496.jpg\" alt=\"\" class=\"wp-image-82870\" srcset=\"https:\/\/giurgiu-net.ro\/wp-content\/uploads\/2022\/11\/DSC00496.jpg 800w, https:\/\/giurgiu-net.ro\/wp-content\/uploads\/2022\/11\/DSC00496-300x161.jpg 300w, https:\/\/giurgiu-net.ro\/wp-content\/uploads\/2022\/11\/DSC00496-768x412.jpg 768w, https:\/\/giurgiu-net.ro\/wp-content\/uploads\/2022\/11\/DSC00496-696x373.jpg 696w\" sizes=\"auto, (max-width: 800px) 100vw, 800px\" \/><\/a><\/figure>\n\n\n\n<figure class=\"wp-block-image size-large\"><a href=\"https:\/\/giurgiu-net.ro\/wp-content\/uploads\/2022\/11\/DSC00503.jpg\"><img loading=\"lazy\" decoding=\"async\" width=\"800\" height=\"534\" data-id=\"82876\" src=\"https:\/\/giurgiu-net.ro\/wp-content\/uploads\/2022\/11\/DSC00503.jpg\" alt=\"\" class=\"wp-image-82876\" srcset=\"https:\/\/giurgiu-net.ro\/wp-content\/uploads\/2022\/11\/DSC00503.jpg 800w, https:\/\/giurgiu-net.ro\/wp-content\/uploads\/2022\/11\/DSC00503-300x200.jpg 300w, https:\/\/giurgiu-net.ro\/wp-content\/uploads\/2022\/11\/DSC00503-768x513.jpg 768w, https:\/\/giurgiu-net.ro\/wp-content\/uploads\/2022\/11\/DSC00503-696x465.jpg 696w\" sizes=\"auto, (max-width: 800px) 100vw, 800px\" \/><\/a><\/figure>\n<\/figure>\n\n\n\n<p>TEXT \u015eI FOTO: C\u0103t\u0103lina Sfetcu<\/p>\n\n\n\n<p>Mai multe imagini de la eveniment, AICI: <a href=\"https:\/\/www.facebook.com\/profile.php?id=100063563770981\" target=\"_blank\" rel=\"noreferrer noopener\">https:\/\/www.facebook.com\/profile.php?id=100063563770981<\/a><\/p>\n","protected":false},"excerpt":{"rendered":"<p>Cu mic \u015fi cu mare, locuitorii comunei Izvoarele au r\u0103spuns invita\u0163iei primarului social-democrat Silviu Cazacu \u015fi au mers, s\u00e2mb\u0103t\u0103, 5 noiembrie, s\u0103 se bucure \u00eempreun\u0103 de prima edi\u0163ie a Zilei Comunei men\u0163ionate. Evenimentul s-a desf\u0103\u015furat la C\u0103minul Cultural, reabilitat \u015fi modernizat, tot ieri av\u00e2nd loc, practic, \u015fi inaugurarea acestui modern obiectiv. Al\u0103turi de primarul Silviu [&hellip;]<\/p>\n","protected":false},"author":1,"featured_media":82879,"comment_status":"open","ping_status":"open","sticky":false,"template":"","format":"standard","meta":{"slim_seo":{"title":"GALERIE FOTO: Sute de oameni, la prima edi\u0163ie a Zilei Comunei Izvoarele - GIURGIU NET","description":"Cu mic \u015fi cu mare, locuitorii comunei Izvoarele au r\u0103spuns invita\u0163iei primarului social-democrat Silviu Cazacu \u015fi au mers, s\u00e2mb\u0103t\u0103, 5 noiembrie, s\u0103 se bucure \u00eem"},"footnotes":""},"categories":[18,19,25,26],"tags":[2894],"class_list":{"0":"post-82839","1":"post","2":"type-post","3":"status-publish","4":"format-standard","5":"has-post-thumbnail","7":"category-actual","8":"category-adm","9":"category-pol","10":"category-soc","11":"tag-ziua-comunei-izvoarele"},"_links":{"self":[{"href":"https:\/\/giurgiu-net.ro\/index.php\/wp-json\/wp\/v2\/posts\/82839","targetHints":{"allow":["GET"]}}],"collection":[{"href":"https:\/\/giurgiu-net.ro\/index.php\/wp-json\/wp\/v2\/posts"}],"about":[{"href":"https:\/\/giurgiu-net.ro\/index.php\/wp-json\/wp\/v2\/types\/post"}],"author":[{"embeddable":true,"href":"https:\/\/giurgiu-net.ro\/index.php\/wp-json\/wp\/v2\/users\/1"}],"replies":[{"embeddable":true,"href":"https:\/\/giurgiu-net.ro\/index.php\/wp-json\/wp\/v2\/comments?post=82839"}],"version-history":[{"count":0,"href":"https:\/\/giurgiu-net.ro\/index.php\/wp-json\/wp\/v2\/posts\/82839\/revisions"}],"wp:featuredmedia":[{"embeddable":true,"href":"https:\/\/giurgiu-net.ro\/index.php\/wp-json\/wp\/v2\/media\/82879"}],"wp:attachment":[{"href":"https:\/\/giurgiu-net.ro\/index.php\/wp-json\/wp\/v2\/media?parent=82839"}],"wp:term":[{"taxonomy":"category","embeddable":true,"href":"https:\/\/giurgiu-net.ro\/index.php\/wp-json\/wp\/v2\/categories?post=82839"},{"taxonomy":"post_tag","embeddable":true,"href":"https:\/\/giurgiu-net.ro\/index.php\/wp-json\/wp\/v2\/tags?post=82839"}],"curies":[{"name":"wp","href":"https:\/\/api.w.org\/{rel}","templated":true}]}}