{"id":82760,"date":"2022-10-26T14:33:01","date_gmt":"2022-10-26T11:33:01","guid":{"rendered":"https:\/\/giurgiu-net.ro\/?p=82760"},"modified":"2022-10-26T14:34:05","modified_gmt":"2022-10-26T11:34:05","slug":"elevii-nu-si-au-primit-bursele-ministerul-de-finante-spune-ca-a-alocat-banii-si-a-demarat-o-ancheta-la-nivelul-judetelor","status":"publish","type":"post","link":"https:\/\/giurgiu-net.ro\/index.php\/2022\/10\/26\/elevii-nu-si-au-primit-bursele-ministerul-de-finante-spune-ca-a-alocat-banii-si-a-demarat-o-ancheta-la-nivelul-judetelor\/","title":{"rendered":"Elevii NU \u015fi-au primit bursele. Ministerul de Finan\u0163e spune c\u0103 a alocat banii \u015fi a demarat o anchet\u0103 la nivelul jude\u0163elor"},"content":{"rendered":"\n<h5 class=\"wp-block-heading\">Potrivit edupedu.ro, mai mul\u021bi cititori le-au semnalat faptul c\u0103 elevii nu au primit banii pentru bursele de merit, de performan\u021b\u0103, de studiu \u0219i de ajutor social, de\u0219i termenul limit\u0103, prev\u0103zut de&nbsp;<a href=\"https:\/\/legislatie.just.ro\/Public\/DetaliiDocument\/259343\" target=\"_blank\" rel=\"noreferrer noopener\">Hot\u0103r\u00e2rea de Guvern nr. 1138 din 14 septembrie 2022<\/a>, este precizat clar \u00een actul normativ: \u201cla data de 15 a fiec\u0103rei luni, pentru luna precedent\u0103\u201d.<\/h5>\n\n\n\n<h5 class=\"wp-block-heading\">Materialul <a rel=\"noreferrer noopener\" href=\"https:\/\/www.edupedu.ro\/probleme-la-plata-burselor-de-performanta-merit-studiu-si-ajutor-social-desi-termenul-limita-prevazut-de-lege-este-data-de-15-ale-lunii-ministerul-educatiei-nu-stie-daca-data-a-fost-respectata\/\" target=\"_blank\">AICI<\/a> <\/h5>\n\n\n\n<p><strong>Banii sunt<\/strong>, anun\u0163\u0103 reprezentan\u0163ii PSD care precizeaz\u0103 c\u0103 Ministerul Finan\u021belor nu doar c\u0103 a alocat suma necesar\u0103 &#8211; 1 miliard de lei, ba chiar a majorat-o la rectificare (+300 de milioane de lei).<\/p>\n\n\n\n<p>\u201eTrebuie doar ca fiecare prim\u0103rie\/consiliu jude\u021bean s\u0103-\u0219i fac\u0103 treaba \u0219i s\u0103 \u201dtrag\u0103\u201d banii de la unit\u0103\u021bile locale ale Trezoreriei. Dac\u0103 sunt probleme\/blocaje ar trebui comunicate rapid. De altfel ministerul Finan\u021belor a demarat o anchet\u0103 la nivelul jude\u021belor pentru a vedea care este situa\u021bia de fapt \u0219i-i asigur\u0103 pe p\u0103rin\u021bi \u0219i elevi c\u0103 orice disfunc\u021bionalitate va fi remediat\u0103 urgent\u201d, anun\u0163\u0103 reprezentan\u0163ii PSD.<\/p>\n\n\n\n<p>Ceea ce probabil se va \u00eent\u00e2mpla \u015fi la Giurgiu, de\u015fi cei de la Prim\u0103ria Giurgiu au anun\u0163at deja c\u0103 nu au bani de burse(<em>potrivit Giurgiu Tribune care a cerut un punct de vedere municipalit\u0103\u0163ii, \u00een acest sens)<\/em>.<\/p>\n\n\n\n<p>Surs\u0103 foto: Playtech.ro<\/p>\n","protected":false},"excerpt":{"rendered":"<p>Potrivit edupedu.ro, mai mul\u021bi cititori le-au semnalat faptul c\u0103 elevii nu au primit banii pentru bursele de merit, de performan\u021b\u0103, de studiu \u0219i de ajutor social, de\u0219i termenul limit\u0103, prev\u0103zut de&nbsp;Hot\u0103r\u00e2rea de Guvern nr. 1138 din 14 septembrie 2022, este precizat clar \u00een actul normativ: \u201cla data de 15 a fiec\u0103rei luni, pentru luna precedent\u0103\u201d. [&hellip;]<\/p>\n","protected":false},"author":1,"featured_media":82761,"comment_status":"open","ping_status":"open","sticky":false,"template":"","format":"standard","meta":{"slim_seo":{"title":"Elevii NU \u015fi-au primit bursele. Ministerul de Finan\u0163e spune c\u0103 a alocat banii \u015fi a demarat o anchet\u0103 la nivelul jude\u0163elor - GIURGIU NET","description":"Potrivit edupedu.ro, mai mul\u021bi cititori le-au semnalat faptul c\u0103 elevii nu au primit banii pentru bursele de merit, de performan\u021b\u0103, de studiu \u0219i de ajutor socia"},"footnotes":""},"categories":[18,29],"tags":[2892],"class_list":{"0":"post-82760","1":"post","2":"type-post","3":"status-publish","4":"format-standard","5":"has-post-thumbnail","7":"category-actual","8":"category-educatie-si-cultura","9":"tag-burse-scolare"},"_links":{"self":[{"href":"https:\/\/giurgiu-net.ro\/index.php\/wp-json\/wp\/v2\/posts\/82760","targetHints":{"allow":["GET"]}}],"collection":[{"href":"https:\/\/giurgiu-net.ro\/index.php\/wp-json\/wp\/v2\/posts"}],"about":[{"href":"https:\/\/giurgiu-net.ro\/index.php\/wp-json\/wp\/v2\/types\/post"}],"author":[{"embeddable":true,"href":"https:\/\/giurgiu-net.ro\/index.php\/wp-json\/wp\/v2\/users\/1"}],"replies":[{"embeddable":true,"href":"https:\/\/giurgiu-net.ro\/index.php\/wp-json\/wp\/v2\/comments?post=82760"}],"version-history":[{"count":0,"href":"https:\/\/giurgiu-net.ro\/index.php\/wp-json\/wp\/v2\/posts\/82760\/revisions"}],"wp:featuredmedia":[{"embeddable":true,"href":"https:\/\/giurgiu-net.ro\/index.php\/wp-json\/wp\/v2\/media\/82761"}],"wp:attachment":[{"href":"https:\/\/giurgiu-net.ro\/index.php\/wp-json\/wp\/v2\/media?parent=82760"}],"wp:term":[{"taxonomy":"category","embeddable":true,"href":"https:\/\/giurgiu-net.ro\/index.php\/wp-json\/wp\/v2\/categories?post=82760"},{"taxonomy":"post_tag","embeddable":true,"href":"https:\/\/giurgiu-net.ro\/index.php\/wp-json\/wp\/v2\/tags?post=82760"}],"curies":[{"name":"wp","href":"https:\/\/api.w.org\/{rel}","templated":true}]}}