{"id":81975,"date":"2022-10-05T10:34:00","date_gmt":"2022-10-05T07:34:00","guid":{"rendered":"https:\/\/giurgiu-net.ro\/?p=81975"},"modified":"2022-10-14T16:09:55","modified_gmt":"2022-10-14T16:09:55","slug":"deputat-elena-dinu-partenerii-din-coalitie-impartasesc-angajamentul-psd-de-a-majora-pensiile","status":"publish","type":"post","link":"https:\/\/giurgiu-net.ro\/index.php\/2022\/10\/05\/deputat-elena-dinu-partenerii-din-coalitie-impartasesc-angajamentul-psd-de-a-majora-pensiile\/","title":{"rendered":"Deputat Elena Dinu: &#8222;Partenerii din Coali\u0163ie \u00eemp\u0103rt\u0103\u015fesc angajamentul PSD de a majora pensiile!&#8221;"},"content":{"rendered":"\n<p>&#8222;De c\u00e2nd a intrat la Guvernare, <a href=\"https:\/\/www.facebook.com\/hashtag\/psd?__eep__=6&amp;__cft__[0]=AZXwxah4Gth1btx3X9NxpfVFyuixH6yR9BmM29Ap55xBIz55-0nzRNsR5USCT4ePDYZiimFL_5-f8-MgCeUEo1V9ZGjFiHVG01iyTUVvBKMQmb7BoUgWnofg-rplzwEzcOlX3-k6yGwSVxg4AomN9o6ZbFTuXyv2RfmMn5_lc3nYig&amp;__tn__=*NK-R\">#PSD<\/a> a impus Coali\u0163iei schimbarea radical\u0103 a abord\u0103rii \u015fi am promovat mai multe programe de <a href=\"https:\/\/www.facebook.com\/hashtag\/sus%C5%A3inere?__eep__=6&amp;__cft__[0]=AZXwxah4Gth1btx3X9NxpfVFyuixH6yR9BmM29Ap55xBIz55-0nzRNsR5USCT4ePDYZiimFL_5-f8-MgCeUEo1V9ZGjFiHVG01iyTUVvBKMQmb7BoUgWnofg-rplzwEzcOlX3-k6yGwSVxg4AomN9o6ZbFTuXyv2RfmMn5_lc3nYig&amp;__tn__=*NK-R\">#sus\u0163inere<\/a> social\u0103 \u015fi economic\u0103: de la cre\u015fteri de salarii, pensii, aloca\u0163ii \u015fi p\u00e2n\u0103 la instituirea plafon\u0103rilor la electricitate \u015fi gaz.<\/p>\n\n\n\n<p>Am propus \u015fi am insistat, totodat\u0103, pentru o nou\u0103 majorare a <a href=\"https:\/\/www.facebook.com\/hashtag\/pensiilor?__eep__=6&amp;__cft__[0]=AZXwxah4Gth1btx3X9NxpfVFyuixH6yR9BmM29Ap55xBIz55-0nzRNsR5USCT4ePDYZiimFL_5-f8-MgCeUEo1V9ZGjFiHVG01iyTUVvBKMQmb7BoUgWnofg-rplzwEzcOlX3-k6yGwSVxg4AomN9o6ZbFTuXyv2RfmMn5_lc3nYig&amp;__tn__=*NK-R\">#pensiilor<\/a> cu 10%, de la 1 ianuarie, ca s\u0103 venim, astfel, \u00een sprijinul <a href=\"https:\/\/www.facebook.com\/hashtag\/v%C3%A2rstnicilor?__eep__=6&amp;__cft__[0]=AZXwxah4Gth1btx3X9NxpfVFyuixH6yR9BmM29Ap55xBIz55-0nzRNsR5USCT4ePDYZiimFL_5-f8-MgCeUEo1V9ZGjFiHVG01iyTUVvBKMQmb7BoUgWnofg-rplzwEzcOlX3-k6yGwSVxg4AomN9o6ZbFTuXyv2RfmMn5_lc3nYig&amp;__tn__=*NK-R\">#v\u00e2rstnicilor<\/a> &#8211; una dintre categoriile cel mai afectate de crizele suprapuse.<\/p>\n\n\n\n<p>Am ar\u0103tat <a><\/a>c\u0103 aceast\u0103 <a href=\"https:\/\/www.facebook.com\/hashtag\/m%C4%83sur%C4%83?__eep__=6&amp;__cft__[0]=AZXwxah4Gth1btx3X9NxpfVFyuixH6yR9BmM29Ap55xBIz55-0nzRNsR5USCT4ePDYZiimFL_5-f8-MgCeUEo1V9ZGjFiHVG01iyTUVvBKMQmb7BoUgWnofg-rplzwEzcOlX3-k6yGwSVxg4AomN9o6ZbFTuXyv2RfmMn5_lc3nYig&amp;__tn__=*NK-R\">#m\u0103sur\u0103<\/a> este posibil\u0103 \u015fi sustenabil\u0103, lucru recunoscut, \u00eentr-un final, \u015fi de colegii din Coali\u0163ie, care au ajuns nu doar s\u0103 \u00eemp\u0103rt\u0103\u0219easc\u0103 <a href=\"https:\/\/www.facebook.com\/hashtag\/angajamentul?__eep__=6&amp;__cft__[0]=AZXwxah4Gth1btx3X9NxpfVFyuixH6yR9BmM29Ap55xBIz55-0nzRNsR5USCT4ePDYZiimFL_5-f8-MgCeUEo1V9ZGjFiHVG01iyTUVvBKMQmb7BoUgWnofg-rplzwEzcOlX3-k6yGwSVxg4AomN9o6ZbFTuXyv2RfmMn5_lc3nYig&amp;__tn__=*NK-R\">#angajamentul<\/a> PSD de a cre\u0219te consistent pensiile, dar chiar s\u0103 supraliciteze \u015fi s\u0103 anun\u021be o cre\u0219tere de 11%, de la 1 Ianuarie.<\/p>\n\n\n\n<p>Aceast\u0103 majorare, a\u015fa cum am mai declarat, \u00een viziunea <a href=\"https:\/\/www.facebook.com\/hashtag\/psd?__eep__=6&amp;__cft__[0]=AZXwxah4Gth1btx3X9NxpfVFyuixH6yR9BmM29Ap55xBIz55-0nzRNsR5USCT4ePDYZiimFL_5-f8-MgCeUEo1V9ZGjFiHVG01iyTUVvBKMQmb7BoUgWnofg-rplzwEzcOlX3-k6yGwSVxg4AomN9o6ZbFTuXyv2RfmMn5_lc3nYig&amp;__tn__=*NK-R\">#PSD<\/a>, nu este doar posibil\u0103 economic, ci \u0219i absolut necesar\u0103 pentru a men\u021bine c\u00e2t mai mult <a href=\"https:\/\/www.facebook.com\/hashtag\/puterea?__eep__=6&amp;__cft__[0]=AZXwxah4Gth1btx3X9NxpfVFyuixH6yR9BmM29Ap55xBIz55-0nzRNsR5USCT4ePDYZiimFL_5-f8-MgCeUEo1V9ZGjFiHVG01iyTUVvBKMQmb7BoUgWnofg-rplzwEzcOlX3-k6yGwSVxg4AomN9o6ZbFTuXyv2RfmMn5_lc3nYig&amp;__tn__=*NK-R\">#puterea<\/a> de cump\u0103rare a pensionarilor, serios afectat\u0103 de scumpirile generalizate&#8221;- pre\u015fedinte OFSD Giurgiu, deputat Cristina Elena Dinu.<\/p>\n","protected":false},"excerpt":{"rendered":"<p>&#8222;De c\u00e2nd a intrat la Guvernare, #PSD a impus Coali\u0163iei schimbarea radical\u0103 a abord\u0103rii \u015fi am promovat mai multe programe de #sus\u0163inere social\u0103 \u015fi economic\u0103: de la cre\u015fteri de salarii, pensii, aloca\u0163ii \u015fi p\u00e2n\u0103 la instituirea plafon\u0103rilor la electricitate \u015fi gaz. Am propus \u015fi am insistat, totodat\u0103, pentru o nou\u0103 majorare a #pensiilor cu 10%, [&hellip;]<\/p>\n","protected":false},"author":1,"featured_media":82103,"comment_status":"open","ping_status":"open","sticky":false,"template":"","format":"standard","meta":{"slim_seo":{"title":"Deputat Elena Dinu: \"Partenerii din Coali\u0163ie \u00eemp\u0103rt\u0103\u015fesc angajamentul PSD de a majora pensiile!\" - GIURGIU NET","description":"\"De c\u00e2nd a intrat la Guvernare, #PSD a impus Coali\u0163iei schimbarea radical\u0103 a abord\u0103rii \u015fi am promovat mai multe programe de #sus\u0163inere social\u0103 \u015fi economic\u0103: de"},"footnotes":""},"categories":[18,25,26],"tags":[1025],"class_list":{"0":"post-81975","1":"post","2":"type-post","3":"status-publish","4":"format-standard","5":"has-post-thumbnail","7":"category-actual","8":"category-pol","9":"category-soc","10":"tag-elena-dinu"},"_links":{"self":[{"href":"https:\/\/giurgiu-net.ro\/index.php\/wp-json\/wp\/v2\/posts\/81975","targetHints":{"allow":["GET"]}}],"collection":[{"href":"https:\/\/giurgiu-net.ro\/index.php\/wp-json\/wp\/v2\/posts"}],"about":[{"href":"https:\/\/giurgiu-net.ro\/index.php\/wp-json\/wp\/v2\/types\/post"}],"author":[{"embeddable":true,"href":"https:\/\/giurgiu-net.ro\/index.php\/wp-json\/wp\/v2\/users\/1"}],"replies":[{"embeddable":true,"href":"https:\/\/giurgiu-net.ro\/index.php\/wp-json\/wp\/v2\/comments?post=81975"}],"version-history":[{"count":0,"href":"https:\/\/giurgiu-net.ro\/index.php\/wp-json\/wp\/v2\/posts\/81975\/revisions"}],"wp:featuredmedia":[{"embeddable":true,"href":"https:\/\/giurgiu-net.ro\/index.php\/wp-json\/wp\/v2\/media\/82103"}],"wp:attachment":[{"href":"https:\/\/giurgiu-net.ro\/index.php\/wp-json\/wp\/v2\/media?parent=81975"}],"wp:term":[{"taxonomy":"category","embeddable":true,"href":"https:\/\/giurgiu-net.ro\/index.php\/wp-json\/wp\/v2\/categories?post=81975"},{"taxonomy":"post_tag","embeddable":true,"href":"https:\/\/giurgiu-net.ro\/index.php\/wp-json\/wp\/v2\/tags?post=81975"}],"curies":[{"name":"wp","href":"https:\/\/api.w.org\/{rel}","templated":true}]}}