{"id":81967,"date":"2022-10-04T15:48:59","date_gmt":"2022-10-04T12:48:59","guid":{"rendered":"https:\/\/giurgiu-net.ro\/?p=81967"},"modified":"2022-10-14T16:13:35","modified_gmt":"2022-10-14T16:13:35","slug":"deputat-marian-mina-se-impune-o-dezbatere-temeinica-referitor-la-modificarile-legislative-privind-energia","status":"publish","type":"post","link":"https:\/\/giurgiu-net.ro\/index.php\/2022\/10\/04\/deputat-marian-mina-se-impune-o-dezbatere-temeinica-referitor-la-modificarile-legislative-privind-energia\/","title":{"rendered":"Deputat Marian Mina: &#8222;Se impune o dezbatere temeinic\u0103 referitor la modific\u0103rile legislative privind energia&#8221;"},"content":{"rendered":"\n<p>&#8222;Se impune o dezbatere temeinic\u0103 \u00een ceea ce prive\u015fte modific\u0103rile legislative privind ENERGIA, pentru c\u0103 deciziile ce vor fi luate vor avea efecte sociale \u015fi economice de impact major.<\/p>\n\n\n\n<p>Tocmai de aceea, Camera Deputa\u021bilor, for decizional \u00een acest caz, va analiza propuneri, observa\u021bii, amendamente fa\u021b\u0103 de forma adoptat\u0103 la Senat, de la to\u021bi actorii majori de pe pia\u021ba energiei, astfel \u00eenc\u00e2t s\u0103 rezulte un act normativ bun pentru cet\u0103\u021beni \u0219i pentru economie.<\/p>\n\n\n\n<p>Legea, \u00een final, va reflecta, cu certitudine, voin\u021ba politic\u0103 a PSD \u0219i a Coali\u021biei de guvernare, pentru \u00eemplinirea a trei obiective esen\u021biale:<\/p>\n\n\n\n<ul class=\"wp-block-list\"><li>Popula\u021bia, institu\u021biile de interes public \u0219i IMM-urile s\u0103 aib\u0103 energie la pre\u021buri decente.<\/li><\/ul>\n\n\n\n<ul class=\"wp-block-list\"><li>Companiile mari s\u0103 \u00eencheie contracte bilaterale de energie pentru a-\u0219i continua activitatea \u00een condi\u021bii de competitivitate.<\/li><\/ul>\n\n\n\n<ul class=\"wp-block-list\"><li>Produc\u0103torii \u0219i furnizorii s\u0103 r\u0103m\u00e2n\u0103 capabili s\u0103 asigure energia necesar\u0103 consumului na\u021bional&#8221;.<\/li><\/ul>\n\n\n\n<p><em><strong>Pre\u015fedinte PSD Giurgiu, deputat Marian Mina<\/strong><\/em><\/p>\n","protected":false},"excerpt":{"rendered":"<p>&#8222;Se impune o dezbatere temeinic\u0103 \u00een ceea ce prive\u015fte modific\u0103rile legislative privind ENERGIA, pentru c\u0103 deciziile ce vor fi luate vor avea efecte sociale \u015fi economice de impact major. Tocmai de aceea, Camera Deputa\u021bilor, for decizional \u00een acest caz, va analiza propuneri, observa\u021bii, amendamente fa\u021b\u0103 de forma adoptat\u0103 la Senat, de la to\u021bi actorii majori [&hellip;]<\/p>\n","protected":false},"author":1,"featured_media":82101,"comment_status":"open","ping_status":"open","sticky":false,"template":"","format":"standard","meta":{"slim_seo":{"title":"Deputat Marian Mina: \"Se impune o dezbatere temeinic\u0103 referitor la modific\u0103rile legislative privind energia\" - GIURGIU NET","description":"\"Se impune o dezbatere temeinic\u0103 \u00een ceea ce prive\u015fte modific\u0103rile legislative privind ENERGIA, pentru c\u0103 deciziile ce vor fi luate vor avea efecte sociale \u015fi ec"},"footnotes":""},"categories":[18,19,25,28],"tags":[1626],"class_list":{"0":"post-81967","1":"post","2":"type-post","3":"status-publish","4":"format-standard","5":"has-post-thumbnail","7":"category-actual","8":"category-adm","9":"category-pol","10":"category-uo","11":"tag-marian-mina"},"_links":{"self":[{"href":"https:\/\/giurgiu-net.ro\/index.php\/wp-json\/wp\/v2\/posts\/81967","targetHints":{"allow":["GET"]}}],"collection":[{"href":"https:\/\/giurgiu-net.ro\/index.php\/wp-json\/wp\/v2\/posts"}],"about":[{"href":"https:\/\/giurgiu-net.ro\/index.php\/wp-json\/wp\/v2\/types\/post"}],"author":[{"embeddable":true,"href":"https:\/\/giurgiu-net.ro\/index.php\/wp-json\/wp\/v2\/users\/1"}],"replies":[{"embeddable":true,"href":"https:\/\/giurgiu-net.ro\/index.php\/wp-json\/wp\/v2\/comments?post=81967"}],"version-history":[{"count":0,"href":"https:\/\/giurgiu-net.ro\/index.php\/wp-json\/wp\/v2\/posts\/81967\/revisions"}],"wp:featuredmedia":[{"embeddable":true,"href":"https:\/\/giurgiu-net.ro\/index.php\/wp-json\/wp\/v2\/media\/82101"}],"wp:attachment":[{"href":"https:\/\/giurgiu-net.ro\/index.php\/wp-json\/wp\/v2\/media?parent=81967"}],"wp:term":[{"taxonomy":"category","embeddable":true,"href":"https:\/\/giurgiu-net.ro\/index.php\/wp-json\/wp\/v2\/categories?post=81967"},{"taxonomy":"post_tag","embeddable":true,"href":"https:\/\/giurgiu-net.ro\/index.php\/wp-json\/wp\/v2\/tags?post=81967"}],"curies":[{"name":"wp","href":"https:\/\/api.w.org\/{rel}","templated":true}]}}