{"id":81959,"date":"2022-10-03T11:37:44","date_gmt":"2022-10-03T08:37:44","guid":{"rendered":"https:\/\/giurgiu-net.ro\/?p=81959"},"modified":"2022-10-03T11:37:44","modified_gmt":"2022-10-03T08:37:44","slug":"seceta-a-afectat-vara-aceasta-peste-760-000-de-hectare-de-culturi-din-romania","status":"publish","type":"post","link":"https:\/\/giurgiu-net.ro\/index.php\/2022\/10\/03\/seceta-a-afectat-vara-aceasta-peste-760-000-de-hectare-de-culturi-din-romania\/","title":{"rendered":"Seceta a afectat, vara aceasta, peste 760.000 de hectare de culturi din Rom\u00e2nia"},"content":{"rendered":"\n<p>Ministerul Agriculturii anun\u0163\u0103 c\u0103 peste 760.000 de hectare de culturi au fost afectate de secet\u0103 \u00een aceast\u0103 var\u0103.<\/p>\n\n\n\n<p>Conform sursei citate, suprafa\u021b\u0103 total\u0103 afectat\u0103 de secet\u0103 este de 761.346 ha. Sunt afectate culturi din 38 de jude\u021be: Alba, Arad, Arge\u0219, Bac\u0103u, Bihor, Boto\u0219ani, Bra\u0219ov, Br\u0103ila, Bucure\u0219ti, Buz\u0103u, C\u0103l\u0103ra\u0219i, Cara\u0219-Severin, Cluj, Constan\u021ba, D\u00e2mbovi\u021ba, Dolj, Gala\u021bi, Giurgiu, Gorj, Hunedoara, Ialomi\u021ba, Ia\u0219i, Ilfov, Maramure\u0219, Mehedin\u021bi, Mure\u0219, Neam\u021b, Olt, Prahova, S\u0103laj, Satu Mare, Suceava, Teleorman, Timi\u0219, Tulcea, V\u00e2lcea, Vaslui \u0219i Vrancea.<\/p>\n\n\n\n<p>Printre culturile de toamn\u0103 afectate se num\u0103r\u0103 cele de gr\u00e2u, triticale (189.977 ha), orz, orzoaic\u0103, ov\u0103z, secar\u0103 (29.994 ha), rapi\u021b\u0103 (26.805 ha), iar printre culturile de prim\u0103var\u0103 se g\u0103sesc cele de porumb (297.568 ha), floarea soarelui (148.444 ha), soia (25.701 ha) \u0219i plante furajere (23.121 ha)<\/p>\n","protected":false},"excerpt":{"rendered":"<p>Ministerul Agriculturii anun\u0163\u0103 c\u0103 peste 760.000 de hectare de culturi au fost afectate de secet\u0103 \u00een aceast\u0103 var\u0103. Conform sursei citate, suprafa\u021b\u0103 total\u0103 afectat\u0103 de secet\u0103 este de 761.346 ha. Sunt afectate culturi din 38 de jude\u021be: Alba, Arad, Arge\u0219, Bac\u0103u, Bihor, Boto\u0219ani, Bra\u0219ov, Br\u0103ila, Bucure\u0219ti, Buz\u0103u, C\u0103l\u0103ra\u0219i, Cara\u0219-Severin, Cluj, Constan\u021ba, D\u00e2mbovi\u021ba, Dolj, Gala\u021bi, Giurgiu, [&hellip;]<\/p>\n","protected":false},"author":1,"featured_media":81323,"comment_status":"open","ping_status":"open","sticky":false,"template":"","format":"standard","meta":{"slim_seo":{"title":"Seceta a afectat, vara aceasta, peste 760.000 de hectare de culturi din Rom\u00e2nia - GIURGIU NET","description":"Ministerul Agriculturii anun\u0163\u0103 c\u0103 peste 760.000 de hectare de culturi au fost afectate de secet\u0103 \u00een aceast\u0103 var\u0103. Conform sursei citate, suprafa\u021b\u0103 total\u0103 afecta"},"footnotes":""},"categories":[18,26],"tags":[2432],"class_list":{"0":"post-81959","1":"post","2":"type-post","3":"status-publish","4":"format-standard","5":"has-post-thumbnail","7":"category-actual","8":"category-soc","9":"tag-seceta-2"},"_links":{"self":[{"href":"https:\/\/giurgiu-net.ro\/index.php\/wp-json\/wp\/v2\/posts\/81959","targetHints":{"allow":["GET"]}}],"collection":[{"href":"https:\/\/giurgiu-net.ro\/index.php\/wp-json\/wp\/v2\/posts"}],"about":[{"href":"https:\/\/giurgiu-net.ro\/index.php\/wp-json\/wp\/v2\/types\/post"}],"author":[{"embeddable":true,"href":"https:\/\/giurgiu-net.ro\/index.php\/wp-json\/wp\/v2\/users\/1"}],"replies":[{"embeddable":true,"href":"https:\/\/giurgiu-net.ro\/index.php\/wp-json\/wp\/v2\/comments?post=81959"}],"version-history":[{"count":0,"href":"https:\/\/giurgiu-net.ro\/index.php\/wp-json\/wp\/v2\/posts\/81959\/revisions"}],"wp:featuredmedia":[{"embeddable":true,"href":"https:\/\/giurgiu-net.ro\/index.php\/wp-json\/wp\/v2\/media\/81323"}],"wp:attachment":[{"href":"https:\/\/giurgiu-net.ro\/index.php\/wp-json\/wp\/v2\/media?parent=81959"}],"wp:term":[{"taxonomy":"category","embeddable":true,"href":"https:\/\/giurgiu-net.ro\/index.php\/wp-json\/wp\/v2\/categories?post=81959"},{"taxonomy":"post_tag","embeddable":true,"href":"https:\/\/giurgiu-net.ro\/index.php\/wp-json\/wp\/v2\/tags?post=81959"}],"curies":[{"name":"wp","href":"https:\/\/api.w.org\/{rel}","templated":true}]}}