{"id":81705,"date":"2022-09-19T11:55:11","date_gmt":"2022-09-19T08:55:11","guid":{"rendered":"https:\/\/giurgiu-net.ro\/?p=81705"},"modified":"2022-09-19T11:55:11","modified_gmt":"2022-09-19T08:55:11","slug":"deputat-marian-mina-presedintele-consiliului-judetean-giurgiu-trebuie-sa-dea-explicatii","status":"publish","type":"post","link":"https:\/\/giurgiu-net.ro\/index.php\/2022\/09\/19\/deputat-marian-mina-presedintele-consiliului-judetean-giurgiu-trebuie-sa-dea-explicatii\/","title":{"rendered":"Deputat Marian Mina: &#8222;Pre\u0219edintele Consiliului Jude\u0163ean Giurgiu trebuie s\u0103 dea explica\u021bii!&#8221;"},"content":{"rendered":"\n<p class=\"wp-block-paragraph\">&#8222;Pre\u0219edintele Consiliului Jude\u0163ean Giurgiu trebuie s\u0103 dea explica\u021bii!<\/p>\n\n\n\n<p class=\"wp-block-paragraph\">Acuza\u021biile grave care i se aduc \u0219efului Consiliului Jude\u021bean Giurgiu, Dumitru Beianu, nu pot r\u0103m\u00e2ne f\u0103r\u0103 r\u0103spunsuri clare. Pre\u0219edintele CJ trebuie s\u0103 l\u0103mureasc\u0103 leg\u0103turile sale cu beneficiarii din cadrul Direc\u0163iei Generale de Asisten\u0163\u0103 Social\u0103 \u015fi Protec\u0163ia Copilului Giurgiu!<\/p>\n\n\n\n<p class=\"wp-block-paragraph\">Mai exact, s\u0103 l\u0103mureasc\u0103 URGENT relat\u0103rile presei despre presupuse rela\u021bii cu persoane minore de la casele de copii aflate \u00een subordinea <a><\/a>Consiliului Jude\u021bean!<\/p>\n\n\n\n<p class=\"wp-block-paragraph\">Pre\u0219edintele CJ are at\u00e2t obliga\u0163ia legal\u0103 \u00een fa\u021ba autorit\u0103\u021bilor, c\u00e2t \u015fi moral\u0103 \u00een fa\u021ba locuitorilor jude\u0163ului nostru s\u0103 l\u0103mureasc\u0103 punctual aceste acuza\u0163ii grave!&#8221;- deputat Marian Mina<\/p>\n\n\n\n<p class=\"wp-block-paragraph\"><\/p>\n","protected":false},"excerpt":{"rendered":"<p>&#8222;Pre\u0219edintele Consiliului Jude\u0163ean Giurgiu trebuie s\u0103 dea explica\u021bii! Acuza\u021biile grave care i se aduc \u0219efului Consiliului Jude\u021bean Giurgiu, Dumitru Beianu, nu pot r\u0103m\u00e2ne f\u0103r\u0103 r\u0103spunsuri clare. Pre\u0219edintele CJ trebuie s\u0103 l\u0103mureasc\u0103 leg\u0103turile sale cu beneficiarii din cadrul Direc\u0163iei Generale de Asisten\u0163\u0103 Social\u0103 \u015fi Protec\u0163ia Copilului Giurgiu! Mai exact, s\u0103 l\u0103mureasc\u0103 URGENT relat\u0103rile presei despre presupuse [&hellip;]<\/p>\n","protected":false},"author":1,"featured_media":49412,"comment_status":"open","ping_status":"open","sticky":false,"template":"","format":"standard","meta":{"slim_seo":{"title":"Deputat Marian Mina: \"Pre\u0219edintele Consiliului Jude\u0163ean Giurgiu trebuie s\u0103 dea explica\u021bii!\" - GIURGIU NET","description":"\"Pre\u0219edintele Consiliului Jude\u0163ean Giurgiu trebuie s\u0103 dea explica\u021bii! Acuza\u021biile grave care i se aduc \u0219efului Consiliului Jude\u021bean Giurgiu, Dumitru Beianu, nu p"},"footnotes":""},"categories":[18,19,26],"tags":[1004,1626],"class_list":["post-81705","post","type-post","status-publish","format-standard","has-post-thumbnail","category-actual","category-adm","category-soc","tag-dumitru-beianu","tag-marian-mina"],"_links":{"self":[{"href":"https:\/\/giurgiu-net.ro\/index.php\/wp-json\/wp\/v2\/posts\/81705","targetHints":{"allow":["GET"]}}],"collection":[{"href":"https:\/\/giurgiu-net.ro\/index.php\/wp-json\/wp\/v2\/posts"}],"about":[{"href":"https:\/\/giurgiu-net.ro\/index.php\/wp-json\/wp\/v2\/types\/post"}],"author":[{"embeddable":true,"href":"https:\/\/giurgiu-net.ro\/index.php\/wp-json\/wp\/v2\/users\/1"}],"replies":[{"embeddable":true,"href":"https:\/\/giurgiu-net.ro\/index.php\/wp-json\/wp\/v2\/comments?post=81705"}],"version-history":[{"count":0,"href":"https:\/\/giurgiu-net.ro\/index.php\/wp-json\/wp\/v2\/posts\/81705\/revisions"}],"wp:featuredmedia":[{"embeddable":true,"href":"https:\/\/giurgiu-net.ro\/index.php\/wp-json\/wp\/v2\/media\/49412"}],"wp:attachment":[{"href":"https:\/\/giurgiu-net.ro\/index.php\/wp-json\/wp\/v2\/media?parent=81705"}],"wp:term":[{"taxonomy":"category","embeddable":true,"href":"https:\/\/giurgiu-net.ro\/index.php\/wp-json\/wp\/v2\/categories?post=81705"},{"taxonomy":"post_tag","embeddable":true,"href":"https:\/\/giurgiu-net.ro\/index.php\/wp-json\/wp\/v2\/tags?post=81705"}],"curies":[{"name":"wp","href":"https:\/\/api.w.org\/{rel}","templated":true}]}}