{"id":81350,"date":"2022-08-15T09:41:11","date_gmt":"2022-08-15T06:41:11","guid":{"rendered":"https:\/\/giurgiu-net.ro\/?p=81350"},"modified":"2022-08-15T09:41:11","modified_gmt":"2022-08-15T06:41:11","slug":"mesajul-deputatului-psd-marian-mina-cu-ocazia-sarbatorii-sfintei-maria-mare","status":"publish","type":"post","link":"https:\/\/giurgiu-net.ro\/index.php\/2022\/08\/15\/mesajul-deputatului-psd-marian-mina-cu-ocazia-sarbatorii-sfintei-maria-mare\/","title":{"rendered":"Mesajul deputatului PSD Marian Mina, cu ocazia s\u0103rb\u0103torii Sfintei Maria Mare"},"content":{"rendered":"\n<p>&#8222;\u00cen aceast\u0103 zi de mare s\u0103rb\u0103toare, v\u0103 doresc tuturor s\u0103n\u0103tate, lini\u015fte sufleteasc\u0103 \u015fi o via\u0163\u0103 frumoas\u0103, al\u0103turi de cei dragi!<\/p>\n\n\n\n<p>Pentru c\u0103 este \u015fi Ziua Marinei Rom\u00e2ne, acelea\u015fi g\u00e2nduri bune se \u00eendreapt\u0103 c\u0103tre to\u0163i marinarii giurgiuveni \u015fi de pretutindeni! Bun cart \u00eenainte \u0219i v\u00e2nt din pupa!<\/p>\n\n\n\n<p>O zi binecuv\u00e2ntat\u0103, tuturor!&#8221;- pre\u015fedinte PSD Giurgiu, deputat Marian Mina<\/p>\n","protected":false},"excerpt":{"rendered":"<p>&#8222;\u00cen aceast\u0103 zi de mare s\u0103rb\u0103toare, v\u0103 doresc tuturor s\u0103n\u0103tate, lini\u015fte sufleteasc\u0103 \u015fi o via\u0163\u0103 frumoas\u0103, al\u0103turi de cei dragi! Pentru c\u0103 este \u015fi Ziua Marinei Rom\u00e2ne, acelea\u015fi g\u00e2nduri bune se \u00eendreapt\u0103 c\u0103tre to\u0163i marinarii giurgiuveni \u015fi de pretutindeni! Bun cart \u00eenainte \u0219i v\u00e2nt din pupa! O zi binecuv\u00e2ntat\u0103, tuturor!&#8221;- pre\u015fedinte PSD Giurgiu, deputat Marian [&hellip;]<\/p>\n","protected":false},"author":1,"featured_media":81351,"comment_status":"open","ping_status":"open","sticky":false,"template":"","format":"standard","meta":{"slim_seo":{"title":"Mesajul deputatului PSD Marian Mina, cu ocazia s\u0103rb\u0103torii Sfintei Maria Mare - GIURGIU NET","description":"\"\u00cen aceast\u0103 zi de mare s\u0103rb\u0103toare, v\u0103 doresc tuturor s\u0103n\u0103tate, lini\u015fte sufleteasc\u0103 \u015fi o via\u0163\u0103 frumoas\u0103, al\u0103turi de cei dragi! Pentru c\u0103 este \u015fi Ziua Marinei Rom"},"footnotes":""},"categories":[18,26],"tags":[1626],"class_list":{"0":"post-81350","1":"post","2":"type-post","3":"status-publish","4":"format-standard","5":"has-post-thumbnail","7":"category-actual","8":"category-soc","9":"tag-marian-mina"},"_links":{"self":[{"href":"https:\/\/giurgiu-net.ro\/index.php\/wp-json\/wp\/v2\/posts\/81350","targetHints":{"allow":["GET"]}}],"collection":[{"href":"https:\/\/giurgiu-net.ro\/index.php\/wp-json\/wp\/v2\/posts"}],"about":[{"href":"https:\/\/giurgiu-net.ro\/index.php\/wp-json\/wp\/v2\/types\/post"}],"author":[{"embeddable":true,"href":"https:\/\/giurgiu-net.ro\/index.php\/wp-json\/wp\/v2\/users\/1"}],"replies":[{"embeddable":true,"href":"https:\/\/giurgiu-net.ro\/index.php\/wp-json\/wp\/v2\/comments?post=81350"}],"version-history":[{"count":0,"href":"https:\/\/giurgiu-net.ro\/index.php\/wp-json\/wp\/v2\/posts\/81350\/revisions"}],"wp:featuredmedia":[{"embeddable":true,"href":"https:\/\/giurgiu-net.ro\/index.php\/wp-json\/wp\/v2\/media\/81351"}],"wp:attachment":[{"href":"https:\/\/giurgiu-net.ro\/index.php\/wp-json\/wp\/v2\/media?parent=81350"}],"wp:term":[{"taxonomy":"category","embeddable":true,"href":"https:\/\/giurgiu-net.ro\/index.php\/wp-json\/wp\/v2\/categories?post=81350"},{"taxonomy":"post_tag","embeddable":true,"href":"https:\/\/giurgiu-net.ro\/index.php\/wp-json\/wp\/v2\/tags?post=81350"}],"curies":[{"name":"wp","href":"https:\/\/api.w.org\/{rel}","templated":true}]}}