{"id":81347,"date":"2022-08-15T09:39:23","date_gmt":"2022-08-15T06:39:23","guid":{"rendered":"https:\/\/giurgiu-net.ro\/?p=81347"},"modified":"2022-08-15T09:39:23","modified_gmt":"2022-08-15T06:39:23","slug":"mesajul-deputatului-psd-cristina-elena-dinu-cu-ocazia-sarbatorii-sfintei-maria-mare","status":"publish","type":"post","link":"https:\/\/giurgiu-net.ro\/index.php\/2022\/08\/15\/mesajul-deputatului-psd-cristina-elena-dinu-cu-ocazia-sarbatorii-sfintei-maria-mare\/","title":{"rendered":"Mesajul deputatului PSD Cristina Elena Dinu, cu ocazia s\u0103rb\u0103torii Sfintei Maria Mare"},"content":{"rendered":"\n<p>&#8222;Sf\u00e2nta Fecioar\u0103 Maria, al c\u0103rei nume \u00eel purta\u0163i, s\u0103 v\u0103 ocroteasc\u0103 pe dumneavoastr\u0103 \u015fi pe to\u0163i cei dragi! S\u0103 ave\u0163i parte doar de reu\u015fite, de clipe frumoase \u015fi de oameni care s\u0103 v\u0103 pre\u0163uiasc\u0103!<\/p>\n\n\n\n<p>La Mul\u0163i Ani \u015fi marinarilor rom\u00e2ni! Dumnezeu s\u0103 v\u0103 aib\u0103 \u00een paza Sa \u015fi s\u0103 ajunge\u0163i cu bine, \u00eentotdeauna, acas\u0103!&#8221;- pre\u015fedinte OFSD Giurgiu, deputat Cristina Elena Dinu<\/p>\n","protected":false},"excerpt":{"rendered":"<p>&#8222;Sf\u00e2nta Fecioar\u0103 Maria, al c\u0103rei nume \u00eel purta\u0163i, s\u0103 v\u0103 ocroteasc\u0103 pe dumneavoastr\u0103 \u015fi pe to\u0163i cei dragi! S\u0103 ave\u0163i parte doar de reu\u015fite, de clipe frumoase \u015fi de oameni care s\u0103 v\u0103 pre\u0163uiasc\u0103! La Mul\u0163i Ani \u015fi marinarilor rom\u00e2ni! Dumnezeu s\u0103 v\u0103 aib\u0103 \u00een paza Sa \u015fi s\u0103 ajunge\u0163i cu bine, \u00eentotdeauna, acas\u0103!&#8221;- pre\u015fedinte [&hellip;]<\/p>\n","protected":false},"author":1,"featured_media":81348,"comment_status":"open","ping_status":"open","sticky":false,"template":"","format":"standard","meta":{"slim_seo":{"title":"Mesajul deputatului PSD Cristina Elena Dinu, cu ocazia s\u0103rb\u0103torii Sfintei Maria Mare - GIURGIU NET","description":"\"Sf\u00e2nta Fecioar\u0103 Maria, al c\u0103rei nume \u00eel purta\u0163i, s\u0103 v\u0103 ocroteasc\u0103 pe dumneavoastr\u0103 \u015fi pe to\u0163i cei dragi! S\u0103 ave\u0163i parte doar de reu\u015fite, de clipe frumoase \u015fi d"},"footnotes":""},"categories":[18,26],"tags":[],"class_list":{"0":"post-81347","1":"post","2":"type-post","3":"status-publish","4":"format-standard","5":"has-post-thumbnail","7":"category-actual","8":"category-soc"},"_links":{"self":[{"href":"https:\/\/giurgiu-net.ro\/index.php\/wp-json\/wp\/v2\/posts\/81347","targetHints":{"allow":["GET"]}}],"collection":[{"href":"https:\/\/giurgiu-net.ro\/index.php\/wp-json\/wp\/v2\/posts"}],"about":[{"href":"https:\/\/giurgiu-net.ro\/index.php\/wp-json\/wp\/v2\/types\/post"}],"author":[{"embeddable":true,"href":"https:\/\/giurgiu-net.ro\/index.php\/wp-json\/wp\/v2\/users\/1"}],"replies":[{"embeddable":true,"href":"https:\/\/giurgiu-net.ro\/index.php\/wp-json\/wp\/v2\/comments?post=81347"}],"version-history":[{"count":0,"href":"https:\/\/giurgiu-net.ro\/index.php\/wp-json\/wp\/v2\/posts\/81347\/revisions"}],"wp:featuredmedia":[{"embeddable":true,"href":"https:\/\/giurgiu-net.ro\/index.php\/wp-json\/wp\/v2\/media\/81348"}],"wp:attachment":[{"href":"https:\/\/giurgiu-net.ro\/index.php\/wp-json\/wp\/v2\/media?parent=81347"}],"wp:term":[{"taxonomy":"category","embeddable":true,"href":"https:\/\/giurgiu-net.ro\/index.php\/wp-json\/wp\/v2\/categories?post=81347"},{"taxonomy":"post_tag","embeddable":true,"href":"https:\/\/giurgiu-net.ro\/index.php\/wp-json\/wp\/v2\/tags?post=81347"}],"curies":[{"name":"wp","href":"https:\/\/api.w.org\/{rel}","templated":true}]}}