{"id":81339,"date":"2022-08-11T16:18:26","date_gmt":"2022-08-11T13:18:26","guid":{"rendered":"https:\/\/giurgiu-net.ro\/?p=81339"},"modified":"2022-08-11T16:18:26","modified_gmt":"2022-08-11T13:18:26","slug":"precizari-ale-prefecturii-giurgiu-pe-tema-balastierei-din-ulmi","status":"publish","type":"post","link":"https:\/\/giurgiu-net.ro\/index.php\/2022\/08\/11\/precizari-ale-prefecturii-giurgiu-pe-tema-balastierei-din-ulmi\/","title":{"rendered":"Preciz\u0103ri ale Prefecturii Giurgiu pe tema balastierei din Ulmi"},"content":{"rendered":"\n<p>COMUNICAT DE PRES\u0102<br \/>11.08.2022<\/p>\n\n\n\n<p>Ca urmare a apari\u021biei \u00een spa\u021biul public a unor informa\u021bii conform c\u0103rora \u00een satul Mo\u0219teni, comuna Ulmi, jude\u021bul Giurgiu, locuitorilor le-a fost sistat accesul la sursa de ap\u0103 din f\u00e2nt\u00e2ni din cauza unei balastiere amplasate \u00een apropierea localit\u0103\u021bii, transmitem urm\u0103toarele preciz\u0103ri:<\/p>\n\n\n\n<ul class=\"wp-block-list\"><li>Institu\u021bia Prefectului \u2013 jude\u021bul Giurgiu s-a autosesizat \u00een acest caz, ca \u0219i celelalte institu\u021bii abilitate s\u0103 efectueze verific\u0103ri \u00een astfel de situa\u021bii. Subliniem faptul c\u0103 Institu\u021bia Prefectului \u2013 jude\u021bul Giurgiu nu a primit nicio sesizarea din partea vreunei autorit\u0103\u021bi publice ori a vreunei persoane fizice cu privire la problema men\u021bionat\u0103.<\/li><li>La ora actual\u0103, \u00een localitatea respectiv\u0103 se efectueaz\u0103 verific\u0103ri cu privire la legalitatea acelei balastiere de c\u0103tre Garda de Mediu Giurgiu \u0219i de c\u0103tre Inspec\u021bia de la Apele Rom\u00e2ne, institu\u021bii \u00een competen\u021ba c\u0103rora intr\u0103 \u0219i dispunerea eventualelor m\u0103suri \u00een consecin\u021b\u0103, pentru remedierea situa\u021biei \u00een cel mai scurt timp posibil.<\/li><li>\u00cen condi\u021biile \u00een care sistarea accesului la o resurs\u0103 vital\u0103 cum este apa reprezint\u0103 o problem\u0103 foarte grav\u0103 pentru orice comunitate, institu\u021biile abilitate \u00eentreprind cu celeritate demersurile necesare pentru revenirea la normalitate a situa\u021biei.<\/li><\/ul>\n\n\n\n<p>Biroul de Pres\u0103 al Institu\u021biei Prefectului \u2013 jude\u021bul Giurgiu<\/p>\n","protected":false},"excerpt":{"rendered":"<p>COMUNICAT DE PRES\u010211.08.2022 Ca urmare a apari\u021biei \u00een spa\u021biul public a unor informa\u021bii conform c\u0103rora \u00een satul Mo\u0219teni, comuna Ulmi, jude\u021bul Giurgiu, locuitorilor le-a fost sistat accesul la sursa de ap\u0103 din f\u00e2nt\u00e2ni din cauza unei balastiere amplasate \u00een apropierea localit\u0103\u021bii, transmitem urm\u0103toarele preciz\u0103ri: Institu\u021bia Prefectului \u2013 jude\u021bul Giurgiu s-a autosesizat \u00een acest caz, ca [&hellip;]<\/p>\n","protected":false},"author":1,"featured_media":74493,"comment_status":"open","ping_status":"open","sticky":false,"template":"","format":"standard","meta":{"slim_seo":{"title":"Preciz\u0103ri ale Prefecturii Giurgiu pe tema balastierei din Ulmi - GIURGIU NET","description":"COMUNICAT DE PRES\u0102 11.08.2022 Ca urmare a apari\u021biei \u00een spa\u021biul public a unor informa\u021bii conform c\u0103rora \u00een satul Mo\u0219teni, comuna Ulmi, jude\u021bul Giurgiu, locuitori"},"footnotes":""},"categories":[18,19],"tags":[],"class_list":{"0":"post-81339","1":"post","2":"type-post","3":"status-publish","4":"format-standard","5":"has-post-thumbnail","7":"category-actual","8":"category-adm"},"_links":{"self":[{"href":"https:\/\/giurgiu-net.ro\/index.php\/wp-json\/wp\/v2\/posts\/81339","targetHints":{"allow":["GET"]}}],"collection":[{"href":"https:\/\/giurgiu-net.ro\/index.php\/wp-json\/wp\/v2\/posts"}],"about":[{"href":"https:\/\/giurgiu-net.ro\/index.php\/wp-json\/wp\/v2\/types\/post"}],"author":[{"embeddable":true,"href":"https:\/\/giurgiu-net.ro\/index.php\/wp-json\/wp\/v2\/users\/1"}],"replies":[{"embeddable":true,"href":"https:\/\/giurgiu-net.ro\/index.php\/wp-json\/wp\/v2\/comments?post=81339"}],"version-history":[{"count":0,"href":"https:\/\/giurgiu-net.ro\/index.php\/wp-json\/wp\/v2\/posts\/81339\/revisions"}],"wp:featuredmedia":[{"embeddable":true,"href":"https:\/\/giurgiu-net.ro\/index.php\/wp-json\/wp\/v2\/media\/74493"}],"wp:attachment":[{"href":"https:\/\/giurgiu-net.ro\/index.php\/wp-json\/wp\/v2\/media?parent=81339"}],"wp:term":[{"taxonomy":"category","embeddable":true,"href":"https:\/\/giurgiu-net.ro\/index.php\/wp-json\/wp\/v2\/categories?post=81339"},{"taxonomy":"post_tag","embeddable":true,"href":"https:\/\/giurgiu-net.ro\/index.php\/wp-json\/wp\/v2\/tags?post=81339"}],"curies":[{"name":"wp","href":"https:\/\/api.w.org\/{rel}","templated":true}]}}