{"id":81336,"date":"2022-08-09T16:43:38","date_gmt":"2022-08-09T13:43:38","guid":{"rendered":"https:\/\/giurgiu-net.ro\/?p=81336"},"modified":"2022-08-09T16:43:38","modified_gmt":"2022-08-09T13:43:38","slug":"surse-ce-a-mai-ramas-din-echipa-castigatoare-pnl-giurgiu-or-mai-fi-vreo-2-si-un-sfert","status":"publish","type":"post","link":"https:\/\/giurgiu-net.ro\/index.php\/2022\/08\/09\/surse-ce-a-mai-ramas-din-echipa-castigatoare-pnl-giurgiu-or-mai-fi-vreo-2-si-un-sfert\/","title":{"rendered":"SURSE: Ce-a mai r\u0103mas din &#8222;echipa c\u00e2\u0219tig\u0103toare&#8221; PNL Giurgiu? Or mai fi vreo 2&#8230; \u0219i un sfert"},"content":{"rendered":"\n<p>La PNL Giurgiu nu c\u0103 s-a rupt lan\u021bul de iubire, ci s-a de\u0219irat complet, r\u0103m\u00e2n\u00e2nd, a\u0219a, dac\u0103 vre\u021bi, o br\u0103\u021b\u0103ric\u0103 firav\u0103. Cine s-o mai poarte cu m\u00e2ndrie? Motreanu? Nici g\u00e2nd. Beianu? Nici at\u00e2t ?<br \/>Surse din (ce a mai r\u0103mas din) PNL Giurgiu ne-au informat c\u0103, seara trecut\u0103, a avut loc o \u0219edin\u021b\u0103 cu primarii, la sediul din municipiu. Acelea\u0219i surse ne-au comunicat cu seriozitate, dar pe bun\u0103 dreptate amuzate, c\u0103, din 33 de primari liberali, au participat maximum 16. Vreo 5 n-au comunicat nici cu Motreanu, cu at\u00e2t mai pu\u021bin cu Beianu, sup\u0103ra\u021bi, probabil, c\u0103 s-a dovedit c\u0103 sloganul &#8222;Recl\u0103dim Giurgiu&#8221; a fost o glum\u0103 amar\u0103. Ba mai mult, pentru comunit\u0103\u021bile pe care le p\u0103storesc, a fost ditamai paguba. Asta e, ghinion, data viitoare \u0219ti\u021bi ce ave\u021bi de f\u0103cut!<br \/>Or s\u0103 zic\u0103 b\u0103ie\u021bii c\u0103 n-au prea &#8222;avut cvorum&#8221; din pricin\u0103 de concedii \u2026 Mai u\u0219or cu pianul pe sc\u0103ri, c\u0103 numai de asta nu le pas\u0103 edililor acum, c\u00e2nd bate &#8222;Saligny&#8221; la u\u0219a dezvolt\u0103rii.<br \/>Bine, cu frustrare, probabil, pnlistii pot spune ce doresc, dar primarii care cunosc adev\u0103rul sigur \u00eel vor spune cur\u00e2nd.<br \/>C\u0103 nu e deloc pl\u0103cut s\u0103 a\u0219tep\u021bi pe la u\u0219i, ca primar, dup\u0103 ce tu te-ai \u021binut de promisiuni, sau s\u0103 \u00ee\u021bi a\u0219tep\u021bi \u0219eful pe linie de partid s\u0103 g\u0103seasc\u0103 Giurgiu pe gps ori s\u0103 mai dea o tur\u0103 vesel\u0103 prin ora\u0219, intre alte \u00eent\u00e2lniri importante oriunde altundeva in \u021bar\u0103.<br \/>Si te saturi, firesc!<br \/>2024 va fi un an extrem de interesant \u0219i avem a\u0219a un feeling ca PNL Giurgiu va fi, c\u0103 niciodat\u0103, o b\u0103rcu\u021b\u0103 e\u0219uat\u0103. Pariu?<br \/>Domnule Motreanu, mai bine v\u0103 da\u021bi demisia de onoare de acum, ca s\u0103 mai salvati ceva din onoare. C\u0103 nici dl Mitic\u0103 n-are putere s\u0103 v-o repereze ??<\/p>\n","protected":false},"excerpt":{"rendered":"<p>La PNL Giurgiu nu c\u0103 s-a rupt lan\u021bul de iubire, ci s-a de\u0219irat complet, r\u0103m\u00e2n\u00e2nd, a\u0219a, dac\u0103 vre\u021bi, o br\u0103\u021b\u0103ric\u0103 firav\u0103. Cine s-o mai poarte cu m\u00e2ndrie? Motreanu? Nici g\u00e2nd. Beianu? Nici at\u00e2t ?Surse din (ce a mai r\u0103mas din) PNL Giurgiu ne-au informat c\u0103, seara trecut\u0103, a avut loc o \u0219edin\u021b\u0103 cu primarii, la [&hellip;]<\/p>\n","protected":false},"author":1,"featured_media":81337,"comment_status":"open","ping_status":"open","sticky":false,"template":"","format":"standard","meta":{"slim_seo":{"title":"SURSE: Ce-a mai r\u0103mas din \"echipa c\u00e2\u0219tig\u0103toare\" PNL Giurgiu? Or mai fi vreo 2... \u0219i un sfert - GIURGIU NET","description":"La PNL Giurgiu nu c\u0103 s-a rupt lan\u021bul de iubire, ci s-a de\u0219irat complet, r\u0103m\u00e2n\u00e2nd, a\u0219a, dac\u0103 vre\u021bi, o br\u0103\u021b\u0103ric\u0103 firav\u0103. Cine s-o mai poarte cu m\u00e2ndrie? Motreanu?"},"footnotes":""},"categories":[18,25],"tags":[],"class_list":{"0":"post-81336","1":"post","2":"type-post","3":"status-publish","4":"format-standard","5":"has-post-thumbnail","7":"category-actual","8":"category-pol"},"_links":{"self":[{"href":"https:\/\/giurgiu-net.ro\/index.php\/wp-json\/wp\/v2\/posts\/81336","targetHints":{"allow":["GET"]}}],"collection":[{"href":"https:\/\/giurgiu-net.ro\/index.php\/wp-json\/wp\/v2\/posts"}],"about":[{"href":"https:\/\/giurgiu-net.ro\/index.php\/wp-json\/wp\/v2\/types\/post"}],"author":[{"embeddable":true,"href":"https:\/\/giurgiu-net.ro\/index.php\/wp-json\/wp\/v2\/users\/1"}],"replies":[{"embeddable":true,"href":"https:\/\/giurgiu-net.ro\/index.php\/wp-json\/wp\/v2\/comments?post=81336"}],"version-history":[{"count":0,"href":"https:\/\/giurgiu-net.ro\/index.php\/wp-json\/wp\/v2\/posts\/81336\/revisions"}],"wp:featuredmedia":[{"embeddable":true,"href":"https:\/\/giurgiu-net.ro\/index.php\/wp-json\/wp\/v2\/media\/81337"}],"wp:attachment":[{"href":"https:\/\/giurgiu-net.ro\/index.php\/wp-json\/wp\/v2\/media?parent=81336"}],"wp:term":[{"taxonomy":"category","embeddable":true,"href":"https:\/\/giurgiu-net.ro\/index.php\/wp-json\/wp\/v2\/categories?post=81336"},{"taxonomy":"post_tag","embeddable":true,"href":"https:\/\/giurgiu-net.ro\/index.php\/wp-json\/wp\/v2\/tags?post=81336"}],"curies":[{"name":"wp","href":"https:\/\/api.w.org\/{rel}","templated":true}]}}