{"id":81302,"date":"2022-08-03T18:03:37","date_gmt":"2022-08-03T15:03:37","guid":{"rendered":"https:\/\/giurgiu-net.ro\/?p=81302"},"modified":"2022-08-03T18:03:37","modified_gmt":"2022-08-03T15:03:37","slug":"caz-de-pesta-porcina-in-clejani-ce-masuri-au-luat-autoritatile-citeste-aici","status":"publish","type":"post","link":"https:\/\/giurgiu-net.ro\/index.php\/2022\/08\/03\/caz-de-pesta-porcina-in-clejani-ce-masuri-au-luat-autoritatile-citeste-aici\/","title":{"rendered":"Caz de pest\u0103 porcin\u0103, \u00een Clejani. Ce m\u0103suri au luat autorit\u0103\u0163ile? CITE\u015eTE AICI!"},"content":{"rendered":"\n<p>Direc\u021bia Sanitar\u0103 Veterinar\u0103 \u0219i pentru Siguran\u021ba Alimentelor Giurgiu informeaz\u0103 c\u0103 \u00een comuna Clejani, jude\u0163ul Giurgiu, \u00eentr-o exploata\u0163ie nonprofesional\u0103 a fost confirmat\u0103 pesta porcin\u0103 african\u0103.<\/p>\n\n\n\n<p>&#8222;A fost stabilit\u0103 zona de protec\u021bie \u0219i zona de supraveghere raportat\u0103 din punctul de diagnosticare a focarului, dup\u0103 cum urmeaz\u0103:<\/p>\n\n\n\n<p>&#8211; o zon\u0103 de protec\u021bie \u00een jurul focarului, de minim 3 km, pe raza localit\u0103\u021bilor: Vadu Lat, Sterea, Podu Doamnei, Clejani;<\/p>\n\n\n\n<p>&#8211; o zon\u0103 de supraveghere \u00een jurul focarului, de minim 10 km, care include \u0219i zona de protec\u021bie, pe raza localit\u0103\u021bilor: Milcov\u0103\u021bu, Letca Nou\u0103, Bulbucata, Tei\u0219ori, Neajlovu, Podu Ilfov\u0103\u021bului, P\u0103dureni, Zorile, Hobaia, Podi\u0219or, Buc\u0219ani, Dealu, Uie\u0219ti, Goleasca, Obedeni, Anghele\u0219ti din jude\u021bul Giurgiu \u0219i Co\u0219oaia, Mereni din jude\u021bul Teleorman.<\/p>\n\n\n\n<p>Mi\u015fcarea animalelor din zonele de protec\u0163ie \u0219i supraveghere este restric\u0163ionat\u0103 astfel: deplasarea \u015fi transportul porcilor pe drumuri publice sau private sunt interzise, cu excep\u0163ia cazului \u00een care sunt avizate de autoritatea veterinar\u0103 local\u0103. Aceast\u0103 interdic\u0163ie nu trebuie aplicat\u0103 tranzitului porcilor pe \u015fosea sau pe calea ferat\u0103 dac\u0103 tranzitul se face f\u0103r\u0103 desc\u0103rcare sau oprire; poate fi acordat\u0103 o derogare \u00een cazul porcilor destina\u0163i t\u0103ierii, care provin din exteriorul zonei de protec\u0163ie \u015fi se \u00eendreapt\u0103 spre un abator situat \u00een zona men\u0163ionat\u0103 anterior pentru t\u0103iere imediat\u0103.<\/p>\n\n\n\n<p>\u00cen zona de protec\u021bie, nici un animal domestic nu poate intra sau p\u0103r\u0103si o exploata\u0163ie f\u0103r\u0103 autorizarea autorit\u0103\u0163ii veterinare locale.<\/p>\n\n\n\n<p>\u00cen zona de supraveghere, nici un animal domestic nu poate intra sau ie\u015fi dintr-o exploata\u0163ie \u00een cursul primelor \u015fapte zile f\u0103r\u0103 autorizarea autorit\u0103\u0163ii veterinare locale.<\/p>\n\n\n\n<p>\u00cen jude\u021bul Giurgiu, la data de 03.08.2022 sunt active:<\/p>\n\n\n\n<p><a>1 focar de PPA la porc domestic, \u00een exploata\u021bie nonprofesional\u0103 (Clejani);<\/a><\/p>\n\n\n\n<p>108 de cazuri de P.P.A. la porcii mistre\u021bi \u00een 17 fonduri de v\u00e2n\u0103toare (228 mor\u021bi \u0219i 111 v\u00e2na\u021bi\/uci\u0219i).<\/p>\n\n\n\n<p>Orice suspiciune de boal\u0103 trebuie anun\u0163at\u0103 imediat medicului veterinar, DSVSA Giurgiu sau autorit\u0103\u0163ilor locale.<\/p>\n\n\n\n<p>ESTE INTERZIS\u0102 COMERCIALIZAREA, \u00ceNSTR\u0102INAREA SAU MI\u0218CAREA SUB ORICE FORM\u0102 A PORCILOR VII, A C\u0102RNII \u0218I PRODUSELOR DIN CARNE DE PORC PROVENITE DIN ZONELE DE RESTRIC\u021aIE, CA URMARE A EVOLU\u021aIEI VIRUSULUI PESTEI PORCINE AFRICANE (PPA).<\/p>\n\n\n\n<p>Achizi\u021bionarea de suine de la persoane necunoscute, f\u0103r\u0103 documente sanitare veterinare, reprezint\u0103 un risc major de extindere a Pestei Porcine Africane, \u00een acest caz proprietarii de animale &nbsp;put\u00e2nd fi sanc\u021biona\u021bi contraven\u021bional, fapt ce duce, implicit, la neacordarea desp\u0103gubirilor cuvenite, \u00een cazul apari\u021biei bolii.<\/p>\n\n\n\n<p>Subliniem faptul c\u0103 f\u0103r\u0103 sprijinul \u0219i \u00een\u021belegerea cet\u0103\u021benilor, \u00een special a cresc\u0103torilor de porci, apari\u021bia unor noi focare de boal\u0103 nu poate fi stopat\u0103, fapt ce va duce la pagube economice importante at\u00e2t \u00een sectorul industrial c\u00e2t \u0219i \u00een cel gospod\u0103resc.<\/p>\n\n\n\n<p>Facem precizarea c\u0103 pesta porcin\u0103 african\u0103 nu afecteaz\u0103 oamenii, neexist\u00e2nd nici cel mai mic risc de \u00eemboln\u0103vire pentru oameni, acest virus av\u00e2nd \u00eens\u0103 impact la nivel social \u0219i economic&#8221;- comunicat de pres\u0103 DSVSA Giurgiu<\/p>\n","protected":false},"excerpt":{"rendered":"<p>Direc\u021bia Sanitar\u0103 Veterinar\u0103 \u0219i pentru Siguran\u021ba Alimentelor Giurgiu informeaz\u0103 c\u0103 \u00een comuna Clejani, jude\u0163ul Giurgiu, \u00eentr-o exploata\u0163ie nonprofesional\u0103 a fost confirmat\u0103 pesta porcin\u0103 african\u0103. &#8222;A fost stabilit\u0103 zona de protec\u021bie \u0219i zona de supraveghere raportat\u0103 din punctul de diagnosticare a focarului, dup\u0103 cum urmeaz\u0103: &#8211; o zon\u0103 de protec\u021bie \u00een jurul focarului, de minim 3 [&hellip;]<\/p>\n","protected":false},"author":1,"featured_media":62304,"comment_status":"open","ping_status":"open","sticky":false,"template":"","format":"standard","meta":{"slim_seo":{"title":"Caz de pest\u0103 porcin\u0103, \u00een Clejani. Ce m\u0103suri au luat autorit\u0103\u0163ile? CITE\u015eTE AICI! - GIURGIU NET","description":"Direc\u021bia Sanitar\u0103 Veterinar\u0103 \u0219i pentru Siguran\u021ba Alimentelor Giurgiu informeaz\u0103 c\u0103 \u00een comuna Clejani, jude\u0163ul Giurgiu, \u00eentr-o exploata\u0163ie nonprofesional\u0103 a fost"},"footnotes":""},"categories":[18,26],"tags":[1979],"class_list":{"0":"post-81302","1":"post","2":"type-post","3":"status-publish","4":"format-standard","5":"has-post-thumbnail","7":"category-actual","8":"category-soc","9":"tag-pesta-porcina-2"},"_links":{"self":[{"href":"https:\/\/giurgiu-net.ro\/index.php\/wp-json\/wp\/v2\/posts\/81302","targetHints":{"allow":["GET"]}}],"collection":[{"href":"https:\/\/giurgiu-net.ro\/index.php\/wp-json\/wp\/v2\/posts"}],"about":[{"href":"https:\/\/giurgiu-net.ro\/index.php\/wp-json\/wp\/v2\/types\/post"}],"author":[{"embeddable":true,"href":"https:\/\/giurgiu-net.ro\/index.php\/wp-json\/wp\/v2\/users\/1"}],"replies":[{"embeddable":true,"href":"https:\/\/giurgiu-net.ro\/index.php\/wp-json\/wp\/v2\/comments?post=81302"}],"version-history":[{"count":0,"href":"https:\/\/giurgiu-net.ro\/index.php\/wp-json\/wp\/v2\/posts\/81302\/revisions"}],"wp:featuredmedia":[{"embeddable":true,"href":"https:\/\/giurgiu-net.ro\/index.php\/wp-json\/wp\/v2\/media\/62304"}],"wp:attachment":[{"href":"https:\/\/giurgiu-net.ro\/index.php\/wp-json\/wp\/v2\/media?parent=81302"}],"wp:term":[{"taxonomy":"category","embeddable":true,"href":"https:\/\/giurgiu-net.ro\/index.php\/wp-json\/wp\/v2\/categories?post=81302"},{"taxonomy":"post_tag","embeddable":true,"href":"https:\/\/giurgiu-net.ro\/index.php\/wp-json\/wp\/v2\/tags?post=81302"}],"curies":[{"name":"wp","href":"https:\/\/api.w.org\/{rel}","templated":true}]}}