{"id":81296,"date":"2022-08-02T11:08:34","date_gmt":"2022-08-02T08:08:34","guid":{"rendered":"https:\/\/giurgiu-net.ro\/?p=81296"},"modified":"2022-08-02T11:08:34","modified_gmt":"2022-08-02T08:08:34","slug":"aproape-660-de-giurgiuveni-izolati-la-domiciliu-din-cauza-covid-19","status":"publish","type":"post","link":"https:\/\/giurgiu-net.ro\/index.php\/2022\/08\/02\/aproape-660-de-giurgiuveni-izolati-la-domiciliu-din-cauza-covid-19\/","title":{"rendered":"Aproape 660 de giurgiuveni, izola\u0163i la domiciliu din cauza COVID 19"},"content":{"rendered":"\n<p>La data de 01 august a.c., la nivelul jude\u021bului Giurgiu, situa\u021bia epidemiologic\u0103 generat\u0103 de pandemia de COVID-19 se prezint\u0103 dup\u0103 cum urmeaz\u0103:<br \/>\u2022 cazuri confirmate pozitiv de la \u00eenceputul pandemiei \u2013 30.094 (dintre care 45 \u00een ultimele 24 de ore);<br \/>\u2022 cazuri vindecate \u0219i externate de la \u00eenceputul pandemiei \u2013 24.675;<br \/>\u2022 persoane aflate \u00een izolare institu\u021bionalizat\u0103 (spitalizate) \u00een prezent \u2013 23; 0 persoane internate la ATI;<br \/>\u2022 persoane aflate \u00een izolare la domiciliu \u00een prezent \u2013 659;<br \/>\u2022 persoane decedate de la \u00eenceputul pandemiei &#8211; 532.<br \/>\u00cen ultimele 24 de ore au fost efectuate 47 de test\u0103ri RT-PCR.<br \/>Num\u0103rul men\u0163ionat al test\u0103rilor reprezint\u0103 recolt\u0103rile efectuate exclusiv \u00een centrele de pe raza jude\u0163ului Giurgiu.<br \/>Totodat\u0103, num\u0103rul men\u021bionat al persoanelor confirmate pozitiv \u00een ultimele 24 de ore poate include \u0219i rezultatele pozitive ale testelor efectuate \u00een zilele anterioare.<br \/>La data de 01.08.2022, inciden\u021ba este 2,98 \/1.000 de locuitori la nivel de jude\u021b, iar la nivelul municipiului Giurgiu 5,38 \/1.000 de locuitori.<\/p>\n\n\n\n<ul class=\"wp-block-list\"><li>Datele \u00eenscrise \u00een prezentul comunicat de pres\u0103 sunt din situa\u021biile oficiale, \u00eentocmite \u0219i transmise de institu\u021biile competente.<\/li><\/ul>\n\n\n\n<p>Biroul de Pres\u0103 al Institu\u021biei Prefectului \u2013 jude\u021bul Giurgiu<\/p>\n\n\n\n<p>Surs\u0103 foto: Digi24<\/p>\n","protected":false},"excerpt":{"rendered":"<p>La data de 01 august a.c., la nivelul jude\u021bului Giurgiu, situa\u021bia epidemiologic\u0103 generat\u0103 de pandemia de COVID-19 se prezint\u0103 dup\u0103 cum urmeaz\u0103:\u2022 cazuri confirmate pozitiv de la \u00eenceputul pandemiei \u2013 30.094 (dintre care 45 \u00een ultimele 24 de ore);\u2022 cazuri vindecate \u0219i externate de la \u00eenceputul pandemiei \u2013 24.675;\u2022 persoane aflate \u00een izolare institu\u021bionalizat\u0103 (spitalizate) [&hellip;]<\/p>\n","protected":false},"author":1,"featured_media":81297,"comment_status":"open","ping_status":"open","sticky":false,"template":"","format":"standard","meta":{"slim_seo":{"title":"Aproape 660 de giurgiuveni, izola\u0163i la domiciliu din cauza COVID 19 - GIURGIU NET","description":"La data de 01 august a.c., la nivelul jude\u021bului Giurgiu, situa\u021bia epidemiologic\u0103 generat\u0103 de pandemia de COVID-19 se prezint\u0103 dup\u0103 cum urmeaz\u0103: \u2022 cazuri confirm"},"footnotes":""},"categories":[18,26],"tags":[],"class_list":{"0":"post-81296","1":"post","2":"type-post","3":"status-publish","4":"format-standard","5":"has-post-thumbnail","7":"category-actual","8":"category-soc"},"_links":{"self":[{"href":"https:\/\/giurgiu-net.ro\/index.php\/wp-json\/wp\/v2\/posts\/81296","targetHints":{"allow":["GET"]}}],"collection":[{"href":"https:\/\/giurgiu-net.ro\/index.php\/wp-json\/wp\/v2\/posts"}],"about":[{"href":"https:\/\/giurgiu-net.ro\/index.php\/wp-json\/wp\/v2\/types\/post"}],"author":[{"embeddable":true,"href":"https:\/\/giurgiu-net.ro\/index.php\/wp-json\/wp\/v2\/users\/1"}],"replies":[{"embeddable":true,"href":"https:\/\/giurgiu-net.ro\/index.php\/wp-json\/wp\/v2\/comments?post=81296"}],"version-history":[{"count":0,"href":"https:\/\/giurgiu-net.ro\/index.php\/wp-json\/wp\/v2\/posts\/81296\/revisions"}],"wp:featuredmedia":[{"embeddable":true,"href":"https:\/\/giurgiu-net.ro\/index.php\/wp-json\/wp\/v2\/media\/81297"}],"wp:attachment":[{"href":"https:\/\/giurgiu-net.ro\/index.php\/wp-json\/wp\/v2\/media?parent=81296"}],"wp:term":[{"taxonomy":"category","embeddable":true,"href":"https:\/\/giurgiu-net.ro\/index.php\/wp-json\/wp\/v2\/categories?post=81296"},{"taxonomy":"post_tag","embeddable":true,"href":"https:\/\/giurgiu-net.ro\/index.php\/wp-json\/wp\/v2\/tags?post=81296"}],"curies":[{"name":"wp","href":"https:\/\/api.w.org\/{rel}","templated":true}]}}