{"id":81292,"date":"2022-08-01T12:00:23","date_gmt":"2022-08-01T09:00:23","guid":{"rendered":"https:\/\/giurgiu-net.ro\/?p=81292"},"modified":"2022-08-01T12:00:23","modified_gmt":"2022-08-01T09:00:23","slug":"giurgiu-a-furat-o-autoutilitara-in-plina-zi-din-fata-unui-bloc-hotul-prins-dupa-20-de-zile-in-ilfov","status":"publish","type":"post","link":"https:\/\/giurgiu-net.ro\/index.php\/2022\/08\/01\/giurgiu-a-furat-o-autoutilitara-in-plina-zi-din-fata-unui-bloc-hotul-prins-dupa-20-de-zile-in-ilfov\/","title":{"rendered":"GIURGIU: A furat o autoutilitara \u00een plin\u0103 zi, din fa\u0163a unui bloc. Ho\u0163ul, prins dup\u0103 20 de zile"},"content":{"rendered":"\n<p>Poli\u0163ia Giurgiu anun\u0163\u0103 c\u0103 pe 10 iulie a fost sesizat\u0103 de un giurgiuvean care a reclamat faptul c\u0103 i-a fost furat\u0103 autoutilitara, din municipiu, dintr-o parcare adiancent\u0103 unui bloc. S-a \u00eent\u00e2mplat pe strada Negru Vod\u0103.<\/p>\n\n\n\n<p>\u201cDin primele cercet\u0103ri, a reie\u0219it faptul c\u0103, \u00een ziua de 9 iulie a.c., ora 15.00, autoutilitara a fost l\u0103sat\u0103 \u00een parcarea adiacent\u0103 a unui bloc, situat pe strada Negru Vod\u0103, av\u00e2nd portierele neasigurate \u0219i cheia \u00een interior, iar a doua zi, persoana v\u0103t\u0103mat\u0103 a constatat lipsa acesteia, cauz\u00e2nd un prejudiciu de 12.000 de euro\u201d, transmite Poli\u0163ia Giurgiu.<\/p>\n\n\n\n<p>Conform sursei citate, autoutilitara a fost g\u0103sit\u0103 pe raza jude\u021bul Ilfov \u0219i predat\u0103 persoanei v\u0103t\u0103mate. \u201c \u00cen data de 30 iulie a.c., a fost identificat\u0103 persoana b\u0103nuit\u0103 de s\u0103v\u00e2r\u0219irea infrac\u021biunilor de furt calificat \u0219i conducerea unui vehicul f\u0103r\u0103 a poseda permis de conducere, ca fiind un b\u0103rbat,&nbsp; de 32 de ani, din municipiul Bucure\u0219ti. Pe baza probatoriului administrat sub coordonarea procurorului din cadrul Parchetului de pe l\u00e2ng\u0103 Judec\u0103toria Giurgiu, la data de 30 iulie a.c., acesta a fost re\u021binut pentru 24 de ore \u0219i introdus \u00een Centrul de Re\u021binere \u0219i Arestare Preventiv\u0103 Giurgiu\u201d, mai anun\u0163\u0103 Poli\u0163ia Giurgiu.<\/p>\n\n\n\n<p>Foto cu caracter ilustrativ Surs\u0103: gadget.ro<\/p>\n","protected":false},"excerpt":{"rendered":"<p>Poli\u0163ia Giurgiu anun\u0163\u0103 c\u0103 pe 10 iulie a fost sesizat\u0103 de un giurgiuvean care a reclamat faptul c\u0103 i-a fost furat\u0103 autoutilitara, din municipiu, dintr-o parcare adiancent\u0103 unui bloc. S-a \u00eent\u00e2mplat pe strada Negru Vod\u0103. \u201cDin primele cercet\u0103ri, a reie\u0219it faptul c\u0103, \u00een ziua de 9 iulie a.c., ora 15.00, autoutilitara a fost l\u0103sat\u0103 \u00een [&hellip;]<\/p>\n","protected":false},"author":1,"featured_media":81293,"comment_status":"open","ping_status":"open","sticky":false,"template":"","format":"standard","meta":{"slim_seo":{"title":"GIURGIU: A furat o autoutilitara \u00een plin\u0103 zi, din fa\u0163a unui bloc. Ho\u0163ul, prins dup\u0103 20 de zile - GIURGIU NET","description":"Poli\u0163ia Giurgiu anun\u0163\u0103 c\u0103 pe 10 iulie a fost sesizat\u0103 de un giurgiuvean care a reclamat faptul c\u0103 i-a fost furat\u0103 autoutilitara, din municipiu, dintr-o parcare"},"footnotes":""},"categories":[18,26],"tags":[1175],"class_list":{"0":"post-81292","1":"post","2":"type-post","3":"status-publish","4":"format-standard","5":"has-post-thumbnail","7":"category-actual","8":"category-soc","9":"tag-furt-masina"},"_links":{"self":[{"href":"https:\/\/giurgiu-net.ro\/index.php\/wp-json\/wp\/v2\/posts\/81292","targetHints":{"allow":["GET"]}}],"collection":[{"href":"https:\/\/giurgiu-net.ro\/index.php\/wp-json\/wp\/v2\/posts"}],"about":[{"href":"https:\/\/giurgiu-net.ro\/index.php\/wp-json\/wp\/v2\/types\/post"}],"author":[{"embeddable":true,"href":"https:\/\/giurgiu-net.ro\/index.php\/wp-json\/wp\/v2\/users\/1"}],"replies":[{"embeddable":true,"href":"https:\/\/giurgiu-net.ro\/index.php\/wp-json\/wp\/v2\/comments?post=81292"}],"version-history":[{"count":0,"href":"https:\/\/giurgiu-net.ro\/index.php\/wp-json\/wp\/v2\/posts\/81292\/revisions"}],"wp:featuredmedia":[{"embeddable":true,"href":"https:\/\/giurgiu-net.ro\/index.php\/wp-json\/wp\/v2\/media\/81293"}],"wp:attachment":[{"href":"https:\/\/giurgiu-net.ro\/index.php\/wp-json\/wp\/v2\/media?parent=81292"}],"wp:term":[{"taxonomy":"category","embeddable":true,"href":"https:\/\/giurgiu-net.ro\/index.php\/wp-json\/wp\/v2\/categories?post=81292"},{"taxonomy":"post_tag","embeddable":true,"href":"https:\/\/giurgiu-net.ro\/index.php\/wp-json\/wp\/v2\/tags?post=81292"}],"curies":[{"name":"wp","href":"https:\/\/api.w.org\/{rel}","templated":true}]}}