{"id":81285,"date":"2022-07-29T14:28:25","date_gmt":"2022-07-29T11:28:25","guid":{"rendered":"https:\/\/giurgiu-net.ro\/?p=81285"},"modified":"2022-07-29T14:28:25","modified_gmt":"2022-07-29T11:28:25","slug":"deputat-marian-mina-o-noua-veste-buna-pentru-fermierii-din-romania","status":"publish","type":"post","link":"https:\/\/giurgiu-net.ro\/index.php\/2022\/07\/29\/deputat-marian-mina-o-noua-veste-buna-pentru-fermierii-din-romania\/","title":{"rendered":"Deputat Marian Mina: &#8222;O nou\u0103 veste bun\u0103 pentru fermierii din Rom\u00e2nia!&#8221;"},"content":{"rendered":"\n<p>&#8222;O nou\u0103 veste bun\u0103 pentru fermierii din <a href=\"https:\/\/www.facebook.com\/hashtag\/rom%C3%A2nia?__eep__=6&amp;__cft__[0]=AZW-paO5uGINx6igLuB_BNmNsqiIllo6P44t-jVIazIgwHvTbiRoDej6O2hWYKVaVD_WOnErSYt0IN8IeEGeqo-ae4n_sbtDN434jHR9vuAUqTmaaJDIdCBJLILg9ONzBUDoDJPVe7GBnCHiCPpLNaKeg7q5ySOiDsS7tA_Qf3dh4A&amp;__tn__=*NK-R\">#Rom\u00e2nia<\/a>!<\/p>\n\n\n\n<p><img loading=\"lazy\" decoding=\"async\" height=\"16\" width=\"16\" alt=\"\u2714\ufe0f\" src=\"https:\/\/static.xx.fbcdn.net\/images\/emoji.php\/v9\/td8\/1.5\/16\/2714.png\"\/>Ministerul Agriculturii, condus de social-democratul Petre Daea, lanseaz\u0103 \u00eenc\u0103 un program de ajutor excep\u0163ional, de aceast\u0103 dat\u0103 pentru cresc\u0103torii de p\u0103s\u0103ri sau porci, autoriza\u0163i sanitar-veterinar.<\/p>\n\n\n\n<p>Astfel, 26 de milioane de euro, din care jum\u0103tate din fonduri europene nerambursabile, sunt destinate sus\u021binerii fermierilor cu scopul explicit de a cre\u0219te puternic num\u0103rul porcilor \u0219i al p\u0103s\u0103rilor.<\/p>\n\n\n\n<p><img loading=\"lazy\" decoding=\"async\" height=\"16\" width=\"16\" alt=\"\u25fe\ufe0f\" src=\"https:\/\/static.xx.fbcdn.net\/images\/emoji.php\/v9\/tf2\/1.5\/16\/25fe.png\"\/> Vorbim despre o m\u0103sur\u0103 menit\u0103 s\u0103 aduc\u0103 pe pia\u021ba rom\u00e2neasc\u0103 na\u021bional\u0103 mai mult\u0103 carne de porc \u0219i pas\u0103re din produc\u021bie autohton\u0103 \u0219i astfel s\u0103 se reduc\u0103 importurile \u0219i implicit deficitul comercial<\/p>\n\n\n\n<p><img loading=\"lazy\" decoding=\"async\" height=\"16\" width=\"16\" alt=\"\u25fe\ufe0f\" src=\"https:\/\/static.xx.fbcdn.net\/images\/emoji.php\/v9\/tf2\/1.5\/16\/25fe.png\"\/> Valoarea total\u0103 a schemelor de ajutor excep\u021bional \u00een sectorul zootehnic este repartizat\u0103 astfel:<\/p>\n\n\n\n<p>a) 71.759.050 lei, echivalentul sumei de 14.500.000 euro, pentru sectorul suine;<\/p>\n\n\n\n<p>b) 57.407.240 lei, echivalentul sumei de 11.600.000 euro, pentru sectorul avicol.<\/p>\n\n\n\n<p><img loading=\"lazy\" decoding=\"async\" height=\"16\" width=\"16\" alt=\"\u2714\ufe0f\" src=\"https:\/\/static.xx.fbcdn.net\/images\/emoji.php\/v9\/td8\/1.5\/16\/2714.png\"\/> Ajutorul excep\u021bional vizeaz\u0103 circa 250 poten\u021biali beneficiari \u00een sectorul suin \u0219i circa 310 beneficiari \u00een sectorul avicol. Plata ajutoarelor excep\u021bionale trebuie s\u0103 se efectueze p\u00e2n\u0103 la data de 30 septembrie 2022.<\/p>\n\n\n\n<p>Proiectul poate fi consultat aici: <a rel=\"noreferrer noopener\" href=\"https:\/\/www.madr.ro\/proiecte-de-acte-normative.html?fbclid=IwAR0FjjvGP86W9v9yXOtCJH4-cwFQOtEF1Nqk4Kq_jpCibiXqdAZDO7QUKq4\" target=\"_blank\">https:\/\/www.madr.ro\/proiecte-de-acte-normative.html<\/a>&#8222;- pre\u015fedinte PSD Giurgiu, deputat Marian Mina.<\/p>\n","protected":false},"excerpt":{"rendered":"<p>&#8222;O nou\u0103 veste bun\u0103 pentru fermierii din #Rom\u00e2nia! Ministerul Agriculturii, condus de social-democratul Petre Daea, lanseaz\u0103 \u00eenc\u0103 un program de ajutor excep\u0163ional, de aceast\u0103 dat\u0103 pentru cresc\u0103torii de p\u0103s\u0103ri sau porci, autoriza\u0163i sanitar-veterinar. Astfel, 26 de milioane de euro, din care jum\u0103tate din fonduri europene nerambursabile, sunt destinate sus\u021binerii fermierilor cu scopul explicit de a [&hellip;]<\/p>\n","protected":false},"author":1,"featured_media":81135,"comment_status":"open","ping_status":"open","sticky":false,"template":"","format":"standard","meta":{"slim_seo":{"title":"Deputat Marian Mina: \"O nou\u0103 veste bun\u0103 pentru fermierii din Rom\u00e2nia!\" - GIURGIU NET","description":"\"O nou\u0103 veste bun\u0103 pentru fermierii din #Rom\u00e2nia ! Ministerul Agriculturii, condus de social-democratul Petre Daea, lanseaz\u0103 \u00eenc\u0103 un program de ajutor excep\u0163ion"},"footnotes":""},"categories":[18,19,25],"tags":[1626],"class_list":{"0":"post-81285","1":"post","2":"type-post","3":"status-publish","4":"format-standard","5":"has-post-thumbnail","7":"category-actual","8":"category-adm","9":"category-pol","10":"tag-marian-mina"},"_links":{"self":[{"href":"https:\/\/giurgiu-net.ro\/index.php\/wp-json\/wp\/v2\/posts\/81285","targetHints":{"allow":["GET"]}}],"collection":[{"href":"https:\/\/giurgiu-net.ro\/index.php\/wp-json\/wp\/v2\/posts"}],"about":[{"href":"https:\/\/giurgiu-net.ro\/index.php\/wp-json\/wp\/v2\/types\/post"}],"author":[{"embeddable":true,"href":"https:\/\/giurgiu-net.ro\/index.php\/wp-json\/wp\/v2\/users\/1"}],"replies":[{"embeddable":true,"href":"https:\/\/giurgiu-net.ro\/index.php\/wp-json\/wp\/v2\/comments?post=81285"}],"version-history":[{"count":0,"href":"https:\/\/giurgiu-net.ro\/index.php\/wp-json\/wp\/v2\/posts\/81285\/revisions"}],"wp:featuredmedia":[{"embeddable":true,"href":"https:\/\/giurgiu-net.ro\/index.php\/wp-json\/wp\/v2\/media\/81135"}],"wp:attachment":[{"href":"https:\/\/giurgiu-net.ro\/index.php\/wp-json\/wp\/v2\/media?parent=81285"}],"wp:term":[{"taxonomy":"category","embeddable":true,"href":"https:\/\/giurgiu-net.ro\/index.php\/wp-json\/wp\/v2\/categories?post=81285"},{"taxonomy":"post_tag","embeddable":true,"href":"https:\/\/giurgiu-net.ro\/index.php\/wp-json\/wp\/v2\/tags?post=81285"}],"curies":[{"name":"wp","href":"https:\/\/api.w.org\/{rel}","templated":true}]}}