{"id":81263,"date":"2022-07-28T10:25:13","date_gmt":"2022-07-28T07:25:13","guid":{"rendered":"https:\/\/giurgiu-net.ro\/?p=81263"},"modified":"2022-07-28T10:25:13","modified_gmt":"2022-07-28T07:25:13","slug":"mesajul-deputatului-cristina-elena-dinu-cu-ocazie-zilei-ambulantei-din-romania","status":"publish","type":"post","link":"https:\/\/giurgiu-net.ro\/index.php\/2022\/07\/28\/mesajul-deputatului-cristina-elena-dinu-cu-ocazie-zilei-ambulantei-din-romania\/","title":{"rendered":"Mesajul deputatului Cristina Elena Dinu, cu ocazie Zilei Ambulan\u0163ei din Rom\u00e2nia"},"content":{"rendered":"\n<p>&#8222;\u00centr-o <a href=\"https:\/\/www.facebook.com\/hashtag\/urgen%C5%A3%C4%83?__eep__=6&amp;__cft__[0]=AZXQ6MuKwU-CKvowFcN5YJ2T861IQgYHZhFKJp7eQovSk27TD-8ZbYRpz8OXtxnCnHgwY7-90uUQuP3OfY2NQMCY3y6bCGXR6LV1Y-pR8lSKR7JbF6Puh9_Bo8CI9ueK5L_Xk8nnoGK--hpC7O5a3i7Q--pv53qN8neMJ1o1MxNbGA&amp;__tn__=*NK-R\">#urgen\u0163\u0103<\/a> medical\u0103, atunci c\u00e2nd lupta se d\u0103 pe via\u0163\u0103 \u015fi pe moarte \u015fi fiecare secund\u0103 conteaz\u0103, sunte\u0163i primii care trebuie s\u0103 intervin\u0103 rapid \u015fi cu profesionalism.<\/p>\n\n\n\n<p>Sunte\u0163i, f\u0103r\u0103 \u00eendoial\u0103, <a href=\"https:\/\/www.facebook.com\/hashtag\/eroii?__eep__=6&amp;__cft__[0]=AZXQ6MuKwU-CKvowFcN5YJ2T861IQgYHZhFKJp7eQovSk27TD-8ZbYRpz8OXtxnCnHgwY7-90uUQuP3OfY2NQMCY3y6bCGXR6LV1Y-pR8lSKR7JbF6Puh9_Bo8CI9ueK5L_Xk8nnoGK--hpC7O5a3i7Q--pv53qN8neMJ1o1MxNbGA&amp;__tn__=*NK-R\">#eroii<\/a> fiec\u0103rui om pe care l-a\u0163i salvat de la moarte.<\/p>\n\n\n\n<p>V\u0103 suntem recunosc\u0103tori pentru toate misiunile de succes \u0219i pentru c\u0103 v\u0103 pune\u0163i d\u0103ruirea \u015fi priciperea \u00een slujba semenilor.<\/p>\n\n\n\n<p>Ast\u0103zi, cu ocazia <a href=\"https:\/\/www.facebook.com\/hashtag\/zilei?__eep__=6&amp;__cft__[0]=AZXQ6MuKwU-CKvowFcN5YJ2T861IQgYHZhFKJp7eQovSk27TD-8ZbYRpz8OXtxnCnHgwY7-90uUQuP3OfY2NQMCY3y6bCGXR6LV1Y-pR8lSKR7JbF6Puh9_Bo8CI9ueK5L_Xk8nnoGK--hpC7O5a3i7Q--pv53qN8neMJ1o1MxNbGA&amp;__tn__=*NK-R\">#Zilei<\/a> Na\u0163ionale a Ambulan\u0163ei din Rom\u00e2nia, urez colegilor din Serviciul de Ambulan\u0163\u0103 Giurgiu si din \u00eentreaga \u021bar\u0103<\/p>\n\n\n\n<p><a href=\"https:\/\/www.facebook.com\/hashtag\/la_mul%C5%A3i_ani?__eep__=6&amp;__cft__[0]=AZXQ6MuKwU-CKvowFcN5YJ2T861IQgYHZhFKJp7eQovSk27TD-8ZbYRpz8OXtxnCnHgwY7-90uUQuP3OfY2NQMCY3y6bCGXR6LV1Y-pR8lSKR7JbF6Puh9_Bo8CI9ueK5L_Xk8nnoGK--hpC7O5a3i7Q--pv53qN8neMJ1o1MxNbGA&amp;__tn__=*NK-R\">#La_Mul\u0163i_Ani<\/a> cu s\u0103n\u0103tate, \u00eempliniri \u015fi doar misiuni \u00eencununate cu succes!&#8221;- pre\u015fedintele OFSD Giurgiu, deputat Cristina Elena Dinu.<\/p>\n","protected":false},"excerpt":{"rendered":"<p>&#8222;\u00centr-o #urgen\u0163\u0103 medical\u0103, atunci c\u00e2nd lupta se d\u0103 pe via\u0163\u0103 \u015fi pe moarte \u015fi fiecare secund\u0103 conteaz\u0103, sunte\u0163i primii care trebuie s\u0103 intervin\u0103 rapid \u015fi cu profesionalism. Sunte\u0163i, f\u0103r\u0103 \u00eendoial\u0103, #eroii fiec\u0103rui om pe care l-a\u0163i salvat de la moarte. V\u0103 suntem recunosc\u0103tori pentru toate misiunile de succes \u0219i pentru c\u0103 v\u0103 pune\u0163i d\u0103ruirea \u015fi [&hellip;]<\/p>\n","protected":false},"author":1,"featured_media":81264,"comment_status":"open","ping_status":"open","sticky":false,"template":"","format":"standard","meta":{"slim_seo":{"title":"Mesajul deputatului Cristina Elena Dinu, cu ocazie Zilei Ambulan\u0163ei din Rom\u00e2nia - GIURGIU NET","description":"\"\u00centr-o #urgen\u0163\u0103 medical\u0103, atunci c\u00e2nd lupta se d\u0103 pe via\u0163\u0103 \u015fi pe moarte \u015fi fiecare secund\u0103 conteaz\u0103, sunte\u0163i primii care trebuie s\u0103 intervin\u0103 rapid \u015fi cu profe"},"footnotes":""},"categories":[18,26],"tags":[1025],"class_list":{"0":"post-81263","1":"post","2":"type-post","3":"status-publish","4":"format-standard","5":"has-post-thumbnail","7":"category-actual","8":"category-soc","9":"tag-elena-dinu"},"_links":{"self":[{"href":"https:\/\/giurgiu-net.ro\/index.php\/wp-json\/wp\/v2\/posts\/81263","targetHints":{"allow":["GET"]}}],"collection":[{"href":"https:\/\/giurgiu-net.ro\/index.php\/wp-json\/wp\/v2\/posts"}],"about":[{"href":"https:\/\/giurgiu-net.ro\/index.php\/wp-json\/wp\/v2\/types\/post"}],"author":[{"embeddable":true,"href":"https:\/\/giurgiu-net.ro\/index.php\/wp-json\/wp\/v2\/users\/1"}],"replies":[{"embeddable":true,"href":"https:\/\/giurgiu-net.ro\/index.php\/wp-json\/wp\/v2\/comments?post=81263"}],"version-history":[{"count":0,"href":"https:\/\/giurgiu-net.ro\/index.php\/wp-json\/wp\/v2\/posts\/81263\/revisions"}],"wp:featuredmedia":[{"embeddable":true,"href":"https:\/\/giurgiu-net.ro\/index.php\/wp-json\/wp\/v2\/media\/81264"}],"wp:attachment":[{"href":"https:\/\/giurgiu-net.ro\/index.php\/wp-json\/wp\/v2\/media?parent=81263"}],"wp:term":[{"taxonomy":"category","embeddable":true,"href":"https:\/\/giurgiu-net.ro\/index.php\/wp-json\/wp\/v2\/categories?post=81263"},{"taxonomy":"post_tag","embeddable":true,"href":"https:\/\/giurgiu-net.ro\/index.php\/wp-json\/wp\/v2\/tags?post=81263"}],"curies":[{"name":"wp","href":"https:\/\/api.w.org\/{rel}","templated":true}]}}