{"id":80252,"date":"2022-05-03T10:14:06","date_gmt":"2022-05-03T07:14:06","guid":{"rendered":"https:\/\/giurgiu-net.ro\/?p=80252"},"modified":"2022-05-03T10:14:06","modified_gmt":"2022-05-03T07:14:06","slug":"deputat-marian-mina-mesaj-de-ziua-tineretului","status":"publish","type":"post","link":"https:\/\/giurgiu-net.ro\/index.php\/2022\/05\/03\/deputat-marian-mina-mesaj-de-ziua-tineretului\/","title":{"rendered":"Deputat Marian Mina, mesaj de Ziua Tineretului"},"content":{"rendered":"\n<p>&#8222;Am spus \u00eentotdeauna: TINERE\u0162EA, \u00een politic\u0103 \u015fi \u00een administra\u0163ie, reprezint\u0103 o CALITATE \u015fi nu un defect, iar eu sunt un sus\u0163in\u0103tor convins al promov\u0103rii tinerilor, \u00een toate domeniile. De altfel, am al\u0103turi de mine, \u00een <a href=\"https:\/\/www.facebook.com\/hashtag\/echipa_psd_giurgiu?__eep__=6&amp;__cft__[0]=AZUuBjfYpYo6bpKW0yMrDSDpl0XsDNlNS-1HSQCrNBbBFFQYQYh3Z84tqKq7Ck1RoH0Zhsyw8gxDYua2dGY6QHGRPfbhLJUontFu63WlnNSoDWDylULvHx_-n9opj6JBtSa1dQEbMVzCA6KAMky7G-X_&amp;__tn__=*NK-R\">#echipa_PSD_Giurgiu<\/a>, tineri excep\u0163ionali c\u0103rora le mul\u0163umesc pentru pricepere, energie, curaj, prietenie, implicare \u015fi sunt foarte m\u00e2ndru de fiecare \u00een parte! <\/p>\n\n\n\n<p>La Mul\u0163i Ani, dragi colegi! La Mul\u0163i Ani tuturor tinerilor din <a href=\"https:\/\/www.facebook.com\/hashtag\/rom%C3%A2nia?__eep__=6&amp;__cft__[0]=AZUuBjfYpYo6bpKW0yMrDSDpl0XsDNlNS-1HSQCrNBbBFFQYQYh3Z84tqKq7Ck1RoH0Zhsyw8gxDYua2dGY6QHGRPfbhLJUontFu63WlnNSoDWDylULvHx_-n9opj6JBtSa1dQEbMVzCA6KAMky7G-X_&amp;__tn__=*NK-R\">#Rom\u00e2nia<\/a>!&#8221;- pre\u015fedinte PSD Giurgiu, deputat Marian Mina.<\/p>\n","protected":false},"excerpt":{"rendered":"<p>&#8222;Am spus \u00eentotdeauna: TINERE\u0162EA, \u00een politic\u0103 \u015fi \u00een administra\u0163ie, reprezint\u0103 o CALITATE \u015fi nu un defect, iar eu sunt un sus\u0163in\u0103tor convins al promov\u0103rii tinerilor, \u00een toate domeniile. De altfel, am al\u0103turi de mine, \u00een #echipa_PSD_Giurgiu, tineri excep\u0163ionali c\u0103rora le mul\u0163umesc pentru pricepere, energie, curaj, prietenie, implicare \u015fi sunt foarte m\u00e2ndru de fiecare \u00een parte! [&hellip;]<\/p>\n","protected":false},"author":1,"featured_media":80253,"comment_status":"open","ping_status":"open","sticky":false,"template":"","format":"standard","meta":{"slim_seo":{"title":"Deputat Marian Mina, mesaj de Ziua Tineretului - GIURGIU NET","description":"\"Am spus \u00eentotdeauna: TINERE\u0162EA, \u00een politic\u0103 \u015fi \u00een administra\u0163ie, reprezint\u0103 o CALITATE \u015fi nu un defect, iar eu sunt un sus\u0163in\u0103tor convins al promov\u0103rii tineril"},"footnotes":""},"categories":[18,26],"tags":[1626],"class_list":{"0":"post-80252","1":"post","2":"type-post","3":"status-publish","4":"format-standard","5":"has-post-thumbnail","7":"category-actual","8":"category-soc","9":"tag-marian-mina"},"_links":{"self":[{"href":"https:\/\/giurgiu-net.ro\/index.php\/wp-json\/wp\/v2\/posts\/80252","targetHints":{"allow":["GET"]}}],"collection":[{"href":"https:\/\/giurgiu-net.ro\/index.php\/wp-json\/wp\/v2\/posts"}],"about":[{"href":"https:\/\/giurgiu-net.ro\/index.php\/wp-json\/wp\/v2\/types\/post"}],"author":[{"embeddable":true,"href":"https:\/\/giurgiu-net.ro\/index.php\/wp-json\/wp\/v2\/users\/1"}],"replies":[{"embeddable":true,"href":"https:\/\/giurgiu-net.ro\/index.php\/wp-json\/wp\/v2\/comments?post=80252"}],"version-history":[{"count":0,"href":"https:\/\/giurgiu-net.ro\/index.php\/wp-json\/wp\/v2\/posts\/80252\/revisions"}],"wp:featuredmedia":[{"embeddable":true,"href":"https:\/\/giurgiu-net.ro\/index.php\/wp-json\/wp\/v2\/media\/80253"}],"wp:attachment":[{"href":"https:\/\/giurgiu-net.ro\/index.php\/wp-json\/wp\/v2\/media?parent=80252"}],"wp:term":[{"taxonomy":"category","embeddable":true,"href":"https:\/\/giurgiu-net.ro\/index.php\/wp-json\/wp\/v2\/categories?post=80252"},{"taxonomy":"post_tag","embeddable":true,"href":"https:\/\/giurgiu-net.ro\/index.php\/wp-json\/wp\/v2\/tags?post=80252"}],"curies":[{"name":"wp","href":"https:\/\/api.w.org\/{rel}","templated":true}]}}