{"id":79782,"date":"2022-03-28T12:02:48","date_gmt":"2022-03-28T09:02:48","guid":{"rendered":"https:\/\/giurgiu-net.ro\/?p=79782"},"modified":"2022-03-28T12:02:48","modified_gmt":"2022-03-28T09:02:48","slug":"giurgiu-vom-avea-chiar-si-25-de-grade-dar-vin-si-ploile","status":"publish","type":"post","link":"https:\/\/giurgiu-net.ro\/index.php\/2022\/03\/28\/giurgiu-vom-avea-chiar-si-25-de-grade-dar-vin-si-ploile\/","title":{"rendered":"GIURGIU: Vom avea chiar \u015fi 25 de grade, dar vin \u015fi ploile"},"content":{"rendered":"\n<p>Vreme de prim\u0103var\u0103, \u015fi la Giurgiu, s\u0103pt\u0103m\u00e2na aceasta. P\u00e2n\u0103 miercuri, potrivit site-urilor de specialitate, nu sunt a\u015fteptate precipita\u0163ii, iar maximele vor fi cuprinse \u00eentre 21 \u015fi 24 de grade Celsius. De joi, \u00eens\u0103, va ploua \u015fi la noi, dar maximele r\u0103m\u00e2n destul de generoase pentru aceast\u0103 perioad\u0103, fiind cuprinse \u00eentre 21 \u015fi 25 de grade. De duminic\u0103, totu\u015fi, acestea vor mai sc\u0103dea, astfel c\u0103 nu vom avea mai mult de 16 grade \u00een termometre.<\/p>\n\n\n\n<p>Minimele vor fi cuprinse \u00eentre 3 \u015fi 15 grade.<\/p>\n\n\n\n<p><\/p>\n\n\n\n<figure class=\"wp-block-image size-full\"><img loading=\"lazy\" decoding=\"async\" width=\"724\" height=\"401\" src=\"https:\/\/giurgiu-net.ro\/wp-content\/uploads\/2022\/03\/vremea-1.jpg\" alt=\"\" class=\"wp-image-79783\" srcset=\"https:\/\/giurgiu-net.ro\/wp-content\/uploads\/2022\/03\/vremea-1.jpg 724w, https:\/\/giurgiu-net.ro\/wp-content\/uploads\/2022\/03\/vremea-1-300x166.jpg 300w, https:\/\/giurgiu-net.ro\/wp-content\/uploads\/2022\/03\/vremea-1-696x385.jpg 696w\" sizes=\"auto, (max-width: 724px) 100vw, 724px\" \/><\/figure>\n","protected":false},"excerpt":{"rendered":"<p>Vreme de prim\u0103var\u0103, \u015fi la Giurgiu, s\u0103pt\u0103m\u00e2na aceasta. P\u00e2n\u0103 miercuri, potrivit site-urilor de specialitate, nu sunt a\u015fteptate precipita\u0163ii, iar maximele vor fi cuprinse \u00eentre 21 \u015fi 24 de grade Celsius. De joi, \u00eens\u0103, va ploua \u015fi la noi, dar maximele r\u0103m\u00e2n destul de generoase pentru aceast\u0103 perioad\u0103, fiind cuprinse \u00eentre 21 \u015fi 25 de grade. [&hellip;]<\/p>\n","protected":false},"author":1,"featured_media":51533,"comment_status":"open","ping_status":"open","sticky":false,"template":"","format":"standard","meta":{"slim_seo":{"title":"GIURGIU: Vom avea chiar \u015fi 25 de grade, dar vin \u015fi ploile - GIURGIU NET","description":"Vreme de prim\u0103var\u0103, \u015fi la Giurgiu, s\u0103pt\u0103m\u00e2na aceasta. P\u00e2n\u0103 miercuri, potrivit site-urilor de specialitate, nu sunt a\u015fteptate precipita\u0163ii, iar maximele vor fi c"},"footnotes":""},"categories":[18,26],"tags":[],"class_list":{"0":"post-79782","1":"post","2":"type-post","3":"status-publish","4":"format-standard","5":"has-post-thumbnail","7":"category-actual","8":"category-soc"},"_links":{"self":[{"href":"https:\/\/giurgiu-net.ro\/index.php\/wp-json\/wp\/v2\/posts\/79782","targetHints":{"allow":["GET"]}}],"collection":[{"href":"https:\/\/giurgiu-net.ro\/index.php\/wp-json\/wp\/v2\/posts"}],"about":[{"href":"https:\/\/giurgiu-net.ro\/index.php\/wp-json\/wp\/v2\/types\/post"}],"author":[{"embeddable":true,"href":"https:\/\/giurgiu-net.ro\/index.php\/wp-json\/wp\/v2\/users\/1"}],"replies":[{"embeddable":true,"href":"https:\/\/giurgiu-net.ro\/index.php\/wp-json\/wp\/v2\/comments?post=79782"}],"version-history":[{"count":0,"href":"https:\/\/giurgiu-net.ro\/index.php\/wp-json\/wp\/v2\/posts\/79782\/revisions"}],"wp:featuredmedia":[{"embeddable":true,"href":"https:\/\/giurgiu-net.ro\/index.php\/wp-json\/wp\/v2\/media\/51533"}],"wp:attachment":[{"href":"https:\/\/giurgiu-net.ro\/index.php\/wp-json\/wp\/v2\/media?parent=79782"}],"wp:term":[{"taxonomy":"category","embeddable":true,"href":"https:\/\/giurgiu-net.ro\/index.php\/wp-json\/wp\/v2\/categories?post=79782"},{"taxonomy":"post_tag","embeddable":true,"href":"https:\/\/giurgiu-net.ro\/index.php\/wp-json\/wp\/v2\/tags?post=79782"}],"curies":[{"name":"wp","href":"https:\/\/api.w.org\/{rel}","templated":true}]}}