{"id":79767,"date":"2022-03-26T15:46:06","date_gmt":"2022-03-26T13:46:06","guid":{"rendered":"https:\/\/giurgiu-net.ro\/?p=79767"},"modified":"2022-03-26T15:46:06","modified_gmt":"2022-03-26T13:46:06","slug":"opinie-ne-au-degivrat-astia-la-giurgiu-de-ne-au-inghetat-apele","status":"publish","type":"post","link":"https:\/\/giurgiu-net.ro\/index.php\/2022\/03\/26\/opinie-ne-au-degivrat-astia-la-giurgiu-de-ne-au-inghetat-apele\/","title":{"rendered":"OPINIE: Ne-au degivrat \u0103\u015ftia, la Giurgiu, de ne-au&#8230; \u00eenghe\u0163at apele!"},"content":{"rendered":"\n<p><em>(Noroc c\u0103 lui Dumnezeu i-a fost mil\u0103 de noi \u015fi ne-a dat, totu\u015fi, cea mai bl\u00e2nd\u0103 iarn\u0103 din ultimii ani)<\/em><\/p>\n\n\n\n<figure class=\"wp-block-image size-full\"><img loading=\"lazy\" decoding=\"async\" width=\"960\" height=\"672\" src=\"https:\/\/giurgiu-net.ro\/wp-content\/uploads\/2022\/03\/277349641_10159563299186405_6031386747261842482_n.jpg\" alt=\"\" class=\"wp-image-79768\" srcset=\"https:\/\/giurgiu-net.ro\/wp-content\/uploads\/2022\/03\/277349641_10159563299186405_6031386747261842482_n.jpg 960w, https:\/\/giurgiu-net.ro\/wp-content\/uploads\/2022\/03\/277349641_10159563299186405_6031386747261842482_n-300x210.jpg 300w, https:\/\/giurgiu-net.ro\/wp-content\/uploads\/2022\/03\/277349641_10159563299186405_6031386747261842482_n-768x538.jpg 768w, https:\/\/giurgiu-net.ro\/wp-content\/uploads\/2022\/03\/277349641_10159563299186405_6031386747261842482_n-696x487.jpg 696w\" sizes=\"auto, (max-width: 960px) 100vw, 960px\" \/><\/figure>\n\n\n\n<p class=\"has-text-align-center\"><em><strong>Pe cuv\u00e2nt, mi se pare c\u0103 articolul (vezi foto de mai sus) a fost scris, de fapt, la maxim\u0103 oha, la un mi\u015fto d-\u0103la greu, cu dedica\u0163ie de la vreun \u201eprieten\u201d PNL-ist de-al primarului Anghelescu, special ca s\u0103-l ajute ni\u0163el s\u0103-\u015fi umple frigiderul de tot. Acum, fiecare cum \u00ee\u015fi a\u015fterne a\u015fa zboar\u0103, pardon, doarme, nu v\u0103 sup\u0103ra\u0163i!<\/strong><\/em><\/p>\n\n\n\n<p>Sigur, dac\u0103 nu cumva a fost, mai \u00eent\u00e2i, un n\u0103valnic exces de zel din partea autorului care arat\u0103: fie c\u0103 iarna asta n-a stat o zi la Giurgiu \u015fi s-a \u00eentors vesel &#8211; c\u00e2nd a dat ghiocelul liberal mai bine -, fie nu s-a \u00eenc\u0103lzit de la CET. Pe l\u00e2ng\u0103 altele, desigur, dar care conteaz\u0103 mai pu\u0163in \u00een contextul dat.<\/p>\n\n\n\n<p>So, s\u0103-i facem pe plac ini\u0163iatorului, zic, de\u015fi b\u0103ie\u0163ii vin la pachet, p\u0103cat c\u0103 nu \u015fi-au dat seama de asta, dup\u0103 2 ani. <\/p>\n\n\n\n<p><strong>Unde mama dracului a salvat PNL-ul municipiul de la \u00eenghe\u0163, m\u0103i, b\u0103ie\u0163i? Ce tip de zah\u0103r pudr\u0103 arunca\u0163i \u015fmechere\u015fte peste gogo\u015file alea, nu v\u0103 sup\u0103ra\u0163i?<\/strong>  Adic\u0103, mai \u00eent\u00e2i, la Giurgiu, fac pre\u0163ul gigacaloriei de moare \u015fi Bucure\u015ftiul de r\u00e2s de noi c\u00e2nd aude, apoi <strong>ne bag\u0103 program de c\u0103ldur\u0103 ca pe vremea lui Ceau\u015fescu<\/strong>. Cic\u0103, pentru economie, <em>f\u0103r\u0103 s\u0103 precizeze \u00eentru economia cui.<\/em> Apoi vine factura \u015fi ne doare sufletul c\u0103 \u015ftim c\u0103 nu merit\u0103 nici jum\u0103tate din c\u00e2t avem de dat.<\/p>\n\n\n\n<p>(<strong><em>Cunosc giurgiuveni, persoane fizice, c\u0103rora le-a venit factura la c\u0103ldur\u0103 <\/em><em>cu o valoare asem\u0103n\u0103toare celei a unei institu\u0163ii<\/em>, <em>dup\u0103 ce au \u00eendurat 18 grade maximum \u00een cas\u0103. Pe demonstrate<\/em><\/strong>!)<\/p>\n\n\n\n<p>Am \u015fi \u00eentrebat atunci, la faza cu programul: <strong>fra\u0163ilor, cum o s\u0103 calcula\u0163i?<\/strong> La temperatur\u0103 sau la cantitate? M-a luat vicele Dumitrescu la rost (<strong>auzi!, tupeu de pesedist\u0103..<\/strong>. :))), f\u0103c\u00e2ndu-mi, superior, teoria ochiului de la aragaz. S-a demonstrat c\u0103 am avut dreptate. Fiindc\u0103, atunci c\u00e2nd au venit facturile, <em>s-au stins brusc focurile din inima celor care, racorda\u0163i la CET, of course, c\u00e2ntau c\u00e2ntecele de slav\u0103 PNL, fix ca la focurile de tab\u0103r\u0103 de la \u015fcolile lor de var\u0103<\/em>. &nbsp;<strong>Nu \u015ftiu de ce, dar mi se pare c\u0103 aud ni\u0163el prohod, mai nou.<\/strong><\/p>\n\n\n\n<p>Pe demonstrate, <strong>regret\u0103 oamenii c\u0103 n-au fost inspira\u0163i s\u0103 r\u0103m\u00e2n\u0103 doar cu ce b\u0103gau \u00een priz\u0103 ca s\u0103 suplineasc\u0103 fabuloasa &#8222;degivrare PNL-ist\u0103<\/strong>&#8221; (de la CET). Adic\u0103, m\u0103car \u015ftiau o treab\u0103, pl\u0103teau la energie electric\u0103 at\u00e2t c\u00e2t aveau de plat\u0103, dar nu mai erau nevoi\u0163i s\u0103 pun\u0103 haine \u00een plus. NU?<\/p>\n\n\n\n<p>V\u0103 spun, cu certitudinea c\u0103 sunt de acord cu mine to\u0163i cei racorda\u0163i la CET: <em><strong>nu cred c\u0103 a existat un sezon mai rece dec\u00e2t acesta, \u00ceN CASE, ATEN\u0162IE!, de c\u00e2nd exist\u0103 sistemul de \u00eenc\u0103lzire centralizat \u00een Giurgiu, \u015fi ei zic c\u0103 noroc cu PNL c\u0103 n-am \u00eenghe\u0163at? \u00cencerca\u0163i cu ni\u015fte Stevia, b\u0103ie\u0163i, are mai pu\u0163ine&#8230; calorii!<\/strong><\/em><\/p>\n\n\n\n<p>\u015ei, \u00een timp ce giurgiuvenii (\u0103ia \u201esalva\u0163i de la \u00eenghe\u0163\u201d de c\u0103tre administra\u0163ia liberal\u0103) se chinuiesc s\u0103 str\u00e2ng\u0103 bani ca s\u0103-\u015fi pl\u0103teasc\u0103 facturile(umflate la maximum, dup\u0103 p\u0103rerea celor mai mul\u0163i, \u00een raportul calitate &#8211; c\u0103ldur\u0103 &#8211; pre\u0163), <strong>ies, la final de r\u0103zboi vitejii galbeni, pe caii lor \u00eens\u0103geta\u0163i, ca s\u0103 ne spun\u0103 c\u0103: dac\u0103 nu erau ei, aveam muci &#8211; \u0163ur\u0163uri la nas \u015fi pe bloc. <\/strong><\/p>\n\n\n\n<p>Moaaa, n<em>e-au degivrat \u0103\u015ftia de n-o vedem<\/em>!  \u015eI <strong>c\u00e2nd se apuc\u0103 ei s\u0103 fac\u0103 \u015fou \u00een pia\u0163a mare, s\u0103 scoat\u0103 vuvuzelele? La 22 de grade afar\u0103, fra\u0163ilor!<\/strong><\/p>\n\n\n\n<p>Vorba unui prieten, \u0103\u015ftia au <em>inventat \u015fi prim\u0103vara pentru giurgiuveni, face\u0163i plec\u0103ciuni, \u201efraierilor\u201d, nu \u015fti\u0163i voi d-astea!<\/em><\/p>\n\n\n\n<p>A, s\u0103 nu uit! C\u00e2nd era treaba mai nasoal\u0103 \u015fi se pl\u00e2ngeau de dureri (\u00een dos?) din pricina termometrelor cu gradele-n vine, \u0163ipau sub\u0163ire \u015fi parlamentarii PNL, ridica\u0163i acum la rang de eroi ai \u00eenc\u0103lzirii municipiului: uuuuaaa, e vina PeSeDeeee-ului c\u0103 nu prime\u015fte Prim\u0103ria bani pentru c\u0103ldur\u0103. Ce s\u0103 zic, adic\u0103, ei cu p\u00e2inea local\u0103 sub cu\u0163it, ei cu gura a mai mare. <\/p>\n\n\n\n<p>\u00cen fine, c\u00e2nd le-a dat (tot) <strong>PSD<\/strong>-ul suficient c\u00e2t s\u0103 treac\u0103 iarna, tot ei, m\u0103, au ie\u015fit ca pisicu\u0163ele, de dup\u0103 \u015fur\u0103, \u015fi miaun\u0103 fericite, gudur\u00e2ndu-se pe l\u00e2ng\u0103 toate picioarele meselor. C\u0103, cic\u0103, datorit\u0103 lor a r\u0103s\u0103rit soarele. <\/p>\n\n\n\n<p>\u00cemi pare r\u0103u s\u0103 o spun, dar chiar cred c\u0103 NU ne mai facem bine!<\/p>\n\n\n\n<p>P.S.: <strong><em>Voi v\u0103 da\u0163i seama ce se \u00eent\u00e2mpla dac\u0103 aveam -22 de grade, \u00een ianuarie-februarie, ca \u00een al\u0163i ani? Dar s\u0103 fi fost z\u0103pad\u0103, din decembrie p\u00e2n\u0103 \u00een martie? Mda, cel mai probabil, f\u0103ceau acela\u015fi articol&#8230; Important e ce \u015fti\u0163i voi c\u0103 este adev\u0103rat!<\/em><\/strong><\/p>\n","protected":false},"excerpt":{"rendered":"<p>(Noroc c\u0103 lui Dumnezeu i-a fost mil\u0103 de noi \u015fi ne-a dat, totu\u015fi, cea mai bl\u00e2nd\u0103 iarn\u0103 din ultimii ani) Pe cuv\u00e2nt, mi se pare c\u0103 articolul (vezi foto de mai sus) a fost scris, de fapt, la maxim\u0103 oha, la un mi\u015fto d-\u0103la greu, cu dedica\u0163ie de la vreun \u201eprieten\u201d PNL-ist de-al primarului Anghelescu, [&hellip;]<\/p>\n","protected":false},"author":1,"featured_media":79768,"comment_status":"open","ping_status":"open","sticky":false,"template":"","format":"standard","meta":{"slim_seo":{"title":"OPINIE: Ne-au degivrat \u0103\u015ftia, la Giurgiu, de ne-au... \u00eenghe\u0163at apele! - GIURGIU NET","description":"(Noroc c\u0103 lui Dumnezeu i-a fost mil\u0103 de noi \u015fi ne-a dat, totu\u015fi, cea mai bl\u00e2nd\u0103 iarn\u0103 din ultimii ani) Pe cuv\u00e2nt, mi se pare c\u0103 articolul (vezi foto de mai sus)"},"footnotes":""},"categories":[18,19,28],"tags":[586,2027],"class_list":{"0":"post-79767","1":"post","2":"type-post","3":"status-publish","4":"format-standard","5":"has-post-thumbnail","7":"category-actual","8":"category-adm","9":"category-uo","10":"tag-cet-giurgiu","11":"tag-pnl-giurgiu"},"_links":{"self":[{"href":"https:\/\/giurgiu-net.ro\/index.php\/wp-json\/wp\/v2\/posts\/79767","targetHints":{"allow":["GET"]}}],"collection":[{"href":"https:\/\/giurgiu-net.ro\/index.php\/wp-json\/wp\/v2\/posts"}],"about":[{"href":"https:\/\/giurgiu-net.ro\/index.php\/wp-json\/wp\/v2\/types\/post"}],"author":[{"embeddable":true,"href":"https:\/\/giurgiu-net.ro\/index.php\/wp-json\/wp\/v2\/users\/1"}],"replies":[{"embeddable":true,"href":"https:\/\/giurgiu-net.ro\/index.php\/wp-json\/wp\/v2\/comments?post=79767"}],"version-history":[{"count":0,"href":"https:\/\/giurgiu-net.ro\/index.php\/wp-json\/wp\/v2\/posts\/79767\/revisions"}],"wp:featuredmedia":[{"embeddable":true,"href":"https:\/\/giurgiu-net.ro\/index.php\/wp-json\/wp\/v2\/media\/79768"}],"wp:attachment":[{"href":"https:\/\/giurgiu-net.ro\/index.php\/wp-json\/wp\/v2\/media?parent=79767"}],"wp:term":[{"taxonomy":"category","embeddable":true,"href":"https:\/\/giurgiu-net.ro\/index.php\/wp-json\/wp\/v2\/categories?post=79767"},{"taxonomy":"post_tag","embeddable":true,"href":"https:\/\/giurgiu-net.ro\/index.php\/wp-json\/wp\/v2\/tags?post=79767"}],"curies":[{"name":"wp","href":"https:\/\/api.w.org\/{rel}","templated":true}]}}