{"id":79580,"date":"2022-03-09T15:01:42","date_gmt":"2022-03-09T13:01:42","guid":{"rendered":"https:\/\/giurgiu-net.ro\/?p=79580"},"modified":"2022-03-09T15:01:42","modified_gmt":"2022-03-09T13:01:42","slug":"deputat-marian-mina-trebuie-sa-actionam-acum-asupra-cresterii-preturilor-la-energie-electrica-si-gaze-naturale-care-au-cel-mai-puternic-impact-negativ-asupra-economiei-nationale","status":"publish","type":"post","link":"https:\/\/giurgiu-net.ro\/index.php\/2022\/03\/09\/deputat-marian-mina-trebuie-sa-actionam-acum-asupra-cresterii-preturilor-la-energie-electrica-si-gaze-naturale-care-au-cel-mai-puternic-impact-negativ-asupra-economiei-nationale\/","title":{"rendered":"Deputat Marian Mina: &#8222;Trebuie s\u0103 ac\u021bion\u0103m ACUM asupra cre\u0219terii pre\u021burilor la energie electric\u0103 \u0219i gaze naturale, care au cel mai puternic impact negativ asupra economiei na\u021bionale!&#8221;"},"content":{"rendered":"\n<p>&#8222;\u00cei cerem pre\u015fedintelui PNL, Florin C\u00ee\u0163u, s\u0103 \u00eei solicite, la r\u00e2ndul s\u0103u, colegului de partid de la Ministerul Energiei s\u0103 prezinte URGENT actul normativ privind <a href=\"https:\/\/www.facebook.com\/hashtag\/reglementarea?__eep__=6&amp;__cft__[0]=AZVEUq-o6yTQbTzi88QhPecLNMkFkcq9TB4cvzsm57mIWBlU416YT8OemoH6eJMxwiRQUGDsKxegucWDahqwIf9kP5PGwfe1iWGqRNZh2FCphFIx5uWkV5UGkT9yVnRRLt7BhVs6rE6ysewUszfRb_5y&amp;__tn__=*NK-R\">#reglementarea<\/a> pre\u0163urilor la energie \u015fi gaze! Suntem de acord cu Florin C\u00ee\u0163u atunci c\u00e2nd spune c\u0103 \u0163ara noastr\u0103 are nevoie de o economie PUTERNIC\u0102 pentru a putea face fa\u0163\u0103 provoc\u0103rilor generate de r\u0103zboiul din Ucraina!<\/p>\n\n\n\n<p>Tocmai de aceea, trebuie s\u0103 ac\u021bion\u0103m ACUM asupra cauzelor principale, respectiv asupra <a href=\"https:\/\/www.facebook.com\/hashtag\/cre%C8%99terii?__eep__=6&amp;__cft__[0]=AZVEUq-o6yTQbTzi88QhPecLNMkFkcq9TB4cvzsm57mIWBlU416YT8OemoH6eJMxwiRQUGDsKxegucWDahqwIf9kP5PGwfe1iWGqRNZh2FCphFIx5uWkV5UGkT9yVnRRLt7BhVs6rE6ysewUszfRb_5y&amp;__tn__=*NK-R\">#cre\u0219terii<\/a> pre\u021burilor la energie electric\u0103 \u0219i gaze naturale, care au cel mai puternic impact <a href=\"https:\/\/www.facebook.com\/hashtag\/negativ?__eep__=6&amp;__cft__[0]=AZVEUq-o6yTQbTzi88QhPecLNMkFkcq9TB4cvzsm57mIWBlU416YT8OemoH6eJMxwiRQUGDsKxegucWDahqwIf9kP5PGwfe1iWGqRNZh2FCphFIx5uWkV5UGkT9yVnRRLt7BhVs6rE6ysewUszfRb_5y&amp;__tn__=*NK-R\">#negativ<\/a> asupra economiei na\u021bionale!<\/p>\n\n\n\n<p>Uniunea European\u0103 \u0219i-a exprimat deja <a href=\"https:\/\/www.facebook.com\/hashtag\/acordul?__eep__=6&amp;__cft__[0]=AZVEUq-o6yTQbTzi88QhPecLNMkFkcq9TB4cvzsm57mIWBlU416YT8OemoH6eJMxwiRQUGDsKxegucWDahqwIf9kP5PGwfe1iWGqRNZh2FCphFIx5uWkV5UGkT9yVnRRLt7BhVs6rE6ysewUszfRb_5y&amp;__tn__=*NK-R\">#acordul<\/a> ca statele membre s\u0103 adopte m\u0103suri de reglementare \u00een pia\u021ba de energie \u0219i gaze naturale. Consider\u0103m c\u0103 nu mai exist\u0103, a\u015fadar, NICIUN obstacol pentru <a href=\"https:\/\/www.facebook.com\/hashtag\/interven%C8%9Bia?__eep__=6&amp;__cft__[0]=AZVEUq-o6yTQbTzi88QhPecLNMkFkcq9TB4cvzsm57mIWBlU416YT8OemoH6eJMxwiRQUGDsKxegucWDahqwIf9kP5PGwfe1iWGqRNZh2FCphFIx5uWkV5UGkT9yVnRRLt7BhVs6rE6ysewUszfRb_5y&amp;__tn__=*NK-R\">#interven\u021bia<\/a> cu fermitate \u00een domeniul energiei, \u00een vederea protej\u0103rii economiei na\u021bionale \u0219i a <a href=\"https:\/\/www.facebook.com\/hashtag\/consumatorilor?__eep__=6&amp;__cft__[0]=AZVEUq-o6yTQbTzi88QhPecLNMkFkcq9TB4cvzsm57mIWBlU416YT8OemoH6eJMxwiRQUGDsKxegucWDahqwIf9kP5PGwfe1iWGqRNZh2FCphFIx5uWkV5UGkT9yVnRRLt7BhVs6rE6ysewUszfRb_5y&amp;__tn__=*NK-R\">#consumatorilor<\/a> casnici.  <\/p>\n\n\n\n<p>Amintim c\u0103 PSD a prezentat, cu s\u0103pt\u0103m\u00e2ni \u00een urm\u0103, mai multe SOLU\u0162II pentru combaterea cre\u0219terii pre\u021burilor la energie \u0219i gaze naturale, multe dintre acestea fiind <a href=\"https:\/\/www.facebook.com\/hashtag\/agreate?__eep__=6&amp;__cft__[0]=AZVEUq-o6yTQbTzi88QhPecLNMkFkcq9TB4cvzsm57mIWBlU416YT8OemoH6eJMxwiRQUGDsKxegucWDahqwIf9kP5PGwfe1iWGqRNZh2FCphFIx5uWkV5UGkT9yVnRRLt7BhVs6rE6ysewUszfRb_5y&amp;__tn__=*NK-R\">#agreate<\/a> la nivelul Guvernului \u0219i al Coali\u021biei de guvernare. Este, deci, important ca partenerii liberali s\u0103 prezinte, \u00een regim de maxim\u0103 urgen\u021b\u0103, actul normativ pentru <a href=\"https:\/\/www.facebook.com\/hashtag\/implementarea?__eep__=6&amp;__cft__[0]=AZVEUq-o6yTQbTzi88QhPecLNMkFkcq9TB4cvzsm57mIWBlU416YT8OemoH6eJMxwiRQUGDsKxegucWDahqwIf9kP5PGwfe1iWGqRNZh2FCphFIx5uWkV5UGkT9yVnRRLt7BhVs6rE6ysewUszfRb_5y&amp;__tn__=*NK-R\">#implementarea<\/a> acestor solu\u021bii&#8221;- declara\u0163ie pre\u015fedinte PSD Giurgiu, deputat Marian Mina.<\/p>\n","protected":false},"excerpt":{"rendered":"<p>&#8222;\u00cei cerem pre\u015fedintelui PNL, Florin C\u00ee\u0163u, s\u0103 \u00eei solicite, la r\u00e2ndul s\u0103u, colegului de partid de la Ministerul Energiei s\u0103 prezinte URGENT actul normativ privind #reglementarea pre\u0163urilor la energie \u015fi gaze! Suntem de acord cu Florin C\u00ee\u0163u atunci c\u00e2nd spune c\u0103 \u0163ara noastr\u0103 are nevoie de o economie PUTERNIC\u0102 pentru a putea face fa\u0163\u0103 provoc\u0103rilor [&hellip;]<\/p>\n","protected":false},"author":1,"featured_media":79581,"comment_status":"open","ping_status":"open","sticky":false,"template":"","format":"standard","meta":{"slim_seo":{"title":"Deputat Marian Mina: \"Trebuie s\u0103 ac\u021bion\u0103m ACUM asupra cre\u0219terii pre\u021burilor la energie electric\u0103 \u0219i gaze naturale, care au cel mai puternic impact negativ asupra economiei na\u021bionale!\" - GIURGIU NET","description":"\"\u00cei cerem pre\u015fedintelui PNL, Florin C\u00ee\u0163u, s\u0103 \u00eei solicite, la r\u00e2ndul s\u0103u, colegului de partid de la Ministerul Energiei s\u0103 prezinte URGENT actul normativ privind"},"footnotes":""},"categories":[18,25],"tags":[1626],"class_list":{"0":"post-79580","1":"post","2":"type-post","3":"status-publish","4":"format-standard","5":"has-post-thumbnail","7":"category-actual","8":"category-pol","9":"tag-marian-mina"},"_links":{"self":[{"href":"https:\/\/giurgiu-net.ro\/index.php\/wp-json\/wp\/v2\/posts\/79580","targetHints":{"allow":["GET"]}}],"collection":[{"href":"https:\/\/giurgiu-net.ro\/index.php\/wp-json\/wp\/v2\/posts"}],"about":[{"href":"https:\/\/giurgiu-net.ro\/index.php\/wp-json\/wp\/v2\/types\/post"}],"author":[{"embeddable":true,"href":"https:\/\/giurgiu-net.ro\/index.php\/wp-json\/wp\/v2\/users\/1"}],"replies":[{"embeddable":true,"href":"https:\/\/giurgiu-net.ro\/index.php\/wp-json\/wp\/v2\/comments?post=79580"}],"version-history":[{"count":0,"href":"https:\/\/giurgiu-net.ro\/index.php\/wp-json\/wp\/v2\/posts\/79580\/revisions"}],"wp:featuredmedia":[{"embeddable":true,"href":"https:\/\/giurgiu-net.ro\/index.php\/wp-json\/wp\/v2\/media\/79581"}],"wp:attachment":[{"href":"https:\/\/giurgiu-net.ro\/index.php\/wp-json\/wp\/v2\/media?parent=79580"}],"wp:term":[{"taxonomy":"category","embeddable":true,"href":"https:\/\/giurgiu-net.ro\/index.php\/wp-json\/wp\/v2\/categories?post=79580"},{"taxonomy":"post_tag","embeddable":true,"href":"https:\/\/giurgiu-net.ro\/index.php\/wp-json\/wp\/v2\/tags?post=79580"}],"curies":[{"name":"wp","href":"https:\/\/api.w.org\/{rel}","templated":true}]}}