{"id":79576,"date":"2022-03-09T13:25:45","date_gmt":"2022-03-09T11:25:45","guid":{"rendered":"https:\/\/giurgiu-net.ro\/?p=79576"},"modified":"2022-03-09T13:25:45","modified_gmt":"2022-03-09T11:25:45","slug":"deputat-cristina-elena-dinu-protejam-locurile-de-munca-ale-celor-care-au-fost-in-linia-intai-in-pandemie","status":"publish","type":"post","link":"https:\/\/giurgiu-net.ro\/index.php\/2022\/03\/09\/deputat-cristina-elena-dinu-protejam-locurile-de-munca-ale-celor-care-au-fost-in-linia-intai-in-pandemie\/","title":{"rendered":"Deputat Cristina Elena Dinu: &#8222;Protej\u0103m locurile de munc\u0103 ale celor care au fost \u00een linia \u00eent\u00e2i, \u00een pandemie!&#8221;"},"content":{"rendered":"\n<p>&#8222;<a href=\"https:\/\/www.facebook.com\/hashtag\/protej%C4%83m?__eep__=6&amp;__cft__[0]=AZXUBFSSx6nOVTZtK-wQSLILbJ9zLgxlE1e5yiSDREE6AOHpxb_FGHp6SGKaFH51364VLro1dSEZey8wmhMK98xWKxc70vrtiCKC5evp3XjbAVsoN7oWFVlYRI30XpcUbYN0jajM697J6GGGNB2v6SqN&amp;__tn__=*NK-R\">#Protej\u0103m<\/a> locurile de munc\u0103 ale celor care au fost \u00een <a href=\"https:\/\/www.facebook.com\/hashtag\/linia_%C3%AEnt%C3%A2i?__eep__=6&amp;__cft__[0]=AZXUBFSSx6nOVTZtK-wQSLILbJ9zLgxlE1e5yiSDREE6AOHpxb_FGHp6SGKaFH51364VLro1dSEZey8wmhMK98xWKxc70vrtiCKC5evp3XjbAVsoN7oWFVlYRI30XpcUbYN0jajM697J6GGGNB2v6SqN&amp;__tn__=*NK-R\">#Linia_\u00cent\u00e2i<\/a> \u00een pandemie, deci \u00een cele mai grele momente din ultimii 2 ani! Medici, asisten\u0163i medicali din spitale sau serviciile de ambulan\u0163\u0103, angaja\u0163i ai DSP sau cei din domeniul asisten\u0163ei sociale, \u00eencadra\u0163i pe o perioad\u0103 determinat\u0103, cu to\u0163ii au dorit s\u0103-\u015fi <a href=\"https:\/\/www.facebook.com\/hashtag\/salveze?__eep__=6&amp;__cft__[0]=AZXUBFSSx6nOVTZtK-wQSLILbJ9zLgxlE1e5yiSDREE6AOHpxb_FGHp6SGKaFH51364VLro1dSEZey8wmhMK98xWKxc70vrtiCKC5evp3XjbAVsoN7oWFVlYRI30XpcUbYN0jajM697J6GGGNB2v6SqN&amp;__tn__=*NK-R\">#salveze<\/a> semenii \u015fi, \u00een acest sens, au f\u0103cut mari eforturi \u015fi sacrificii. <\/p>\n\n\n\n<p>Este un gest de repara\u021bie <a href=\"https:\/\/www.facebook.com\/hashtag\/moral%C4%83?__eep__=6&amp;__cft__[0]=AZXUBFSSx6nOVTZtK-wQSLILbJ9zLgxlE1e5yiSDREE6AOHpxb_FGHp6SGKaFH51364VLro1dSEZey8wmhMK98xWKxc70vrtiCKC5evp3XjbAVsoN7oWFVlYRI30XpcUbYN0jajM697J6GGGNB2v6SqN&amp;__tn__=*NK-R\">#moral\u0103<\/a> s\u0103 poat\u0103 lucra \u00een continuare, \u0219i \u00een condi\u021bii normale!<\/p>\n\n\n\n<p>De aceea, am ini\u021biat \u0219i votat, al\u0103turi de colegii mei parlamentari <a href=\"https:\/\/www.facebook.com\/hashtag\/psd?__eep__=6&amp;__cft__[0]=AZXUBFSSx6nOVTZtK-wQSLILbJ9zLgxlE1e5yiSDREE6AOHpxb_FGHp6SGKaFH51364VLro1dSEZey8wmhMK98xWKxc70vrtiCKC5evp3XjbAVsoN7oWFVlYRI30XpcUbYN0jajM697J6GGGNB2v6SqN&amp;__tn__=*NK-R\">#PSD<\/a>, proiectul de lege privind reglementarea <a href=\"https:\/\/www.facebook.com\/hashtag\/statutului?__eep__=6&amp;__cft__[0]=AZXUBFSSx6nOVTZtK-wQSLILbJ9zLgxlE1e5yiSDREE6AOHpxb_FGHp6SGKaFH51364VLro1dSEZey8wmhMK98xWKxc70vrtiCKC5evp3XjbAVsoN7oWFVlYRI30XpcUbYN0jajM697J6GGGNB2v6SqN&amp;__tn__=*NK-R\">#statutului<\/a> personalului care, \u00een perioada st\u0103rii de alert\u0103 sau a situa\u021biilor de risc epidemiologic \u0219i biologic, determinate de pandemia de COVID-19, a fost \u00eencadrat pe perioad\u0103 <a href=\"https:\/\/www.facebook.com\/hashtag\/determinat%C4%83?__eep__=6&amp;__cft__[0]=AZXUBFSSx6nOVTZtK-wQSLILbJ9zLgxlE1e5yiSDREE6AOHpxb_FGHp6SGKaFH51364VLro1dSEZey8wmhMK98xWKxc70vrtiCKC5evp3XjbAVsoN7oWFVlYRI30XpcUbYN0jajM697J6GGGNB2v6SqN&amp;__tn__=*NK-R\">#determinat\u0103<\/a>, precum \u015fi pentru modificarea \u015fi completarea unor acte normative.Ini\u0163iativa legislativ\u0103 prevede stabilirea <a href=\"https:\/\/www.facebook.com\/hashtag\/cadrului?__eep__=6&amp;__cft__[0]=AZXUBFSSx6nOVTZtK-wQSLILbJ9zLgxlE1e5yiSDREE6AOHpxb_FGHp6SGKaFH51364VLro1dSEZey8wmhMK98xWKxc70vrtiCKC5evp3XjbAVsoN7oWFVlYRI30XpcUbYN0jajM697J6GGGNB2v6SqN&amp;__tn__=*NK-R\">#cadrului<\/a> legal pentru ca personalul care a ocupat, \u00een perioada men\u0163ionat\u0103, posturi pe o perioad\u0103 determinat\u0103, s\u0103 \u00ee\u015fi poat\u0103 men\u021bine locul de munc\u0103 pe o perioad\u0103 nedeterminat\u0103, \u00een urma unui <a href=\"https:\/\/www.facebook.com\/hashtag\/examen?__eep__=6&amp;__cft__[0]=AZXUBFSSx6nOVTZtK-wQSLILbJ9zLgxlE1e5yiSDREE6AOHpxb_FGHp6SGKaFH51364VLro1dSEZey8wmhMK98xWKxc70vrtiCKC5evp3XjbAVsoN7oWFVlYRI30XpcUbYN0jajM697J6GGGNB2v6SqN&amp;__tn__=*NK-R\">#examen<\/a>.<\/p>\n\n\n\n<p>M\u0103sura vine \u015fi \u00een sprijinul institu\u0163iilor care au beneficiat de serviciile angaja\u0163ilor, av\u00e2nd \u00een vedere <a href=\"https:\/\/www.facebook.com\/hashtag\/experien%C5%A3a?__eep__=6&amp;__cft__[0]=AZXUBFSSx6nOVTZtK-wQSLILbJ9zLgxlE1e5yiSDREE6AOHpxb_FGHp6SGKaFH51364VLro1dSEZey8wmhMK98xWKxc70vrtiCKC5evp3XjbAVsoN7oWFVlYRI30XpcUbYN0jajM697J6GGGNB2v6SqN&amp;__tn__=*NK-R\">#experien\u0163a<\/a> profesional\u0103 dob\u00e2ndit\u0103 \u00een perioada st\u0103rii de alert\u0103, foarte important\u0103 pentru personalul din s\u0103n\u0103tate, respectiv asisten\u0163\u0103 social\u0103&#8221;- declara\u0163ie pre\u015fedinte OFSD Giurgiu, deputat Cristina Elena Dinu<\/p>\n","protected":false},"excerpt":{"rendered":"<p>&#8222;#Protej\u0103m locurile de munc\u0103 ale celor care au fost \u00een #Linia_\u00cent\u00e2i \u00een pandemie, deci \u00een cele mai grele momente din ultimii 2 ani! Medici, asisten\u0163i medicali din spitale sau serviciile de ambulan\u0163\u0103, angaja\u0163i ai DSP sau cei din domeniul asisten\u0163ei sociale, \u00eencadra\u0163i pe o perioad\u0103 determinat\u0103, cu to\u0163ii au dorit s\u0103-\u015fi #salveze semenii \u015fi, \u00een [&hellip;]<\/p>\n","protected":false},"author":1,"featured_media":79577,"comment_status":"open","ping_status":"open","sticky":false,"template":"","format":"standard","meta":{"slim_seo":{"title":"Deputat Cristina Elena Dinu: \"Protej\u0103m locurile de munc\u0103 ale celor care au fost \u00een linia \u00eent\u00e2i, \u00een pandemie!\" - GIURGIU NET","description":"\" #Protej\u0103m locurile de munc\u0103 ale celor care au fost \u00een #Linia_\u00cent\u00e2i \u00een pandemie, deci \u00een cele mai grele momente din ultimii 2 ani! Medici, asisten\u0163i medicali d"},"footnotes":""},"categories":[18,25],"tags":[1025],"class_list":{"0":"post-79576","1":"post","2":"type-post","3":"status-publish","4":"format-standard","5":"has-post-thumbnail","7":"category-actual","8":"category-pol","9":"tag-elena-dinu"},"_links":{"self":[{"href":"https:\/\/giurgiu-net.ro\/index.php\/wp-json\/wp\/v2\/posts\/79576","targetHints":{"allow":["GET"]}}],"collection":[{"href":"https:\/\/giurgiu-net.ro\/index.php\/wp-json\/wp\/v2\/posts"}],"about":[{"href":"https:\/\/giurgiu-net.ro\/index.php\/wp-json\/wp\/v2\/types\/post"}],"author":[{"embeddable":true,"href":"https:\/\/giurgiu-net.ro\/index.php\/wp-json\/wp\/v2\/users\/1"}],"replies":[{"embeddable":true,"href":"https:\/\/giurgiu-net.ro\/index.php\/wp-json\/wp\/v2\/comments?post=79576"}],"version-history":[{"count":0,"href":"https:\/\/giurgiu-net.ro\/index.php\/wp-json\/wp\/v2\/posts\/79576\/revisions"}],"wp:featuredmedia":[{"embeddable":true,"href":"https:\/\/giurgiu-net.ro\/index.php\/wp-json\/wp\/v2\/media\/79577"}],"wp:attachment":[{"href":"https:\/\/giurgiu-net.ro\/index.php\/wp-json\/wp\/v2\/media?parent=79576"}],"wp:term":[{"taxonomy":"category","embeddable":true,"href":"https:\/\/giurgiu-net.ro\/index.php\/wp-json\/wp\/v2\/categories?post=79576"},{"taxonomy":"post_tag","embeddable":true,"href":"https:\/\/giurgiu-net.ro\/index.php\/wp-json\/wp\/v2\/tags?post=79576"}],"curies":[{"name":"wp","href":"https:\/\/api.w.org\/{rel}","templated":true}]}}