{"id":77187,"date":"2022-03-07T10:49:09","date_gmt":"2022-03-07T08:49:09","guid":{"rendered":"https:\/\/giurgiu-net.ro\/?p=77187"},"modified":"2022-03-07T10:49:09","modified_gmt":"2022-03-07T08:49:09","slug":"giurgiu-iarna-in-luna-lui-martie","status":"publish","type":"post","link":"https:\/\/giurgiu-net.ro\/index.php\/2022\/03\/07\/giurgiu-iarna-in-luna-lui-martie\/","title":{"rendered":"GIURGIU: Iarn\u0103, \u00een luna lui martie"},"content":{"rendered":"\n<p class=\"wp-block-paragraph\">Potrivit site-urilor de specialitate, va mai ninge la Giurgiu \u015fi m\u00e2ine, dar \u015fi miercuri. Maximele nu vor dep\u0103\u015fi 4 grade Celsius, \u00een timp ce minimele vor cobor\u00ee p\u00e2n\u0103 la -5 grade. De joi, iese soarele, dar nu vom avea mai mult de 4 grade \u00een termometre, ziua. Noaptea, se vor \u00eenregistra chiar \u015fi -6 grade Celsius.<\/p>\n\n\n\n<p class=\"wp-block-paragraph\"><\/p>\n\n\n\n<figure class=\"wp-block-image size-full\"><img loading=\"lazy\" decoding=\"async\" width=\"722\" height=\"414\" src=\"https:\/\/giurgiu-net.ro\/wp-content\/uploads\/2022\/03\/vreme.jpg\" alt=\"\" class=\"wp-image-77188\" srcset=\"https:\/\/giurgiu-net.ro\/wp-content\/uploads\/2022\/03\/vreme.jpg 722w, https:\/\/giurgiu-net.ro\/wp-content\/uploads\/2022\/03\/vreme-300x172.jpg 300w, https:\/\/giurgiu-net.ro\/wp-content\/uploads\/2022\/03\/vreme-696x399.jpg 696w\" sizes=\"auto, (max-width: 722px) 100vw, 722px\" \/><\/figure>\n\n\n\n<p class=\"wp-block-paragraph\">Surs\u0103 foto prima pagin\u0103: Foto Arcanu<\/p>\n","protected":false},"excerpt":{"rendered":"<p>Potrivit site-urilor de specialitate, va mai ninge la Giurgiu \u015fi m\u00e2ine, dar \u015fi miercuri. Maximele nu vor dep\u0103\u015fi 4 grade Celsius, \u00een timp ce minimele vor cobor\u00ee p\u00e2n\u0103 la -5 grade. De joi, iese soarele, dar nu vom avea mai mult de 4 grade \u00een termometre, ziua. Noaptea, se vor \u00eenregistra chiar \u015fi -6 grade [&hellip;]<\/p>\n","protected":false},"author":1,"featured_media":77189,"comment_status":"open","ping_status":"open","sticky":false,"template":"","format":"standard","meta":{"slim_seo":{"title":"GIURGIU: Iarn\u0103, \u00een luna lui martie - GIURGIU NET","description":"Potrivit site-urilor de specialitate, va mai ninge la Giurgiu \u015fi m\u00e2ine, dar \u015fi miercuri. Maximele nu vor dep\u0103\u015fi 4 grade Celsius, \u00een timp ce minimele vor cobor\u00ee"},"footnotes":""},"categories":[18,26],"tags":[],"class_list":["post-77187","post","type-post","status-publish","format-standard","has-post-thumbnail","category-actual","category-soc"],"_links":{"self":[{"href":"https:\/\/giurgiu-net.ro\/index.php\/wp-json\/wp\/v2\/posts\/77187","targetHints":{"allow":["GET"]}}],"collection":[{"href":"https:\/\/giurgiu-net.ro\/index.php\/wp-json\/wp\/v2\/posts"}],"about":[{"href":"https:\/\/giurgiu-net.ro\/index.php\/wp-json\/wp\/v2\/types\/post"}],"author":[{"embeddable":true,"href":"https:\/\/giurgiu-net.ro\/index.php\/wp-json\/wp\/v2\/users\/1"}],"replies":[{"embeddable":true,"href":"https:\/\/giurgiu-net.ro\/index.php\/wp-json\/wp\/v2\/comments?post=77187"}],"version-history":[{"count":0,"href":"https:\/\/giurgiu-net.ro\/index.php\/wp-json\/wp\/v2\/posts\/77187\/revisions"}],"wp:featuredmedia":[{"embeddable":true,"href":"https:\/\/giurgiu-net.ro\/index.php\/wp-json\/wp\/v2\/media\/77189"}],"wp:attachment":[{"href":"https:\/\/giurgiu-net.ro\/index.php\/wp-json\/wp\/v2\/media?parent=77187"}],"wp:term":[{"taxonomy":"category","embeddable":true,"href":"https:\/\/giurgiu-net.ro\/index.php\/wp-json\/wp\/v2\/categories?post=77187"},{"taxonomy":"post_tag","embeddable":true,"href":"https:\/\/giurgiu-net.ro\/index.php\/wp-json\/wp\/v2\/tags?post=77187"}],"curies":[{"name":"wp","href":"https:\/\/api.w.org\/{rel}","templated":true}]}}