{"id":77065,"date":"2022-03-01T09:51:53","date_gmt":"2022-03-01T07:51:53","guid":{"rendered":"https:\/\/giurgiu-net.ro\/?p=77065"},"modified":"2022-03-01T09:51:53","modified_gmt":"2022-03-01T07:51:53","slug":"tsd-giurgiu-apel-umanitar-pentru-refugiatii-din-ucraina","status":"publish","type":"post","link":"https:\/\/giurgiu-net.ro\/index.php\/2022\/03\/01\/tsd-giurgiu-apel-umanitar-pentru-refugiatii-din-ucraina\/","title":{"rendered":"TSD Giurgiu, apel umanitar pentru refugia\u0163ii din Ucraina"},"content":{"rendered":"\n<p>Tineretul Social Democrat Giurgiu face apel umanitar pentru a veni \u00een ajutorul refugia\u021bilor din Ucraina<\/p>\n\n\n\n<p><img loading=\"lazy\" decoding=\"async\" height=\"16\" width=\"16\" src=\"https:\/\/static.xx.fbcdn.net\/images\/emoji.php\/v9\/tf2\/1\/16\/1f1fa_1f1e6.png\" alt=\"??\"\/><img loading=\"lazy\" decoding=\"async\" height=\"16\" width=\"16\" src=\"https:\/\/static.xx.fbcdn.net\/images\/emoji.php\/v9\/tfd\/1\/16\/1f64c.png\" alt=\"?\"\/> \u00cencercam s\u0103 venim \u00een sprijinul refugia\u021bilor din Ucraina cu o Campanie de sprijin a refugia\u021bilor de r\u0103zboi.<\/p>\n\n\n\n<p><img loading=\"lazy\" decoding=\"async\" height=\"16\" width=\"16\" src=\"https:\/\/static.xx.fbcdn.net\/images\/emoji.php\/v9\/t1b\/1\/16\/1f53a.png\" alt=\"?\"\/>Pute\u021bi ajuta cu:<\/p>\n\n\n\n<p><img loading=\"lazy\" decoding=\"async\" height=\"16\" width=\"16\" src=\"https:\/\/static.xx.fbcdn.net\/images\/emoji.php\/v9\/t33\/1\/16\/2705.png\" alt=\"\u2705\"\/><img loading=\"lazy\" decoding=\"async\" height=\"16\" width=\"16\" src=\"https:\/\/static.xx.fbcdn.net\/images\/emoji.php\/v9\/t6d\/1\/16\/1f456.png\" alt=\"?\"\/><img loading=\"lazy\" decoding=\"async\" height=\"16\" width=\"16\" src=\"https:\/\/static.xx.fbcdn.net\/images\/emoji.php\/v9\/t1\/1\/16\/1f9e5.png\" alt=\"?\"\/> haine \u00een stare bun\u0103, potrivite tuturor v\u00e2rstelor, \u00een special pentru femei si copii;<\/p>\n\n\n\n<p><img loading=\"lazy\" decoding=\"async\" height=\"16\" width=\"16\" src=\"https:\/\/static.xx.fbcdn.net\/images\/emoji.php\/v9\/t33\/1\/16\/2705.png\" alt=\"\u2705\"\/><img loading=\"lazy\" decoding=\"async\" height=\"16\" width=\"16\" src=\"https:\/\/static.xx.fbcdn.net\/images\/emoji.php\/v9\/t6a\/1\/16\/1f376.png\" alt=\"?\"\/>ap\u0103 \u00eembuteliat\u0103;<\/p>\n\n\n\n<p><img loading=\"lazy\" decoding=\"async\" height=\"16\" width=\"16\" src=\"https:\/\/static.xx.fbcdn.net\/images\/emoji.php\/v9\/t33\/1\/16\/2705.png\" alt=\"\u2705\"\/><img loading=\"lazy\" decoding=\"async\" height=\"16\" width=\"16\" src=\"https:\/\/static.xx.fbcdn.net\/images\/emoji.php\/v9\/tce\/1\/16\/1f9fc.png\" alt=\"?\"\/><img loading=\"lazy\" decoding=\"async\" height=\"16\" width=\"16\" src=\"https:\/\/static.xx.fbcdn.net\/images\/emoji.php\/v9\/t1f\/1\/16\/1f9f4.png\" alt=\"?\"\/>produse de igien\u0103 personal\u0103;<\/p>\n\n\n\n<p><img loading=\"lazy\" decoding=\"async\" height=\"16\" width=\"16\" src=\"https:\/\/static.xx.fbcdn.net\/images\/emoji.php\/v9\/t33\/1\/16\/2705.png\" alt=\"\u2705\"\/><img loading=\"lazy\" decoding=\"async\" height=\"16\" width=\"16\" src=\"https:\/\/static.xx.fbcdn.net\/images\/emoji.php\/v9\/t7d\/1\/16\/1f96b.png\" alt=\"?\"\/><img loading=\"lazy\" decoding=\"async\" height=\"16\" width=\"16\" src=\"https:\/\/static.xx.fbcdn.net\/images\/emoji.php\/v9\/tcc\/1\/16\/1f961.png\" alt=\"?\"\/>alimente neperisabile;<\/p>\n\n\n\n<p><img loading=\"lazy\" decoding=\"async\" height=\"16\" width=\"16\" src=\"https:\/\/static.xx.fbcdn.net\/images\/emoji.php\/v9\/t33\/1\/16\/2705.png\" alt=\"\u2705\"\/><img loading=\"lazy\" decoding=\"async\" height=\"16\" width=\"16\" src=\"https:\/\/static.xx.fbcdn.net\/images\/emoji.php\/v9\/t1c\/1\/16\/1f6d2.png\" alt=\"?\"\/>produse sanitare;<\/p>\n\n\n\n<p><img loading=\"lazy\" decoding=\"async\" height=\"16\" width=\"16\" src=\"https:\/\/static.xx.fbcdn.net\/images\/emoji.php\/v9\/t33\/1\/16\/2705.png\" alt=\"\u2705\"\/><img loading=\"lazy\" decoding=\"async\" height=\"16\" width=\"16\" src=\"https:\/\/static.xx.fbcdn.net\/images\/emoji.php\/v9\/tf5\/1\/16\/1f48a.png\" alt=\"?\"\/>medicamente de prim\u0103 necesitate;<\/p>\n\n\n\n<p><img loading=\"lazy\" decoding=\"async\" height=\"16\" width=\"16\" src=\"https:\/\/static.xx.fbcdn.net\/images\/emoji.php\/v9\/t33\/1\/16\/2705.png\" alt=\"\u2705\"\/><img loading=\"lazy\" decoding=\"async\" height=\"16\" width=\"16\" src=\"https:\/\/static.xx.fbcdn.net\/images\/emoji.php\/v9\/tb1\/1\/16\/1f6cf.png\" alt=\"?\ufe0f\"\/>saci de dormit \u0219i p\u0103turi.<\/p>\n\n\n\n<p><img loading=\"lazy\" decoding=\"async\" height=\"16\" width=\"16\" src=\"https:\/\/static.xx.fbcdn.net\/images\/emoji.php\/v9\/t2d\/1\/16\/1f4cd.png\" alt=\"?\"\/>Pachetele pot fi aduse de luni-vineri \u00een intervalul 09:00-15:00 la sediul PSD Giurgiu, strada Mircea cel B\u0103tr\u00e2n, nr. 28<\/p>\n\n\n\n<p> <img loading=\"lazy\" decoding=\"async\" height=\"16\" width=\"16\" src=\"https:\/\/static.xx.fbcdn.net\/images\/emoji.php\/v9\/t33\/1\/16\/2705.png\" alt=\"\u2705\"\/>Numere de contact : <img loading=\"lazy\" decoding=\"async\" height=\"16\" width=\"16\" src=\"https:\/\/static.xx.fbcdn.net\/images\/emoji.php\/v9\/t9e\/1\/16\/27a1.png\" alt=\"\u27a1\ufe0f\"\/>0730120147 &#8211; Udvuleanu Drago\u0219  <img loading=\"lazy\" decoding=\"async\" height=\"16\" width=\"16\" src=\"https:\/\/static.xx.fbcdn.net\/images\/emoji.php\/v9\/t9e\/1\/16\/27a1.png\" alt=\"\u27a1\ufe0f\"\/>0764613751 &#8211; Eduard Ingeaua <img loading=\"lazy\" decoding=\"async\" height=\"16\" width=\"16\" src=\"https:\/\/static.xx.fbcdn.net\/images\/emoji.php\/v9\/t77\/1\/16\/203c.png\" alt=\"\u203c\ufe0f\"\/>Pachetele vor fi trimise c\u0103tre localit\u0103\u021bile ce primesc refugia\u021bi (prim\u0103rii \u0219i agen\u021bi economicii care \u00eei cazeaz\u0103 \u0219i cei care le ofer\u0103 hran\u0103).<a href=\"https:\/\/www.facebook.com\/hashtag\/%C3%AEmpreun%C4%83pentruucraina?__eep__=6&amp;__cft__[0]=AZV3T-gOPNfK5bM59FcM4CjB0vqywmTV-xAPamNvDHt7--u2kNjnsO6ICUsXsG5i5XQU07_ilayFFmxcfyXBUOgGNjCLAHiVY-vfQZuQ8pdfybwrOMVI4BnRe5BCj3AX7pW-LkwDIjJX0HiNgOEyIz5v&amp;__tn__=*NK-R\">#\u00eempreun\u0103pentruUcraina<\/a><a href=\"https:\/\/www.facebook.com\/hashtag\/standwithukraine?__eep__=6&amp;__cft__[0]=AZV3T-gOPNfK5bM59FcM4CjB0vqywmTV-xAPamNvDHt7--u2kNjnsO6ICUsXsG5i5XQU07_ilayFFmxcfyXBUOgGNjCLAHiVY-vfQZuQ8pdfybwrOMVI4BnRe5BCj3AX7pW-LkwDIjJX0HiNgOEyIz5v&amp;__tn__=*NK-R\">#StandWithUkraine<\/a><\/p>\n","protected":false},"excerpt":{"rendered":"<p>Tineretul Social Democrat Giurgiu face apel umanitar pentru a veni \u00een ajutorul refugia\u021bilor din Ucraina \u00cencercam s\u0103 venim \u00een sprijinul refugia\u021bilor din Ucraina cu o Campanie de sprijin a refugia\u021bilor de r\u0103zboi. Pute\u021bi ajuta cu: haine \u00een stare bun\u0103, potrivite tuturor v\u00e2rstelor, \u00een special pentru femei si copii; ap\u0103 \u00eembuteliat\u0103; produse de igien\u0103 personal\u0103; alimente [&hellip;]<\/p>\n","protected":false},"author":1,"featured_media":77066,"comment_status":"open","ping_status":"open","sticky":false,"template":"","format":"standard","meta":{"slim_seo":{"title":"TSD Giurgiu, apel umanitar pentru refugia\u0163ii din Ucraina - GIURGIU NET","description":"Tineretul Social Democrat Giurgiu face apel umanitar pentru a veni \u00een ajutorul refugia\u021bilor din Ucraina \u00cencercam s\u0103 venim \u00een sprijinul refugia\u021bilor din Ucraina"},"footnotes":""},"categories":[18],"tags":[],"class_list":{"0":"post-77065","1":"post","2":"type-post","3":"status-publish","4":"format-standard","5":"has-post-thumbnail","7":"category-actual"},"_links":{"self":[{"href":"https:\/\/giurgiu-net.ro\/index.php\/wp-json\/wp\/v2\/posts\/77065","targetHints":{"allow":["GET"]}}],"collection":[{"href":"https:\/\/giurgiu-net.ro\/index.php\/wp-json\/wp\/v2\/posts"}],"about":[{"href":"https:\/\/giurgiu-net.ro\/index.php\/wp-json\/wp\/v2\/types\/post"}],"author":[{"embeddable":true,"href":"https:\/\/giurgiu-net.ro\/index.php\/wp-json\/wp\/v2\/users\/1"}],"replies":[{"embeddable":true,"href":"https:\/\/giurgiu-net.ro\/index.php\/wp-json\/wp\/v2\/comments?post=77065"}],"version-history":[{"count":0,"href":"https:\/\/giurgiu-net.ro\/index.php\/wp-json\/wp\/v2\/posts\/77065\/revisions"}],"wp:featuredmedia":[{"embeddable":true,"href":"https:\/\/giurgiu-net.ro\/index.php\/wp-json\/wp\/v2\/media\/77066"}],"wp:attachment":[{"href":"https:\/\/giurgiu-net.ro\/index.php\/wp-json\/wp\/v2\/media?parent=77065"}],"wp:term":[{"taxonomy":"category","embeddable":true,"href":"https:\/\/giurgiu-net.ro\/index.php\/wp-json\/wp\/v2\/categories?post=77065"},{"taxonomy":"post_tag","embeddable":true,"href":"https:\/\/giurgiu-net.ro\/index.php\/wp-json\/wp\/v2\/tags?post=77065"}],"curies":[{"name":"wp","href":"https:\/\/api.w.org\/{rel}","templated":true}]}}