{"id":77061,"date":"2022-03-01T08:09:25","date_gmt":"2022-03-01T06:09:25","guid":{"rendered":"https:\/\/giurgiu-net.ro\/?p=77061"},"modified":"2022-03-01T08:09:25","modified_gmt":"2022-03-01T06:09:25","slug":"mesajul-deputatului-psd-cristina-elena-dinu-de-1-martie","status":"publish","type":"post","link":"https:\/\/giurgiu-net.ro\/index.php\/2022\/03\/01\/mesajul-deputatului-psd-cristina-elena-dinu-de-1-martie\/","title":{"rendered":"Mesajul deputatului PSD Cristina Elena Dinu, de 1 Martie"},"content":{"rendered":"\n<p>Pre\u015fedintele OFSD Giurgiu, deputat Cristina Elena Dinu: &#8222;<em>Acum, nici vremea \u015fi nici vremurile nu seam\u0103n\u0103 cu <a href=\"https:\/\/www.facebook.com\/hashtag\/prim%C4%83vara?__eep__=6&amp;__cft__[0]=AZXf6ql8zVP_ivIsYv5msLv_TCd_cI108BzDlZzSErpeaoVpJWkbYKoSaROhC6EDJV8wV8x73gULfWj_jqUF1tWNDLXWHDlclkgUKRXS806sNgAaBDWJA1P7RZELzAes19j_Iv4WQjFGF6EFmnRWKOVbalcKnq9IulUNqEkuyinZVPBWl9SRxG0SthI713wKjCI&amp;__tn__=*NK-R\">#prim\u0103vara<\/a> pe care ne-o dorim. Dar am speran\u021ba c\u0103 soarele ne va \u00eenc\u0103lzi, cur\u00e2nd, vie\u0163ile \u015fi sufletele! Ast\u0103zi, de 1 Martie, v\u0103 doresc ca <a href=\"https:\/\/www.facebook.com\/hashtag\/m%C4%83r%C5%A3i%C5%9Forul?__eep__=6&amp;__cft__[0]=AZXf6ql8zVP_ivIsYv5msLv_TCd_cI108BzDlZzSErpeaoVpJWkbYKoSaROhC6EDJV8wV8x73gULfWj_jqUF1tWNDLXWHDlclkgUKRXS806sNgAaBDWJA1P7RZELzAes19j_Iv4WQjFGF6EFmnRWKOVbalcKnq9IulUNqEkuyinZVPBWl9SRxG0SthI713wKjCI&amp;__tn__=*NK-R\">#M\u0103r\u0163i\u015forul<\/a> s\u0103 v\u0103 poarte noroc, s\u0103 v\u0103 aduc\u0103 armonie, \u00eencredere c\u0103 <a href=\"https:\/\/www.facebook.com\/hashtag\/totul?__eep__=6&amp;__cft__[0]=AZXf6ql8zVP_ivIsYv5msLv_TCd_cI108BzDlZzSErpeaoVpJWkbYKoSaROhC6EDJV8wV8x73gULfWj_jqUF1tWNDLXWHDlclkgUKRXS806sNgAaBDWJA1P7RZELzAes19j_Iv4WQjFGF6EFmnRWKOVbalcKnq9IulUNqEkuyinZVPBWl9SRxG0SthI713wKjCI&amp;__tn__=*NK-R\">#totul<\/a> va fi bine \u0219i putere s\u0103 dep\u0103\u0219i\u021bi orice obstacol! O zi binecuv\u00e2ntat\u0103, dragi prieteni!&#8221;<\/em><\/p>\n","protected":false},"excerpt":{"rendered":"<p>Pre\u015fedintele OFSD Giurgiu, deputat Cristina Elena Dinu: &#8222;Acum, nici vremea \u015fi nici vremurile nu seam\u0103n\u0103 cu #prim\u0103vara pe care ne-o dorim. Dar am speran\u021ba c\u0103 soarele ne va \u00eenc\u0103lzi, cur\u00e2nd, vie\u0163ile \u015fi sufletele! Ast\u0103zi, de 1 Martie, v\u0103 doresc ca #M\u0103r\u0163i\u015forul s\u0103 v\u0103 poarte noroc, s\u0103 v\u0103 aduc\u0103 armonie, \u00eencredere c\u0103 #totul va fi bine [&hellip;]<\/p>\n","protected":false},"author":1,"featured_media":77062,"comment_status":"open","ping_status":"open","sticky":false,"template":"","format":"standard","meta":{"slim_seo":{"title":"Mesajul deputatului PSD Cristina Elena Dinu, de 1 Martie - GIURGIU NET","description":"Pre\u015fedintele OFSD Giurgiu, deputat Cristina Elena Dinu: \" Acum, nici vremea \u015fi nici vremurile nu seam\u0103n\u0103 cu #prim\u0103vara pe care ne-o dorim. Dar am speran\u021ba c\u0103 so"},"footnotes":""},"categories":[26],"tags":[1025],"class_list":{"0":"post-77061","1":"post","2":"type-post","3":"status-publish","4":"format-standard","5":"has-post-thumbnail","7":"category-soc","8":"tag-elena-dinu"},"_links":{"self":[{"href":"https:\/\/giurgiu-net.ro\/index.php\/wp-json\/wp\/v2\/posts\/77061","targetHints":{"allow":["GET"]}}],"collection":[{"href":"https:\/\/giurgiu-net.ro\/index.php\/wp-json\/wp\/v2\/posts"}],"about":[{"href":"https:\/\/giurgiu-net.ro\/index.php\/wp-json\/wp\/v2\/types\/post"}],"author":[{"embeddable":true,"href":"https:\/\/giurgiu-net.ro\/index.php\/wp-json\/wp\/v2\/users\/1"}],"replies":[{"embeddable":true,"href":"https:\/\/giurgiu-net.ro\/index.php\/wp-json\/wp\/v2\/comments?post=77061"}],"version-history":[{"count":0,"href":"https:\/\/giurgiu-net.ro\/index.php\/wp-json\/wp\/v2\/posts\/77061\/revisions"}],"wp:featuredmedia":[{"embeddable":true,"href":"https:\/\/giurgiu-net.ro\/index.php\/wp-json\/wp\/v2\/media\/77062"}],"wp:attachment":[{"href":"https:\/\/giurgiu-net.ro\/index.php\/wp-json\/wp\/v2\/media?parent=77061"}],"wp:term":[{"taxonomy":"category","embeddable":true,"href":"https:\/\/giurgiu-net.ro\/index.php\/wp-json\/wp\/v2\/categories?post=77061"},{"taxonomy":"post_tag","embeddable":true,"href":"https:\/\/giurgiu-net.ro\/index.php\/wp-json\/wp\/v2\/tags?post=77061"}],"curies":[{"name":"wp","href":"https:\/\/api.w.org\/{rel}","templated":true}]}}