{"id":77019,"date":"2022-02-25T09:58:21","date_gmt":"2022-02-25T07:58:21","guid":{"rendered":"https:\/\/giurgiu-net.ro\/?p=77019"},"modified":"2022-02-25T09:58:21","modified_gmt":"2022-02-25T07:58:21","slug":"catalin-lupu-castiga-o-prima-batalie-cu-presedintele-cj-giurgiu-pnl-istul-dumitru-beianu","status":"publish","type":"post","link":"https:\/\/giurgiu-net.ro\/index.php\/2022\/02\/25\/catalin-lupu-castiga-o-prima-batalie-cu-presedintele-cj-giurgiu-pnl-istul-dumitru-beianu\/","title":{"rendered":"C\u0103t\u0103lin Lupu c\u00e2\u015ftig\u0103 o prim\u0103 b\u0103t\u0103lie cu pre\u015fedintele CJ Giurgiu, PNL-istul Dumitru Beianu"},"content":{"rendered":"\n<p>Suspendat din func\u0163ia de director al Direc\u0163iei Generale de Asisten\u0163\u0103 Social\u0103 \u015fi Protec\u0163ia Copilului(DGASPC) Giurgiu( \u00een urma numirii \u00een func\u0163ia de consilier la cabinetul prefectului de Giurgiu \u015fi dup\u0103 ce ANFP a respins destituirea sa propus\u0103 de Dumitru Beianu), C\u0103t\u0103lin Lupu a contestat \u00een instan\u0163\u0103 raportul de evaluare a performan\u0163elor profesionale individuale, \u00eentocmit \u00een martie anul trecut, sub semn\u0103tura pre\u015fedintelui Consiliului Jude\u0163ean Giurgiu, Dumitru Beianu. <\/p>\n\n\n\n<p>Recent, instan\u0163a a admis ac\u0163iunea lui C\u0103t\u0103lin Lupu \u015fi a anulat \u201craportul\u201d respectiv.<br \/>\u201cAm contestat raportul cu pricina, \u00eentruc\u00e2t evaluarea activit\u0103\u0163ii mele profesionale fusese deja realizat\u0103 \u00eentr-o perioad\u0103 \u00een care Dumitru Beianu nu era pre\u015fedinte. Ceea ce s-a \u00eent\u00e2mplat cu Beianu a fost o simpl\u0103 discu\u0163ie, de 1 minut, \u00een care mi-a spus c\u0103, av\u00e2nd \u00een vedere c\u0103 am \u00eenceput colaborarea prost, \u00eemi va acorda o not\u0103 mic\u0103 la evaluarea men\u0163ionat\u0103. Deci, n-a fost, de fapt, nicio evaluare a activit\u0103\u0163ii mele pe parcursul anului 2020. Un an at\u00e2t de greu pentru toat\u0103 lumea, inclusiv pentru jude\u0163ul Giurgiu. Cu toate acestea, \u00een ceea ce prive\u015fte DGASPC Giurgiu, am fost pe ultimul loc la num\u0103rul de infect\u0103ri \u015fi nu am avut nicio persoan\u0103 decedat\u0103 din cauza COVID. \u00cen plus, \u00een mandatul meu, am asigurat hran\u0103, medicamente \u015fi toate materialele necesare combaterii efectelor pandemiei. \u00cens\u0103, pentru pre\u015fedintele Beianu nu a contat nimic din toate acestea, ci, a\u015fa cum a declarat, a contat doar c\u0103 a noastr\u0103 colaborare n-a \u00eenceput bine \u015fi, desigur, dac\u0103 nu e\u015fti omul lui de \u00eencredere, cum a \u015fi zis, iei, iat\u0103, note mici la ni\u015fte evalu\u0103ri ad-hoc\u201d, ne-a declarat C\u0103t\u0103lin Lupu.<br \/>Decizia instan\u0163ei poate fi atacat\u0103 cu recurs, \u00een termen de 15 zile. Vom reveni cu am\u0103nunte.<\/p>\n","protected":false},"excerpt":{"rendered":"<p>Suspendat din func\u0163ia de director al Direc\u0163iei Generale de Asisten\u0163\u0103 Social\u0103 \u015fi Protec\u0163ia Copilului(DGASPC) Giurgiu( \u00een urma numirii \u00een func\u0163ia de consilier la cabinetul prefectului de Giurgiu \u015fi dup\u0103 ce ANFP a respins destituirea sa propus\u0103 de Dumitru Beianu), C\u0103t\u0103lin Lupu a contestat \u00een instan\u0163\u0103 raportul de evaluare a performan\u0163elor profesionale individuale, \u00eentocmit \u00een martie [&hellip;]<\/p>\n","protected":false},"author":1,"featured_media":77020,"comment_status":"open","ping_status":"open","sticky":false,"template":"","format":"standard","meta":{"slim_seo":{"title":"C\u0103t\u0103lin Lupu c\u00e2\u015ftig\u0103 o prim\u0103 b\u0103t\u0103lie cu pre\u015fedintele CJ Giurgiu, PNL-istul Dumitru Beianu - GIURGIU NET","description":"Suspendat din func\u0163ia de director al Direc\u0163iei Generale de Asisten\u0163\u0103 Social\u0103 \u015fi Protec\u0163ia Copilului(DGASPC) Giurgiu( \u00een urma numirii \u00een func\u0163ia de consilier la"},"footnotes":""},"categories":[18,26,28],"tags":[544,892,1004],"class_list":{"0":"post-77019","1":"post","2":"type-post","3":"status-publish","4":"format-standard","5":"has-post-thumbnail","7":"category-actual","8":"category-soc","9":"category-uo","10":"tag-catalin-lupu","11":"tag-dgaspc-giurgiu","12":"tag-dumitru-beianu"},"_links":{"self":[{"href":"https:\/\/giurgiu-net.ro\/index.php\/wp-json\/wp\/v2\/posts\/77019","targetHints":{"allow":["GET"]}}],"collection":[{"href":"https:\/\/giurgiu-net.ro\/index.php\/wp-json\/wp\/v2\/posts"}],"about":[{"href":"https:\/\/giurgiu-net.ro\/index.php\/wp-json\/wp\/v2\/types\/post"}],"author":[{"embeddable":true,"href":"https:\/\/giurgiu-net.ro\/index.php\/wp-json\/wp\/v2\/users\/1"}],"replies":[{"embeddable":true,"href":"https:\/\/giurgiu-net.ro\/index.php\/wp-json\/wp\/v2\/comments?post=77019"}],"version-history":[{"count":0,"href":"https:\/\/giurgiu-net.ro\/index.php\/wp-json\/wp\/v2\/posts\/77019\/revisions"}],"wp:featuredmedia":[{"embeddable":true,"href":"https:\/\/giurgiu-net.ro\/index.php\/wp-json\/wp\/v2\/media\/77020"}],"wp:attachment":[{"href":"https:\/\/giurgiu-net.ro\/index.php\/wp-json\/wp\/v2\/media?parent=77019"}],"wp:term":[{"taxonomy":"category","embeddable":true,"href":"https:\/\/giurgiu-net.ro\/index.php\/wp-json\/wp\/v2\/categories?post=77019"},{"taxonomy":"post_tag","embeddable":true,"href":"https:\/\/giurgiu-net.ro\/index.php\/wp-json\/wp\/v2\/tags?post=77019"}],"curies":[{"name":"wp","href":"https:\/\/api.w.org\/{rel}","templated":true}]}}